{"id":44830,"date":"2026-07-16T07:57:34","date_gmt":"2026-07-16T05:57:34","guid":{"rendered":"https:\/\/www.lintelligentdabidjan.info\/news\/?p=44830"},"modified":"2026-07-16T07:58:00","modified_gmt":"2026-07-16T05:58:00","slug":"korhogol-anp-annonce-linvestiture-de-sa-coordination-regionale-du-poro-le-25-juillet","status":"publish","type":"post","link":"https:\/\/www.lintelligentdabidjan.info\/news\/korhogol-anp-annonce-linvestiture-de-sa-coordination-regionale-du-poro-le-25-juillet\/","title":{"rendered":"Korhogo:L &#8216;ANP annonce l&#8217;investiture de sa coordination r\u00e9gionale du Poro le 25 juillet"},"content":{"rendered":"<p><strong>En pr\u00e9lude \u00e0 l&#8217;investiture de sa coordination r\u00e9gionale du Poro, l&#8217;Alliance Nationale pour la Patrie (ANP) a d\u00e9voil\u00e9 les grandes lignes de l&#8217;\u00e9v\u00e9nement lors d&#8217;une conf\u00e9rence de presse anim\u00e9e, mardi 14 juillet 2026 \u00e0 Korhogo, par le secr\u00e9taire g\u00e9n\u00e9ral de l&#8217;ANP-Poro et pr\u00e9sident du comit\u00e9 d&#8217;organisation, Dokati\u00e9n\u00e9 Zoumana Silu\u00e9 .<\/strong><\/p>\n<p>Pr\u00e9vue le 25 juillet 2026 au Centre culturel Womiegnon de Korhogo, la c\u00e9r\u00e9monie se d\u00e9roulera autour du th\u00e8me : \u00ab Jeunesse, politique et avenir d\u00e9mocratique : d\u00e9fis et opportunit\u00e9s dans le Poro \u00bb.<\/p>\n<p>Selon Dokati\u00e9n\u00e9 Zoumana Silu\u00e9, cette investiture marquera l&#8217;installation officielle de la coordination r\u00e9gionale de l&#8217;ANP dans le Poro. Elle vise \u00e9galement \u00e0 renforcer l&#8217;implantation du mouvement, mobiliser les militants et pr\u00e9senter sa vision politique aux populations.<\/p>\n<p>\u00ab Notre ambition est de b\u00e2tir une C\u00f4te d&#8217;Ivoire r\u00e9concili\u00e9e, d\u00e9mocratique et prosp\u00e8re, fond\u00e9e sur des institutions fortes, le respect de l&#8217;\u00c9tat de droit, la transparence et une gouvernance responsable \u00bb, a-t-il d\u00e9clar\u00e9.<\/p>\n<p>Le pr\u00e9sident du comit\u00e9 d&#8217;organisation a annonc\u00e9 la participation de plusieurs personnalit\u00e9s politiques, administratives, coutumi\u00e8res et religieuses, ainsi que de repr\u00e9sentants de la jeunesse, des femmes et de la soci\u00e9t\u00e9 civile. Parmi les invit\u00e9s figurent notamment Ti\u00e9ba Tuo, maire de Karakoro, Ziob\u00e9ieton Y\u00e9o, pr\u00e9sident du C.U.T., Fononna Cheick Ahmed Coulibaly, d\u00e9put\u00e9 de Siempurgo et Kass\u00e9r\u00e9, et Silu\u00e9 Donafoligui, conseiller municipal de Napi\u00e9.<\/p>\n<p>Pr\u00e9sent\u00e9e comme la premi\u00e8re investiture de l&#8217;ANP organis\u00e9e \u00e0 l&#8217;int\u00e9rieur du pays, cette rencontre est consid\u00e9r\u00e9e par ses initiateurs comme une \u00e9tape importante dans le d\u00e9veloppement du parti. Dokati\u00e9n\u00e9 Zoumana Silu\u00e9 a lanc\u00e9 un appel \u00e0 une forte mobilisation des populations du Poro afin de faire de cette c\u00e9r\u00e9monie un moment de rassemblement, de dialogue et de promotion des valeurs de paix, de bonne gouvernance et de d\u00e9veloppement.<\/p>\n<p><strong>Nambac\u00e9r\u00e9 Jo\u00ebl\u00a0<\/strong><\/p>\n<p>&nbsp;<\/p>\n<p>AFRIKIPRESSE.COM<br \/>\n<a href=\"https:\/\/afrikipresse.com\/lintelligentpdf\/U8MPZxTA6UcM5XT9Q9G3\" target=\"_blank\" rel=\"noopener\">https:\/\/afrikipresse.com\/lintelligentpdf\/U8MPZxTA6UcM5XT9Q9G3<\/a><br \/>\nPAYMALLCI.COM<br \/>\n<a href=\"https:\/\/paymallci.com\/go\/NG38\" target=\"_blank\" rel=\"noopener\">https:\/\/paymallci.com\/go\/NG38<\/a><br \/>\nPRESSECOTEDIVOIRE.FR<br \/>\n<a href=\"https:\/\/www.pressecotedivoire.fr\/titrologie\/all\" target=\"_blank\" rel=\"noopener\">https:\/\/www.pressecotedivoire.fr\/titrologie\/all<\/a><br \/>\nABIDJAN.NET<br \/>\n<a href=\"https:\/\/news.abidjan.net\/titrologie\" target=\"_blank\" rel=\"noopener\">https:\/\/news.abidjan.net\/titrologie<\/a><\/p>\n<p>&nbsp;<\/p>\n<p>&nbsp;<\/p>\n<p>&nbsp;<\/p>\n","protected":false},"excerpt":{"rendered":"<p>En pr\u00e9lude \u00e0 l&#8217;investiture de sa coordination r\u00e9gionale du Poro, l&#8217;Alliance Nationale pour la Patrie (ANP) a d\u00e9voil\u00e9 les grandes lignes de l&#8217;\u00e9v\u00e9nement lors d&#8217;une conf\u00e9rence de presse anim\u00e9e, mardi 14 juillet 2026 \u00e0 Korhogo, par le secr\u00e9taire g\u00e9n\u00e9ral de l&#8217;ANP-Poro et pr\u00e9sident du comit\u00e9 d&#8217;organisation, Dokati\u00e9n\u00e9 Zoumana Silu\u00e9 . Pr\u00e9vue le 25 juillet 2026 [&hellip;]<\/p>\n","protected":false},"author":4,"featured_media":44831,"comment_status":"open","ping_status":"closed","sticky":false,"template":"","format":"standard","meta":{"footnotes":""},"categories":[2,3],"tags":[8565,326,8563,8564],"class_list":["post-44830","post","type-post","status-publish","format-standard","has-post-thumbnail","hentry","category-featured","category-societe","tag-coordination-regionale-du-poro","tag-korhogo","tag-l-anp","tag-linvestiture"],"_links":{"self":[{"href":"https:\/\/www.lintelligentdabidjan.info\/news\/wp-json\/wp\/v2\/posts\/44830","targetHints":{"allow":["GET"]}}],"collection":[{"href":"https:\/\/www.lintelligentdabidjan.info\/news\/wp-json\/wp\/v2\/posts"}],"about":[{"href":"https:\/\/www.lintelligentdabidjan.info\/news\/wp-json\/wp\/v2\/types\/post"}],"author":[{"embeddable":true,"href":"https:\/\/www.lintelligentdabidjan.info\/news\/wp-json\/wp\/v2\/users\/4"}],"replies":[{"embeddable":true,"href":"https:\/\/www.lintelligentdabidjan.info\/news\/wp-json\/wp\/v2\/comments?post=44830"}],"version-history":[{"count":1,"href":"https:\/\/www.lintelligentdabidjan.info\/news\/wp-json\/wp\/v2\/posts\/44830\/revisions"}],"predecessor-version":[{"id":44832,"href":"https:\/\/www.lintelligentdabidjan.info\/news\/wp-json\/wp\/v2\/posts\/44830\/revisions\/44832"}],"wp:featuredmedia":[{"embeddable":true,"href":"https:\/\/www.lintelligentdabidjan.info\/news\/wp-json\/wp\/v2\/media\/44831"}],"wp:attachment":[{"href":"https:\/\/www.lintelligentdabidjan.info\/news\/wp-json\/wp\/v2\/media?parent=44830"}],"wp:term":[{"taxonomy":"category","embeddable":true,"href":"https:\/\/www.lintelligentdabidjan.info\/news\/wp-json\/wp\/v2\/categories?post=44830"},{"taxonomy":"post_tag","embeddable":true,"href":"https:\/\/www.lintelligentdabidjan.info\/news\/wp-json\/wp\/v2\/tags?post=44830"}],"curies":[{"name":"wp","href":"https:\/\/api.w.org\/{rel}","templated":true}]}}