{"id":44865,"date":"2026-07-20T07:42:46","date_gmt":"2026-07-20T05:42:46","guid":{"rendered":"https:\/\/www.lintelligentdabidjan.info\/news\/?p=44865"},"modified":"2026-07-20T07:42:51","modified_gmt":"2026-07-20T05:42:51","slug":"coupe-du-monde-2026-records-daffluence-gianni-infantino-savoure-un-mondial-historique","status":"publish","type":"post","link":"https:\/\/www.lintelligentdabidjan.info\/news\/coupe-du-monde-2026-records-daffluence-gianni-infantino-savoure-un-mondial-historique\/","title":{"rendered":"Coupe du monde 2026 &#8211; Records d\u2019affluence:     Gianni Infantino savoure un mondial historique"},"content":{"rendered":"<p><strong>Le pr\u00e9sident de la FIFA, Gianni Infantino, a dress\u00e9 un bilan \u00e9logieux de la Coupe du Monde 2026. Lors d\u2019une r\u00e9ception organis\u00e9e le vendredi 17 juillet\u00a0 2026 \u00e0 la Trump Tower, \u00e0 New York, le patron du football mondial a estim\u00e9 que cette \u00e9dition avait d\u00e9pass\u00e9 toutes les attentes, tant sur le plan sportif que populaire.<\/strong><\/p>\n<p>Devant plusieurs membres du Conseil de la FIFA, des repr\u00e9sentants des associations membres et de nombreuses l\u00e9gendes du football, Gianni Infantino n\u2019a pas cach\u00e9 sa satisfaction quant au d\u00e9roulement de cette 23e \u00e9dition de la Coupe du monde. \u00ab Cette Coupe du Monde a d\u00e9pass\u00e9 toutes les attentes \u00bb, a-t-il d\u00e9clar\u00e9, avant de qualifier la comp\u00e9tition de \u00ab plus grande Coupe du Monde de tous les temps \u00bb.<\/p>\n<p><strong>Des chiffres records<\/strong><\/p>\n<p>Pour le pr\u00e9sident de la FIFA, le succ\u00e8s de cette \u00e9dition d\u00e9passe le cadre sportif. \u00ab Ce n\u2019est pas seulement la plus grande Coupe du Monde de tous les temps. C\u2019est \u00e9galement le plus grand \u00e9v\u00e9nement humain, social et culturel que le monde ait jamais connu \u00bb, a-t-il affirm\u00e9. Il a remerci\u00e9\u00a0 au passage le pr\u00e9sident am\u00e9ricain Donald Trump pour l\u2019implication des \u00c9tats-Unis dans l\u2019organisation de la comp\u00e9tition. Les chiffres avanc\u00e9s par la FIFA t\u00e9moignent de l\u2019ampleur de l\u2019\u00e9v\u00e9nement. Avant m\u00eame la finale pr\u00e9vue\u00a0 du dimanche 19 juillet 2026\u00a0 au stade de New York-New Jersey, la comp\u00e9tition a enregistr\u00e9 une affluence totale de 6 665 825 spectateurs dans les stades. Un record historique qui efface largement les pr\u00e9c\u00e9dentes r\u00e9f\u00e9rences. \u00c0 titre de comparaison, les Coupes du monde 2018 en Russie et 2022 au Qatar avaient totalis\u00e9 ensemble 6 436 020 spectateurs, tandis que le pr\u00e9c\u00e9dent record individuel appartenait au Mondial 1994 organis\u00e9 aux \u00c9tats-Unis avec 3 587 538 spectateurs. La moyenne de fr\u00e9quentation atteint 65 351 spectateurs par rencontre, avec un taux de remplissage de 99,7 %, un niveau jamais observ\u00e9 dans l\u2019histoire de la comp\u00e9tition.<\/p>\n<p><strong>\u00ab Le monde a d\u00e9j\u00e0 gagn\u00e9 \u00bb<\/strong><\/p>\n<p>Au-del\u00e0 des records, Gianni Infantino a surtout insist\u00e9 sur l\u2019h\u00e9ritage laiss\u00e9 par cette Coupe du monde. \u00c0 quelques heures du duel entre l\u2019Argentine de Lionel Messi et l\u2019Espagne de Lamine Yamal, le pr\u00e9sident de la FIFA estime que le tournoi a d\u00e9j\u00e0 atteint son objectif principal \u00e0 savoir rapprocher les peuples \u00e0 travers le football. \u00ab Un pays sera sacr\u00e9 champion du monde, mais le monde a d\u00e9j\u00e0 gagn\u00e9, l\u2019Am\u00e9rique a gagn\u00e9, la FIFA a gagn\u00e9 \u00bb, a-t-il d\u00e9clar\u00e9. Avant de conclure : \u00ab Unir le monde comme nous l\u2019avons fait cet \u00e9t\u00e9 et faire vivre des moments inoubliables \u00e0 des milliards de personnes est un accomplissement que nous ch\u00e9rirons \u00e0 jamais. \u00bb Pr\u00e9sent lors de la r\u00e9ception, le pr\u00e9sident des \u00c9tats-Unis a lui aussi salu\u00e9 le succ\u00e8s du tournoi. \u00ab Il s\u2019agit de l\u2019\u00e9v\u00e9nement sportif le plus grandiose, s\u00fbrement dans toute l\u2019histoire mondiale \u00bb, a d\u00e9clar\u00e9 Donald Trump.<\/p>\n<p>Le locataire de la Maison-Blanche a insist\u00e9 sur l\u2019impact mondial de cette \u00e9dition marqu\u00e9e par le passage de 32 \u00e0 48 \u00e9quipes participantes. \u00ab C\u2019est une comp\u00e9tition sans pr\u00e9c\u00e9dent, pleine de sensations et de moments inoubliables. On peut vraiment dire qu\u2019elle a uni le monde entier \u00bb, a-t-il affirm\u00e9.\u00a0 Selon les estimations pr\u00e9sent\u00e9es lors de cette rencontre, pr\u00e8s de sept millions de personnes ont assist\u00e9 aux matchs dans les stades, tandis que dix millions d\u2019autres ont particip\u00e9 aux festivit\u00e9s dans les villes h\u00f4tes des \u00c9tats-Unis, du Canada et du Mexique. Donald Trump a \u00e9galement \u00e9voqu\u00e9 une audience t\u00e9l\u00e9vis\u00e9e mondiale qui pourrait atteindre six milliards de t\u00e9l\u00e9spectateurs \u00e0 l\u2019issue de la finale.<\/p>\n<p>&nbsp;<\/p>\n<p><strong>Ange Kouadio \u00e0 New-Jersey aux \u00c9tats-Unis<\/strong><\/p>\n<p>&nbsp;<\/p>\n<p>&nbsp;<\/p>\n","protected":false},"excerpt":{"rendered":"<p>Le pr\u00e9sident de la FIFA, Gianni Infantino, a dress\u00e9 un bilan \u00e9logieux de la Coupe du Monde 2026. Lors d\u2019une r\u00e9ception organis\u00e9e le vendredi 17 juillet\u00a0 2026 \u00e0 la Trump Tower, \u00e0 New York, le patron du football mondial a estim\u00e9 que cette \u00e9dition avait d\u00e9pass\u00e9 toutes les attentes, tant sur le plan sportif que [&hellip;]<\/p>\n","protected":false},"author":4,"featured_media":44866,"comment_status":"open","ping_status":"closed","sticky":false,"template":"","format":"standard","meta":{"footnotes":""},"categories":[2,23],"tags":[8363,984,8583,8582],"class_list":["post-44865","post","type-post","status-publish","format-standard","has-post-thumbnail","hentry","category-featured","category-sport","tag-coupe-du-monde-2026","tag-gianni-infantino","tag-mondial-historique","tag-records-daffluence"],"_links":{"self":[{"href":"https:\/\/www.lintelligentdabidjan.info\/news\/wp-json\/wp\/v2\/posts\/44865","targetHints":{"allow":["GET"]}}],"collection":[{"href":"https:\/\/www.lintelligentdabidjan.info\/news\/wp-json\/wp\/v2\/posts"}],"about":[{"href":"https:\/\/www.lintelligentdabidjan.info\/news\/wp-json\/wp\/v2\/types\/post"}],"author":[{"embeddable":true,"href":"https:\/\/www.lintelligentdabidjan.info\/news\/wp-json\/wp\/v2\/users\/4"}],"replies":[{"embeddable":true,"href":"https:\/\/www.lintelligentdabidjan.info\/news\/wp-json\/wp\/v2\/comments?post=44865"}],"version-history":[{"count":1,"href":"https:\/\/www.lintelligentdabidjan.info\/news\/wp-json\/wp\/v2\/posts\/44865\/revisions"}],"predecessor-version":[{"id":44867,"href":"https:\/\/www.lintelligentdabidjan.info\/news\/wp-json\/wp\/v2\/posts\/44865\/revisions\/44867"}],"wp:featuredmedia":[{"embeddable":true,"href":"https:\/\/www.lintelligentdabidjan.info\/news\/wp-json\/wp\/v2\/media\/44866"}],"wp:attachment":[{"href":"https:\/\/www.lintelligentdabidjan.info\/news\/wp-json\/wp\/v2\/media?parent=44865"}],"wp:term":[{"taxonomy":"category","embeddable":true,"href":"https:\/\/www.lintelligentdabidjan.info\/news\/wp-json\/wp\/v2\/categories?post=44865"},{"taxonomy":"post_tag","embeddable":true,"href":"https:\/\/www.lintelligentdabidjan.info\/news\/wp-json\/wp\/v2\/tags?post=44865"}],"curies":[{"name":"wp","href":"https:\/\/api.w.org\/{rel}","templated":true}]}}