{"id":44900,"date":"2026-07-22T09:08:13","date_gmt":"2026-07-22T07:08:13","guid":{"rendered":"https:\/\/www.lintelligentdabidjan.info\/news\/?p=44900"},"modified":"2026-07-22T09:09:52","modified_gmt":"2026-07-22T07:09:52","slug":"haut-sassandra-luj-rhdp-renforce-les-capacites-de-ses-jeunes-militants","status":"publish","type":"post","link":"https:\/\/www.lintelligentdabidjan.info\/news\/haut-sassandra-luj-rhdp-renforce-les-capacites-de-ses-jeunes-militants\/","title":{"rendered":"\u00a0Haut-Sassandra:\u00a0L\u2019UJ-RHDP renforce les capacit\u00e9s de ses jeunes militants\u00a0\u00a0"},"content":{"rendered":"<p><strong>L\u2019Union des Jeunes du Rassemblement des Houphou\u00ebtistes pour la D\u00e9mocratie et la Paix (UJ-RHDP) a organis\u00e9, le dimanche 19 juillet 2026 au Centre culturel de Daloa, un s\u00e9minaire r\u00e9gional de formation r\u00e9unissant des jeunes militants issus des 16 d\u00e9partements politiques du Haut-Sassandra. Cette initiative vise \u00e0 renforcer leurs comp\u00e9tences et \u00e0 pr\u00e9parer une rel\u00e8ve politique mieux outill\u00e9e.<\/strong><\/p>\n<p>\u00c0 l\u2019ouverture des travaux, le pr\u00e9sident national de l\u2019UJ-RHDP et coordonnateur r\u00e9gional de la jeunesse du Haut-Sassandra, Kon\u00e9 Mamadou, a insist\u00e9 sur le r\u00f4le central de la formation dans la construction d\u2019un leadership durable. \u00ab Si nous voulons que les jeunes d\u2019aujourd\u2019hui deviennent les dirigeants de demain, nous devons investir dans leur formation \u00bb, a-t-il d\u00e9clar\u00e9, invitant les participants \u00e0 partager les connaissances acquises dans leurs localit\u00e9s.<\/p>\n<p>Les \u00e9changes ont port\u00e9 sur plusieurs th\u00e9matiques, notamment les id\u00e9ologies politiques, avec un accent sur le lib\u00e9ralisme, l\u2019histoire et le fonctionnement du RHDP, ainsi que le financement des projets de jeunesse, la gestion associative et le leadership organisationnel.<\/p>\n<p>Repr\u00e9sentant le ministre Mamadou Tour\u00e9, coordonnateur r\u00e9gional principal du RHDP, le v\u00e9n\u00e9rable Kon\u00e9 Boubacar a salu\u00e9 cette initiative, estimant qu\u2019une jeunesse bien form\u00e9e est indispensable \u00e0 la p\u00e9rennit\u00e9 de l\u2019action politique. \u00ab Prendre le pouvoir est une chose, le conserver en est une autre. Pour transmettre le flambeau, il faut des jeunes pr\u00e9par\u00e9s \u00e0 assumer les responsabilit\u00e9s \u00bb, a-t-il affirm\u00e9.<\/p>\n<p>La rencontre s\u2019est d\u00e9roul\u00e9e en pr\u00e9sence du maire d\u2019Issia, Fany Karim, et du d\u00e9put\u00e9 Fanny Mamadou, t\u00e9moignant de l\u2019int\u00e9r\u00eat accord\u00e9 \u00e0 la formation des jeunes militants.<\/p>\n<p>\u00c0 l\u2019issue du s\u00e9minaire, les organisateurs ont annonc\u00e9 la tenue de nouvelles sessions sp\u00e9cialis\u00e9es afin de poursuivre le renforcement des capacit\u00e9s de la jeunesse du RHDP dans le Haut-Sassandra.<\/p>\n<p><strong>Beker Yao<\/strong><\/p>\n<p>AFRIKIPRESSE<br \/>\n<a href=\"https:\/\/afrikipresse.com\/lintelligentpdf\/c5NA5CZIB8APU7xo6ESf\" target=\"_blank\" rel=\"noopener\">https:\/\/afrikipresse.com\/lintelligentpdf\/c5NA5CZIB8APU7xo6ESf<\/a><\/p>\n<p>PAYMALLCI<br \/>\n<a href=\"https:\/\/paymallci.com\/go\/GZR3\" target=\"_blank\" rel=\"noopener\">https:\/\/paymallci.com\/go\/GZR3<\/a><\/p>\n<p>PRESSECOTEDIVOIRE<br \/>\n<a href=\"https:\/\/www.pressecotedivoire.fr\/titrologie\/all\" target=\"_blank\" rel=\"noopener\">https:\/\/www.pressecotedivoire.fr\/titrologie\/all<\/a><\/p>\n<p>ABIDJANNET<br \/>\n<a href=\"https:\/\/news.abidjan.net\/titrologie\" target=\"_blank\" rel=\"noopener\">https:\/\/news.abidjan.net\/titrologie<\/a><\/p>\n","protected":false},"excerpt":{"rendered":"<p>L\u2019Union des Jeunes du Rassemblement des Houphou\u00ebtistes pour la D\u00e9mocratie et la Paix (UJ-RHDP) a organis\u00e9, le dimanche 19 juillet 2026 au Centre culturel de Daloa, un s\u00e9minaire r\u00e9gional de formation r\u00e9unissant des jeunes militants issus des 16 d\u00e9partements politiques du Haut-Sassandra. Cette initiative vise \u00e0 renforcer leurs comp\u00e9tences et \u00e0 pr\u00e9parer une rel\u00e8ve politique [&hellip;]<\/p>\n","protected":false},"author":4,"featured_media":44901,"comment_status":"open","ping_status":"closed","sticky":false,"template":"","format":"standard","meta":{"footnotes":""},"categories":[2,17],"tags":[1799,1972,8607,5557],"class_list":["post-44900","post","type-post","status-publish","format-standard","has-post-thumbnail","hentry","category-featured","category-politique","tag-capacites","tag-haut-sassandra","tag-jeunes-militants","tag-luj-rhdp"],"_links":{"self":[{"href":"https:\/\/www.lintelligentdabidjan.info\/news\/wp-json\/wp\/v2\/posts\/44900","targetHints":{"allow":["GET"]}}],"collection":[{"href":"https:\/\/www.lintelligentdabidjan.info\/news\/wp-json\/wp\/v2\/posts"}],"about":[{"href":"https:\/\/www.lintelligentdabidjan.info\/news\/wp-json\/wp\/v2\/types\/post"}],"author":[{"embeddable":true,"href":"https:\/\/www.lintelligentdabidjan.info\/news\/wp-json\/wp\/v2\/users\/4"}],"replies":[{"embeddable":true,"href":"https:\/\/www.lintelligentdabidjan.info\/news\/wp-json\/wp\/v2\/comments?post=44900"}],"version-history":[{"count":3,"href":"https:\/\/www.lintelligentdabidjan.info\/news\/wp-json\/wp\/v2\/posts\/44900\/revisions"}],"predecessor-version":[{"id":44904,"href":"https:\/\/www.lintelligentdabidjan.info\/news\/wp-json\/wp\/v2\/posts\/44900\/revisions\/44904"}],"wp:featuredmedia":[{"embeddable":true,"href":"https:\/\/www.lintelligentdabidjan.info\/news\/wp-json\/wp\/v2\/media\/44901"}],"wp:attachment":[{"href":"https:\/\/www.lintelligentdabidjan.info\/news\/wp-json\/wp\/v2\/media?parent=44900"}],"wp:term":[{"taxonomy":"category","embeddable":true,"href":"https:\/\/www.lintelligentdabidjan.info\/news\/wp-json\/wp\/v2\/categories?post=44900"},{"taxonomy":"post_tag","embeddable":true,"href":"https:\/\/www.lintelligentdabidjan.info\/news\/wp-json\/wp\/v2\/tags?post=44900"}],"curies":[{"name":"wp","href":"https:\/\/api.w.org\/{rel}","templated":true}]}}