{"id":45504,"date":"2026-08-31T07:28:03","date_gmt":"2026-08-31T05:28:03","guid":{"rendered":"https:\/\/www.lintelligentdabidjan.info\/news\/?p=45504"},"modified":"2026-08-31T07:29:24","modified_gmt":"2026-08-31T05:29:24","slug":"aka-nguessankro-la-jeunesse-fixe-le-cap-sur-leducation-et-lemploi","status":"publish","type":"post","link":"https:\/\/www.lintelligentdabidjan.info\/news\/aka-nguessankro-la-jeunesse-fixe-le-cap-sur-leducation-et-lemploi\/","title":{"rendered":"\u00a0Aka N\u2019Guessankro:  La jeunesse fixe le cap sur l\u2019\u00e9ducation et l\u2019emploi"},"content":{"rendered":"<p><strong>La 2\u00e8 \u00e9dition d\u2019Aka Issankl\u00f4 F\u00eah s\u2019est achev\u00e9e le samedi 29 ao\u00fbt 2026, \u00e0 Aka N\u2019Guessankro, dans la sous-pr\u00e9fecture de Pakouabo, apr\u00e8s plusieurs semaines d\u2019activit\u00e9s sportives et socioculturelles. Organis\u00e9 du 18 juillet au 29 ao\u00fbt 2026, l\u2019\u00e9v\u00e9nement a mobilis\u00e9 la jeunesse autour du football, du handball, de concours culinaires, de th\u00e9\u00e2tre, de sketchs et de jeux de culture g\u00e9n\u00e9rale.<\/strong><\/p>\n<p>La finale du tournoi de football a vu l\u2019\u00e9quipe en vert s\u2019imposer 3-0 face \u00e0 l\u2019\u00e9quipe en rouge, devant une population fortement mobilis\u00e9e.<\/p>\n<p>Pour Z\u00e9r\u00e9 Konan Asukodo, pr\u00e9sident de la jeunesse, cette \u00e9dition marque le retour d\u2019une dynamique communautaire apr\u00e8s cinq ann\u00e9es sans grandes activit\u00e9s. \u00ab Nous avons voulu rassembler les filles et les fils du village autour d\u2019un objectif commun : le d\u00e9veloppement de notre localit\u00e9 \u00bb, a-t-il expliqu\u00e9.<\/p>\n<p>Au-del\u00e0 des festivit\u00e9s, le responsable entend d\u00e9sormais faire de l\u2019\u00e9ducation, de la formation et de l\u2019insertion professionnelle, les priorit\u00e9s de son mandat. Sensibilisation au retour \u00e0 l\u2019\u00e9cole, accompagnement des \u00e9l\u00e8ves et promotion de l\u2019entrepreneuriat figurent parmi les actions annonc\u00e9es. \u00ab Une jeunesse sans \u00e9ducation est une jeunesse qui va \u00e0 la perdition \u00bb, a-t-il rappel\u00e9.<\/p>\n<p>La chefferie traditionnelle a salu\u00e9 cette initiative. Son secr\u00e9taire, Koffi Kouakou Joseph, a encourag\u00e9 les jeunes \u00e0 pr\u00e9server cette dynamique tout en les invitant \u00e0 se d\u00e9tourner des comportements \u00e0 risque.<\/p>\n<p>Parrain de l\u2019\u00e9v\u00e9nement, Kouadio Koffi Guy, directeur g\u00e9n\u00e9ral d\u2019une entreprise de la place, s\u2019est f\u00e9licit\u00e9 du climat de paix ayant entour\u00e9 les activit\u00e9s et a r\u00e9affirm\u00e9 son engagement \u00e0 accompagner les initiatives de la jeunesse.<\/p>\n<p>Avec cette deuxi\u00e8me \u00e9dition r\u00e9ussie, Aka Issankl\u00f4 F\u00eah s\u2019impose comme un rendez-vous f\u00e9d\u00e9rateur, au service de la coh\u00e9sion sociale, de l\u2019\u00e9panouissement des jeunes et du d\u00e9veloppement d\u2019Aka N\u2019Guessankro.<\/p>\n<p><strong>Beker Yao<\/strong><\/p>\n<p>AFRIKIPRESSE<br \/>\n<a href=\"https:\/\/afrikipresse.com\/lintelligentpdf\/jm3gPbjmyWHy9kk4qrKA\" target=\"_blank\" rel=\"noopener\">https:\/\/afrikipresse.com\/lintelligentpdf\/jm3gPbjmyWHy9kk4qrKA<\/a><\/p>\n<p>PAYMALLCI<br \/>\n<a href=\"https:\/\/paymallci.com\/go\/6Y48\" target=\"_blank\" rel=\"noopener\">https:\/\/paymallci.com\/go\/6Y48<\/a><\/p>\n<p>PRESSECOTEDIVOIRE<br \/>\n<a href=\"https:\/\/www.pressecotedivoire.fr\/titrologie\/all\" target=\"_blank\" rel=\"noopener\">https:\/\/www.pressecotedivoire.fr\/titrologie\/all<\/a><\/p>\n<p>ABIDJANNET<br \/>\n<a href=\"https:\/\/news.abidjan.net\/titrologie\" target=\"_blank\" rel=\"noopener\">https:\/\/news.abidjan.net\/titrologie<\/a><\/p>\n<p>&nbsp;<\/p>\n<p>&nbsp;<\/p>\n","protected":false},"excerpt":{"rendered":"<p>La 2\u00e8 \u00e9dition d\u2019Aka Issankl\u00f4 F\u00eah s\u2019est achev\u00e9e le samedi 29 ao\u00fbt 2026, \u00e0 Aka N\u2019Guessankro, dans la sous-pr\u00e9fecture de Pakouabo, apr\u00e8s plusieurs semaines d\u2019activit\u00e9s sportives et socioculturelles. Organis\u00e9 du 18 juillet au 29 ao\u00fbt 2026, l\u2019\u00e9v\u00e9nement a mobilis\u00e9 la jeunesse autour du football, du handball, de concours culinaires, de th\u00e9\u00e2tre, de sketchs et de [&hellip;]<\/p>\n","protected":false},"author":4,"featured_media":45505,"comment_status":"open","ping_status":"closed","sticky":false,"template":"","format":"standard","meta":{"footnotes":""},"categories":[2,3],"tags":[8914,8916,5516,8915],"class_list":["post-45504","post","type-post","status-publish","format-standard","has-post-thumbnail","hentry","category-featured","category-societe","tag-aka-nguessankro","tag-leducation-et-lemploi","tag-la-jeunesse","tag-le-cap"],"_links":{"self":[{"href":"https:\/\/www.lintelligentdabidjan.info\/news\/wp-json\/wp\/v2\/posts\/45504","targetHints":{"allow":["GET"]}}],"collection":[{"href":"https:\/\/www.lintelligentdabidjan.info\/news\/wp-json\/wp\/v2\/posts"}],"about":[{"href":"https:\/\/www.lintelligentdabidjan.info\/news\/wp-json\/wp\/v2\/types\/post"}],"author":[{"embeddable":true,"href":"https:\/\/www.lintelligentdabidjan.info\/news\/wp-json\/wp\/v2\/users\/4"}],"replies":[{"embeddable":true,"href":"https:\/\/www.lintelligentdabidjan.info\/news\/wp-json\/wp\/v2\/comments?post=45504"}],"version-history":[{"count":1,"href":"https:\/\/www.lintelligentdabidjan.info\/news\/wp-json\/wp\/v2\/posts\/45504\/revisions"}],"predecessor-version":[{"id":45506,"href":"https:\/\/www.lintelligentdabidjan.info\/news\/wp-json\/wp\/v2\/posts\/45504\/revisions\/45506"}],"wp:featuredmedia":[{"embeddable":true,"href":"https:\/\/www.lintelligentdabidjan.info\/news\/wp-json\/wp\/v2\/media\/45505"}],"wp:attachment":[{"href":"https:\/\/www.lintelligentdabidjan.info\/news\/wp-json\/wp\/v2\/media?parent=45504"}],"wp:term":[{"taxonomy":"category","embeddable":true,"href":"https:\/\/www.lintelligentdabidjan.info\/news\/wp-json\/wp\/v2\/categories?post=45504"},{"taxonomy":"post_tag","embeddable":true,"href":"https:\/\/www.lintelligentdabidjan.info\/news\/wp-json\/wp\/v2\/tags?post=45504"}],"curies":[{"name":"wp","href":"https:\/\/api.w.org\/{rel}","templated":true}]}}