{"id":45518,"date":"2026-09-01T07:35:06","date_gmt":"2026-09-01T05:35:06","guid":{"rendered":"https:\/\/www.lintelligentdabidjan.info\/news\/?p=45518"},"modified":"2026-09-01T07:35:40","modified_gmt":"2026-09-01T05:35:40","slug":"bafing-les-cadres-et-elus-repondent-a-lappel-a-la-cohesion-lance-par-tbo","status":"publish","type":"post","link":"https:\/\/www.lintelligentdabidjan.info\/news\/bafing-les-cadres-et-elus-repondent-a-lappel-a-la-cohesion-lance-par-tbo\/","title":{"rendered":"Bafing : les cadres et \u00e9lus r\u00e9pondent \u00e0 l\u2019appel \u00e0 la coh\u00e9sion lanc\u00e9 par TBO"},"content":{"rendered":"<p><strong>Les principaux cadres et \u00e9lus du Bafing ont r\u00e9pondu pr\u00e9sents, le dimanche 30 ao\u00fbt 2026, \u00e0 Toranou, dans la sous-pr\u00e9fecture de Booko, d\u00e9partement de Koro, \u00e0 l\u2019occasion de la finale du tournoi TBO, plac\u00e9 sous le haut patronage de T\u00e9n\u00e9 Birahima Ouattara, Vice-Premier ministre, ministre de la D\u00e9fense, affectueusement appel\u00e9 TBO.<\/strong><\/p>\n<p>Repr\u00e9sent\u00e9 par le pr\u00e9sident du groupe parlementaire RHDP au S\u00e9nat, le v\u00e9n\u00e9rable Traor\u00e9 Bamoudien, par ailleurs premier vice-pr\u00e9sident du Conseil r\u00e9gional du Tchologo, TBO a ainsi \u00e9t\u00e9 au c\u0153ur d\u2019une forte mobilisation autour de la jeunesse, du football et de la coh\u00e9sion r\u00e9gionale.<\/p>\n<p>Autour du parrain, Youssouf Fadiga, directeur g\u00e9n\u00e9ral de la Banque nationale d\u2019investissement (BNI) et premier adjoint au maire de Touba, les ministres Mamadou Sanogo, Moussa Sanogo et Abou Bamba, co-patrons de la c\u00e9r\u00e9monie, ainsi que des d\u00e9put\u00e9s, s\u00e9nateurs, maires et autres hauts cadres de la r\u00e9gion, ont pris part \u00e0 cette grande rencontre. Toranou a ainsi \u00e9t\u00e9, le temps d\u2019un week-end, la capitale du Bafing.<\/p>\n<p>Au stade municipal de Toranou, les diff\u00e9rentes composantes de la r\u00e9gion ont fait bloc autour d\u2019un m\u00eame message : la paix, l\u2019unit\u00e9 et le rassemblement. Cette mobilisation s\u2019inscrit dans le prolongement de l\u2019appel lanc\u00e9 par TBO, le 9 mai 2026, \u00e0 la Place ADO de Touba.<\/p>\n<p>Devant les cadres et les populations du Bafing, TBO avait invit\u00e9 chacun \u00e0 privil\u00e9gier l\u2019unit\u00e9, le dialogue et le rassemblement afin de favoriser le d\u00e9veloppement de la r\u00e9gion. Il avait notamment appel\u00e9 les fils et filles du Bafing \u00e0 d\u00e9passer les divergences et les ambitions personnelles pour faire pr\u00e9valoir l\u2019int\u00e9r\u00eat g\u00e9n\u00e9ral. \u00ab L\u2019essentiel, c\u2019est le d\u00e9veloppement du Bafing et le bien-\u00eatre des populations \u00bb, avait-il d\u00e9clar\u00e9.<\/p>\n<p>Son adresse avait \u00e9galement port\u00e9 sur les avanc\u00e9es enregistr\u00e9es dans la r\u00e9gion au cours des quinze derni\u00e8res ann\u00e9es, notamment en mati\u00e8re d\u2019infrastructures routi\u00e8res, d\u2019acc\u00e8s \u00e0 l\u2019eau potable et \u00e0 l\u2019\u00e9lectricit\u00e9, ainsi que dans les secteurs de l\u2019\u00e9ducation et de la sant\u00e9. TBO avait assur\u00e9 que les pr\u00e9occupations exprim\u00e9es par les autorit\u00e9s locales seraient prises en compte dans le Programme national de d\u00e9veloppement 2026-2030.<\/p>\n<p>Quatre mois plus tard, cet appel \u00e0 la coh\u00e9sion a trouv\u00e9 une nouvelle expression \u00e0 Toranou. Organis\u00e9 par la Mutuelle de d\u00e9veloppement \u00e9conomique et social de Toranou (MUDESTO), le tournoi TBO a r\u00e9uni 20 \u00e9quipes autour du football, avec pour mot d\u2019ordre : \u00ab Ensemble, cultivons l\u2019amiti\u00e9 \u00e0 travers le sport \u00bb.<\/p>\n<p>La finale a oppos\u00e9 Toranou \u00e0 Yenk\u00e9r\u00e9. Au terme de la confrontation, l\u2019\u00e9quipe locale s\u2019est impos\u00e9e et a d\u00e9croch\u00e9 le troph\u00e9e de champion.<\/p>\n<p>Parrain de l\u2019initiative, Youssouf Fadiga a exhort\u00e9 la jeunesse \u00e0 s\u2019approprier les valeurs port\u00e9es par TBO, notamment le travail, la discipline, l\u2019efficacit\u00e9 dans la discr\u00e9tion et la culture du r\u00e9sultat.<\/p>\n<p>La mobilisation enregistr\u00e9e \u00e0 Toranou a \u00e9galement constitu\u00e9 un moment d\u2019hommage au Pr\u00e9sident Alassane Ouattara et de reconnaissance \u00e0 TBO pour son engagement en faveur de la coh\u00e9sion entre les fils et filles du Bafing.<\/p>\n<p>Du 9 mai 2026 \u00e0 Touba au 30 ao\u00fbt 2026 \u00e0 Toranou, le message est rest\u00e9 le m\u00eame, faire pr\u00e9valoir l\u2019int\u00e9r\u00eat collectif, pr\u00e9server l\u2019entente et \u0153uvrer au d\u00e9veloppement du Bafing. Durant ce week-end, Toranou aura ainsi offert une nouvelle illustration d\u2019une r\u00e9gion rassembl\u00e9e autour de la paix, de la coh\u00e9sion, de la jeunesse et du sport.<\/p>\n<p><strong>Mamadou Ouattara avec Ly Abdul<\/strong><\/p>\n<p>AFRIKIPRESSE<\/p>\n<p><a href=\"https:\/\/afrikipresse.com\/lintelligentpdf\/sG4BJ2M2ZuwzChTPfYg3\">https:\/\/afrikipresse.com\/lintelligentpdf\/sG4BJ2M2ZuwzChTPfYg3<\/a><\/p>\n<p>&nbsp;<\/p>\n<p>PAYMALLCI<\/p>\n<p><a href=\"https:\/\/paymallci.com\/go\/2X4G\">https:\/\/paymallci.com\/go\/2X4G<\/a><\/p>\n<p>&nbsp;<\/p>\n<p>PRESSECOTEDIVOIRE<\/p>\n<p><a href=\"https:\/\/www.pressecotedivoire.fr\/titrologie\/all\">https:\/\/www.pressecotedivoire.fr\/titrologie\/all<\/a><\/p>\n<p>&nbsp;<\/p>\n<p>ABIDJANNET<\/p>\n<p><a href=\"https:\/\/news.abidjan.net\/titrologie\">https:\/\/news.abidjan.net\/titrologie<\/a><\/p>\n<p>&nbsp;<\/p>\n","protected":false},"excerpt":{"rendered":"<p>Les principaux cadres et \u00e9lus du Bafing ont r\u00e9pondu pr\u00e9sents, le dimanche 30 ao\u00fbt 2026, \u00e0 Toranou, dans la sous-pr\u00e9fecture de Booko, d\u00e9partement de Koro, \u00e0 l\u2019occasion de la finale du tournoi TBO, plac\u00e9 sous le haut patronage de T\u00e9n\u00e9 Birahima Ouattara, Vice-Premier ministre, ministre de la D\u00e9fense, affectueusement appel\u00e9 TBO. Repr\u00e9sent\u00e9 par le pr\u00e9sident [&hellip;]<\/p>\n","protected":false},"author":4,"featured_media":45519,"comment_status":"open","ping_status":"closed","sticky":false,"template":"","format":"standard","meta":{"footnotes":""},"categories":[2,3],"tags":[8924,8926,5272,7846,8925,6746],"class_list":["post-45518","post","type-post","status-publish","format-standard","has-post-thumbnail","hentry","category-featured","category-societe","tag-bafing","tag-elus","tag-lappel","tag-la-cohesion","tag-les-cadres","tag-tbo"],"_links":{"self":[{"href":"https:\/\/www.lintelligentdabidjan.info\/news\/wp-json\/wp\/v2\/posts\/45518","targetHints":{"allow":["GET"]}}],"collection":[{"href":"https:\/\/www.lintelligentdabidjan.info\/news\/wp-json\/wp\/v2\/posts"}],"about":[{"href":"https:\/\/www.lintelligentdabidjan.info\/news\/wp-json\/wp\/v2\/types\/post"}],"author":[{"embeddable":true,"href":"https:\/\/www.lintelligentdabidjan.info\/news\/wp-json\/wp\/v2\/users\/4"}],"replies":[{"embeddable":true,"href":"https:\/\/www.lintelligentdabidjan.info\/news\/wp-json\/wp\/v2\/comments?post=45518"}],"version-history":[{"count":1,"href":"https:\/\/www.lintelligentdabidjan.info\/news\/wp-json\/wp\/v2\/posts\/45518\/revisions"}],"predecessor-version":[{"id":45520,"href":"https:\/\/www.lintelligentdabidjan.info\/news\/wp-json\/wp\/v2\/posts\/45518\/revisions\/45520"}],"wp:featuredmedia":[{"embeddable":true,"href":"https:\/\/www.lintelligentdabidjan.info\/news\/wp-json\/wp\/v2\/media\/45519"}],"wp:attachment":[{"href":"https:\/\/www.lintelligentdabidjan.info\/news\/wp-json\/wp\/v2\/media?parent=45518"}],"wp:term":[{"taxonomy":"category","embeddable":true,"href":"https:\/\/www.lintelligentdabidjan.info\/news\/wp-json\/wp\/v2\/categories?post=45518"},{"taxonomy":"post_tag","embeddable":true,"href":"https:\/\/www.lintelligentdabidjan.info\/news\/wp-json\/wp\/v2\/tags?post=45518"}],"curies":[{"name":"wp","href":"https:\/\/api.w.org\/{rel}","templated":true}]}}