{"id":45524,"date":"2026-09-01T07:44:04","date_gmt":"2026-09-01T05:44:04","guid":{"rendered":"https:\/\/www.lintelligentdabidjan.info\/news\/?p=45524"},"modified":"2026-09-01T07:45:03","modified_gmt":"2026-09-01T05:45:03","slug":"investissement-feminin-le-guif-se-concretise","status":"publish","type":"post","link":"https:\/\/www.lintelligentdabidjan.info\/news\/investissement-feminin-le-guif-se-concretise\/","title":{"rendered":"\u00a0Investissement f\u00e9minin : le GUIF se concr\u00e9tise"},"content":{"rendered":"<p><strong>Le Centre de Promotion des Investissements en C\u00f4te d\u2019Ivoire (CEPICI) et ses partenaires poursuivent les travaux en vue de l\u2019op\u00e9rationnalisation du Guichet Investir au F\u00e9minin (GUIF). Un atelier de partage des enseignements issus des benchmarks r\u00e9alis\u00e9s dans le cadre de la mise en place de ce dispositif s\u2019est tenu, jeudi 27 ao\u00fbt 2026, \u00e0 la salle Mercure de la Conf\u00e9d\u00e9ration G\u00e9n\u00e9rale des Entreprises de C\u00f4te d\u2019Ivoire (CGECI) \u00e0 Abidjan.<\/strong><\/p>\n<p>Organis\u00e9e par le Women Investment Club C\u00f4te d\u2019Ivoire (WIC CI), la rencontre a r\u00e9uni plusieurs acteurs de l\u2019\u00e9cosyst\u00e8me entrepreneurial et financier. Elle a permis de pr\u00e9senter les principales conclusions des \u00e9tudes consacr\u00e9es aux meilleures pratiques nationales et internationales en mati\u00e8re d\u2019investissement, d\u2019accompagnement des entreprises et de promotion de l\u2019entrepreneuriat f\u00e9minin.<\/p>\n<p>Les travaux ont port\u00e9 sur le cadre juridique et r\u00e9glementaire applicable, ainsi que sur les r\u00e9sultats des consultations men\u00e9es aupr\u00e8s des institutions publiques, \u00e9tablissements financiers, organisations professionnelles et structures d\u2019accompagnement.<\/p>\n<p>Repr\u00e9sentant la Directrice G\u00e9n\u00e9rale du CEPICI, Solange Amichia, la Directrice G\u00e9n\u00e9rale Adjointe, Carole Versteeg, a pr\u00e9sid\u00e9 la c\u00e9r\u00e9monie d\u2019ouverture. Elle a insist\u00e9 sur l\u2019importance strat\u00e9gique du GUIF pour renforcer l\u2019investissement port\u00e9 par les femmes et lever les obstacles li\u00e9s notamment \u00e0 l\u2019acc\u00e8s au financement, \u00e0 la structuration et au d\u00e9veloppement des entreprises f\u00e9minines.<\/p>\n<p>\u00ab La promotion de l\u2019investissement au f\u00e9minin n\u2019est pas seulement une question d\u2019\u00e9quit\u00e9 ; elle constitue un v\u00e9ritable levier de d\u00e9veloppement \u00e9conomique, d\u2019innovation et de transformation structurelle de notre pays \u00bb, a-t-elle dit.<\/p>\n<p>Les participants ont ensuite examin\u00e9 les conclusions des benchmarks institutionnel et international r\u00e9alis\u00e9s par Ga\u00efa Intelligence Africa, ainsi que l\u2019\u00e9tude juridique conduite par le cabinet Coumbassa &amp; Sanden Conseil.<\/p>\n<p>Les recommandations issues de l\u2019atelier serviront de base aux prochaines \u00e9tapes de l\u2019op\u00e9rationnalisation du GUIF, appel\u00e9 \u00e0 devenir un levier durable de promotion de l\u2019investissement f\u00e9minin et de cr\u00e9ation de valeur en C\u00f4te d\u2019Ivoire.<\/p>\n<p><strong>Mamadou Ouattara avec Ly Abdul\u00a0<\/strong><\/p>\n<p>AFRIKIPRESSE<\/p>\n<p><a href=\"https:\/\/afrikipresse.com\/lintelligentpdf\/sG4BJ2M2ZuwzChTPfYg3\">https:\/\/afrikipresse.com\/lintelligentpdf\/sG4BJ2M2ZuwzChTPfYg3<\/a><\/p>\n<p>&nbsp;<\/p>\n<p>PAYMALLCI<\/p>\n<p><a href=\"https:\/\/paymallci.com\/go\/2X4G\">https:\/\/paymallci.com\/go\/2X4G<\/a><\/p>\n<p>&nbsp;<\/p>\n<p>PRESSECOTEDIVOIRE<\/p>\n<p><a href=\"https:\/\/www.pressecotedivoire.fr\/titrologie\/all\">https:\/\/www.pressecotedivoire.fr\/titrologie\/all<\/a><\/p>\n<p>&nbsp;<\/p>\n<p>ABIDJANNET<\/p>\n<p><a href=\"https:\/\/news.abidjan.net\/titrologie\">https:\/\/news.abidjan.net\/titrologie<\/a><\/p>\n<p>&nbsp;<\/p>\n<p>&nbsp;<\/p>\n","protected":false},"excerpt":{"rendered":"<p>Le Centre de Promotion des Investissements en C\u00f4te d\u2019Ivoire (CEPICI) et ses partenaires poursuivent les travaux en vue de l\u2019op\u00e9rationnalisation du Guichet Investir au F\u00e9minin (GUIF). Un atelier de partage des enseignements issus des benchmarks r\u00e9alis\u00e9s dans le cadre de la mise en place de ce dispositif s\u2019est tenu, jeudi 27 ao\u00fbt 2026, \u00e0 la [&hellip;]<\/p>\n","protected":false},"author":4,"featured_media":45525,"comment_status":"open","ping_status":"closed","sticky":false,"template":"","format":"standard","meta":{"footnotes":""},"categories":[2,18],"tags":[2426,8927,8928],"class_list":["post-45524","post","type-post","status-publish","format-standard","has-post-thumbnail","hentry","category-featured","category-economie","tag-concretise","tag-investissement-feminin","tag-le-guif"],"_links":{"self":[{"href":"https:\/\/www.lintelligentdabidjan.info\/news\/wp-json\/wp\/v2\/posts\/45524","targetHints":{"allow":["GET"]}}],"collection":[{"href":"https:\/\/www.lintelligentdabidjan.info\/news\/wp-json\/wp\/v2\/posts"}],"about":[{"href":"https:\/\/www.lintelligentdabidjan.info\/news\/wp-json\/wp\/v2\/types\/post"}],"author":[{"embeddable":true,"href":"https:\/\/www.lintelligentdabidjan.info\/news\/wp-json\/wp\/v2\/users\/4"}],"replies":[{"embeddable":true,"href":"https:\/\/www.lintelligentdabidjan.info\/news\/wp-json\/wp\/v2\/comments?post=45524"}],"version-history":[{"count":1,"href":"https:\/\/www.lintelligentdabidjan.info\/news\/wp-json\/wp\/v2\/posts\/45524\/revisions"}],"predecessor-version":[{"id":45526,"href":"https:\/\/www.lintelligentdabidjan.info\/news\/wp-json\/wp\/v2\/posts\/45524\/revisions\/45526"}],"wp:featuredmedia":[{"embeddable":true,"href":"https:\/\/www.lintelligentdabidjan.info\/news\/wp-json\/wp\/v2\/media\/45525"}],"wp:attachment":[{"href":"https:\/\/www.lintelligentdabidjan.info\/news\/wp-json\/wp\/v2\/media?parent=45524"}],"wp:term":[{"taxonomy":"category","embeddable":true,"href":"https:\/\/www.lintelligentdabidjan.info\/news\/wp-json\/wp\/v2\/categories?post=45524"},{"taxonomy":"post_tag","embeddable":true,"href":"https:\/\/www.lintelligentdabidjan.info\/news\/wp-json\/wp\/v2\/tags?post=45524"}],"curies":[{"name":"wp","href":"https:\/\/api.w.org\/{rel}","templated":true}]}}