{"id":45527,"date":"2026-09-01T07:50:24","date_gmt":"2026-09-01T05:50:24","guid":{"rendered":"https:\/\/www.lintelligentdabidjan.info\/news\/?p=45527"},"modified":"2026-09-01T07:50:35","modified_gmt":"2026-09-01T05:50:35","slug":"jeunesse-rurale-la-fenopjerci-lance-son-operation-dauto-identification","status":"publish","type":"post","link":"https:\/\/www.lintelligentdabidjan.info\/news\/jeunesse-rurale-la-fenopjerci-lance-son-operation-dauto-identification\/","title":{"rendered":"Jeunesse rurale : la FENOPJERCI lance son op\u00e9ration d\u2019auto-identification"},"content":{"rendered":"<p><strong>La F\u00e9d\u00e9ration nationale des organisations professionnelles de la jeunesse rurale de C\u00f4te d\u2019Ivoire (FENOPJERCI) s\u2019engage dans une vaste op\u00e9ration d\u2019identification et de structuration des jeunes ruraux. La premi\u00e8re phase de son \u00ab \u00e9cosyst\u00e8me d\u2019autonomisation et de stabilisation de la jeunesse rurale \u00bb a \u00e9t\u00e9 pr\u00e9sent\u00e9e, le lundi 31 ao\u00fbt 2026, au si\u00e8ge de l\u2019ANADER, au Plateau, lors d\u2019un point de presse anim\u00e9 par son pr\u00e9sident, Dr Michel Oulai.<\/strong><\/p>\n<p>Cette phase comprend notamment l\u2019auto-identification des jeunes ruraux, le renouvellement des instances dirigeantes et la pr\u00e9paration du congr\u00e8s national ordinaire \u00e9lectif. L\u2019objectif est de constituer une base de donn\u00e9es nationale fiable afin de mieux conna\u00eetre les effectifs et les profils des jeunes ruraux et de faciliter leur acc\u00e8s aux projets et programmes qui leur sont destin\u00e9s.<\/p>\n<p>Selon Dr Michel Oulai, une application permettra prochainement aux jeunes disposant d\u2019un t\u00e9l\u00e9phone Android de s\u2019inscrire et d\u2019obtenir un code d\u2019identification unique. Le dispositif sera compl\u00e9t\u00e9 par des op\u00e9rations de terrain, notamment \u00e0 l\u2019aide d\u2019\u00e9quipements biom\u00e9triques.<\/p>\n<p>En outre, la FENOPJERCI ambitionne de faire du milieu rural un espace d\u2019opportunit\u00e9s, \u00e0 travers l\u2019acc\u00e8s aux kits de production agricole, \u00e0 la microfinance, aux assurances, aux services bancaires et \u00e0 l\u2019habitat. \u00ab Nous ne voulons plus \u00eatre chiffr\u00e9s en pourcentage, mais en nombre r\u00e9el et v\u00e9rifiable \u00bb, a dit le pr\u00e9sident de la f\u00e9d\u00e9ration.<\/p>\n<p>Le processus devrait aboutir \u00e0 un Congr\u00e8s national \u00e9lectif pr\u00e9vu dans la deuxi\u00e8me quinzaine de d\u00e9cembre 2026 ou au premier trimestre 2027. En partenariat avec l\u2019ANADER, la FENOPJERCI entend renforcer l\u2019encadrement des jeunes ruraux et leur contribution \u00e0 la souverainet\u00e9 alimentaire de la C\u00f4te d\u2019Ivoire.<\/p>\n<p>Le lancement officiel de la premi\u00e8re phase est pr\u00e9vu le 10 septembre 2026 \u00e0 10 heures, \u00e0 Toumodi.<\/p>\n<p><strong>Mamadou Ouattara avec Ly Abdul\u00a0<\/strong><\/p>\n<p>AFRIKIPRESSE<\/p>\n<p><a href=\"https:\/\/afrikipresse.com\/lintelligentpdf\/sG4BJ2M2ZuwzChTPfYg3\">https:\/\/afrikipresse.com\/lintelligentpdf\/sG4BJ2M2ZuwzChTPfYg3<\/a><\/p>\n<p>&nbsp;<\/p>\n<p>PAYMALLCI<\/p>\n<p><a href=\"https:\/\/paymallci.com\/go\/2X4G\">https:\/\/paymallci.com\/go\/2X4G<\/a><\/p>\n<p>&nbsp;<\/p>\n<p>PRESSECOTEDIVOIRE<\/p>\n<p><a href=\"https:\/\/www.pressecotedivoire.fr\/titrologie\/all\">https:\/\/www.pressecotedivoire.fr\/titrologie\/all<\/a><\/p>\n<p>&nbsp;<\/p>\n<p>ABIDJANNET<\/p>\n<p><a href=\"https:\/\/news.abidjan.net\/titrologie\">https:\/\/news.abidjan.net\/titrologie<\/a><\/p>\n<p>&nbsp;<\/p>\n<p>&nbsp;<\/p>\n<p>&nbsp;<\/p>\n<p>&nbsp;<\/p>\n","protected":false},"excerpt":{"rendered":"<p>La F\u00e9d\u00e9ration nationale des organisations professionnelles de la jeunesse rurale de C\u00f4te d\u2019Ivoire (FENOPJERCI) s\u2019engage dans une vaste op\u00e9ration d\u2019identification et de structuration des jeunes ruraux. La premi\u00e8re phase de son \u00ab \u00e9cosyst\u00e8me d\u2019autonomisation et de stabilisation de la jeunesse rurale \u00bb a \u00e9t\u00e9 pr\u00e9sent\u00e9e, le lundi 31 ao\u00fbt 2026, au si\u00e8ge de l\u2019ANADER, au [&hellip;]<\/p>\n","protected":false},"author":4,"featured_media":45528,"comment_status":"open","ping_status":"closed","sticky":false,"template":"","format":"standard","meta":{"footnotes":""},"categories":[2,3],"tags":[8931,8929,8930,2844],"class_list":["post-45527","post","type-post","status-publish","format-standard","has-post-thumbnail","hentry","category-featured","category-societe","tag-auto-identification","tag-jeunesse-rurale","tag-la-fenopjerci","tag-operation"],"_links":{"self":[{"href":"https:\/\/www.lintelligentdabidjan.info\/news\/wp-json\/wp\/v2\/posts\/45527","targetHints":{"allow":["GET"]}}],"collection":[{"href":"https:\/\/www.lintelligentdabidjan.info\/news\/wp-json\/wp\/v2\/posts"}],"about":[{"href":"https:\/\/www.lintelligentdabidjan.info\/news\/wp-json\/wp\/v2\/types\/post"}],"author":[{"embeddable":true,"href":"https:\/\/www.lintelligentdabidjan.info\/news\/wp-json\/wp\/v2\/users\/4"}],"replies":[{"embeddable":true,"href":"https:\/\/www.lintelligentdabidjan.info\/news\/wp-json\/wp\/v2\/comments?post=45527"}],"version-history":[{"count":1,"href":"https:\/\/www.lintelligentdabidjan.info\/news\/wp-json\/wp\/v2\/posts\/45527\/revisions"}],"predecessor-version":[{"id":45529,"href":"https:\/\/www.lintelligentdabidjan.info\/news\/wp-json\/wp\/v2\/posts\/45527\/revisions\/45529"}],"wp:featuredmedia":[{"embeddable":true,"href":"https:\/\/www.lintelligentdabidjan.info\/news\/wp-json\/wp\/v2\/media\/45528"}],"wp:attachment":[{"href":"https:\/\/www.lintelligentdabidjan.info\/news\/wp-json\/wp\/v2\/media?parent=45527"}],"wp:term":[{"taxonomy":"category","embeddable":true,"href":"https:\/\/www.lintelligentdabidjan.info\/news\/wp-json\/wp\/v2\/categories?post=45527"},{"taxonomy":"post_tag","embeddable":true,"href":"https:\/\/www.lintelligentdabidjan.info\/news\/wp-json\/wp\/v2\/tags?post=45527"}],"curies":[{"name":"wp","href":"https:\/\/api.w.org\/{rel}","templated":true}]}}