{"id":45530,"date":"2026-09-01T07:53:26","date_gmt":"2026-09-01T05:53:26","guid":{"rendered":"https:\/\/www.lintelligentdabidjan.info\/news\/?p=45530"},"modified":"2026-09-01T07:53:33","modified_gmt":"2026-09-01T05:53:33","slug":"lintelligent-en-pdf-de-cocody-au-cosmos-itineraire-du-premier-dg-de-lagence-spatiale-de-cote-divoire","status":"publish","type":"post","link":"https:\/\/www.lintelligentdabidjan.info\/news\/lintelligent-en-pdf-de-cocody-au-cosmos-itineraire-du-premier-dg-de-lagence-spatiale-de-cote-divoire\/","title":{"rendered":"\u00a0L&#8217;Intelligent en PDF:\u00a0De Cocody au Cosmos :   itin\u00e9raire du premier DG de l&#8217;Agence spatiale de C\u00f4te d&#8217;Ivoire ?"},"content":{"rendered":"<div><strong>Le gouvernement de C\u00f4te d\u2019Ivoire a nomm\u00e9 S.E. Dr Tidiane Ouattara au poste de Directeur G\u00e9n\u00e9ral inaugural de l\u2019Agence Spatiale de C\u00f4te d\u2019Ivoire (ASCI), l\u2019institution spatiale nationale cr\u00e9\u00e9e par d\u00e9cret du Conseil des ministres le 4 juin 2025.\u00a0<\/strong><\/div>\n<div><\/div>\n<div>Son itin\u00e9raire \u00e0 d\u00e9couvrir\u00a0 en ligne sur&#8230;<\/div>\n<div>\n<p>&nbsp;<\/p>\n<p><a href=\"https:\/\/news.abidjan.net\/titrologie\">https:\/\/news.abidjan.net\/titrologie<\/a><\/p>\n<\/div>\n<div><\/div>\n<div>\u00a0\u00c0 voir aussi\u00a0 Louren\u00e7o \u00e0 Ti\u00e9moko Meyliet Kon\u00e9 : \u201cLa C\u00f4te d\u2019Ivoire, un exemple; Anangui\u00e9 : croisade pour les enfants du cacao; 25 de Nash : la f\u00eate et la g\u00e9n\u00e9rosit\u00e9;\u00a0 300 millions Fcfa pour 60 jeunes \u00e0 Abidjan : la course lanc\u00e9e.<\/div>\n<div><\/div>\n<div>Cliquez pour les d\u00e9tails<\/div>\n<div>\n<p>&nbsp;<\/p>\n<p><a href=\"https:\/\/afrikipresse.com\/lintelligentpdf\/sG4BJ2M2ZuwzChTPfYg3\">https:\/\/afrikipresse.com\/lintelligentpdf\/sG4BJ2M2ZuwzChTPfYg3<\/a><\/p>\n<\/div>\n<div><\/div>\n<div>\u00a0\u00c0 lire \u00e9galement Terre ou Or : l\u2019alarme de Bruno Kon\u00e9 dans la Bagou\u00e9 et &#8211; Dalli et Ebou\u00e9, le maracana au service de la Nation.<\/div>\n<div>\n<p>&nbsp;<\/p>\n<p>PAYMALLCI<\/p>\n<p><a href=\"https:\/\/paymallci.com\/go\/2X4G\">https:\/\/paymallci.com\/go\/2X4G<\/a><\/p>\n<p>&nbsp;<\/p>\n<p>PRESSECOTEDIVOIRE<\/p>\n<p><a href=\"https:\/\/www.pressecotedivoire.fr\/titrologie\/all\">https:\/\/www.pressecotedivoire.fr\/titrologie\/all<\/a><\/p>\n<p>&nbsp;<\/p>\n<\/div>\n","protected":false},"excerpt":{"rendered":"<p>Le gouvernement de C\u00f4te d\u2019Ivoire a nomm\u00e9 S.E. Dr Tidiane Ouattara au poste de Directeur G\u00e9n\u00e9ral inaugural de l\u2019Agence Spatiale de C\u00f4te d\u2019Ivoire (ASCI), l\u2019institution spatiale nationale cr\u00e9\u00e9e par d\u00e9cret du Conseil des ministres le 4 juin 2025.\u00a0 Son itin\u00e9raire \u00e0 d\u00e9couvrir\u00a0 en ligne sur&#8230; &nbsp; https:\/\/news.abidjan.net\/titrologie \u00a0\u00c0 voir aussi\u00a0 Louren\u00e7o \u00e0 Ti\u00e9moko Meyliet Kon\u00e9 [&hellip;]<\/p>\n","protected":false},"author":4,"featured_media":45531,"comment_status":"open","ping_status":"closed","sticky":false,"template":"","format":"standard","meta":{"footnotes":""},"categories":[2,3],"tags":[],"class_list":["post-45530","post","type-post","status-publish","format-standard","has-post-thumbnail","hentry","category-featured","category-societe"],"_links":{"self":[{"href":"https:\/\/www.lintelligentdabidjan.info\/news\/wp-json\/wp\/v2\/posts\/45530","targetHints":{"allow":["GET"]}}],"collection":[{"href":"https:\/\/www.lintelligentdabidjan.info\/news\/wp-json\/wp\/v2\/posts"}],"about":[{"href":"https:\/\/www.lintelligentdabidjan.info\/news\/wp-json\/wp\/v2\/types\/post"}],"author":[{"embeddable":true,"href":"https:\/\/www.lintelligentdabidjan.info\/news\/wp-json\/wp\/v2\/users\/4"}],"replies":[{"embeddable":true,"href":"https:\/\/www.lintelligentdabidjan.info\/news\/wp-json\/wp\/v2\/comments?post=45530"}],"version-history":[{"count":1,"href":"https:\/\/www.lintelligentdabidjan.info\/news\/wp-json\/wp\/v2\/posts\/45530\/revisions"}],"predecessor-version":[{"id":45532,"href":"https:\/\/www.lintelligentdabidjan.info\/news\/wp-json\/wp\/v2\/posts\/45530\/revisions\/45532"}],"wp:featuredmedia":[{"embeddable":true,"href":"https:\/\/www.lintelligentdabidjan.info\/news\/wp-json\/wp\/v2\/media\/45531"}],"wp:attachment":[{"href":"https:\/\/www.lintelligentdabidjan.info\/news\/wp-json\/wp\/v2\/media?parent=45530"}],"wp:term":[{"taxonomy":"category","embeddable":true,"href":"https:\/\/www.lintelligentdabidjan.info\/news\/wp-json\/wp\/v2\/categories?post=45530"},{"taxonomy":"post_tag","embeddable":true,"href":"https:\/\/www.lintelligentdabidjan.info\/news\/wp-json\/wp\/v2\/tags?post=45530"}],"curies":[{"name":"wp","href":"https:\/\/api.w.org\/{rel}","templated":true}]}}