{"id":45543,"date":"2026-09-02T06:44:09","date_gmt":"2026-09-02T04:44:09","guid":{"rendered":"https:\/\/www.lintelligentdabidjan.info\/news\/?p=45543"},"modified":"2026-09-02T06:45:22","modified_gmt":"2026-09-02T04:45:22","slug":"consolidation-du-pouvoir-detat-en-2030-ce-que-preparent-nguia-arsene-et-les-grenadiers-a-yamoussoukro","status":"publish","type":"post","link":"https:\/\/www.lintelligentdabidjan.info\/news\/consolidation-du-pouvoir-detat-en-2030-ce-que-preparent-nguia-arsene-et-les-grenadiers-a-yamoussoukro\/","title":{"rendered":"Consolidation du pouvoir d&#8217;\u00c9tat en 2030 :Ce que pr\u00e9parent N&#8217;Guia Ars\u00e8ne et les grenadiers \u00e0 Yamoussoukro"},"content":{"rendered":"<p><strong>Une soixantaine de coordonnateurs r\u00e9gionaux et plusieurs centaines de sympathisants du R\u00e9seau des Grenadiers Voltigeurs du RHDP (RGV-RHDP) prennent part, les 4 et 5 septembre 2026 \u00e0 Yamoussoukro, capitale politique ivoirienne, \u00e0 une Assembl\u00e9e g\u00e9n\u00e9rale extraordinaire (AGE). Organis\u00e9es par le Bureau ex\u00e9cutif national du mouvement, ces assises se tiennent autour du th\u00e8me : \u00ab Quelles contributions du RGV pour la consolidation du pouvoir en 2030 ? \u00bb.<\/strong><\/p>\n<p>Selon le pr\u00e9sident du RGV-RHDP, N&#8217;Guia Ars\u00e8ne Toussaint, cette rencontre vise \u00e0 mieux appr\u00e9hender le tournant de la transmission g\u00e9n\u00e9rationnelle du pouvoir d&#8217;\u00c9tat au sein du RHDP \u00e0 l&#8217;horizon 2030. Le mouvement, qui \u0153uvre depuis sa cr\u00e9ation, en d\u00e9cembre 2020,\u00a0 \u00e0 la consolidation du pouvoir du RHDP, entend ainsi se positionner en acteur majeur de cette transition annonc\u00e9e.<\/p>\n<p>Au-del\u00e0 du th\u00e8me central, les participants travailleront durant deux jours en commissions sur plusieurs sous-th\u00e8mes, notamment le positionnement strat\u00e9gique du RGV au sein du RHDP \u00e0 l&#8217;horizon 2030, ainsi que les questions d&#8217;organisation, d&#8217;implantation territoriale et de strat\u00e9gie d&#8217;influence du mouvement.<\/p>\n<p>Ces travaux seront \u00e9galement l&#8217;occasion, pour le Bureau ex\u00e9cutif national, de fixer aux coordonnateurs pr\u00e9sents des feuilles de route pr\u00e9cises, \u00e0 mettre en \u0153uvre dans les 31 r\u00e9gions et les deux districts autonomes de la C\u00f4te d&#8217;Ivoire.<\/p>\n<p><strong>Harry Diallo, depuis Yamoussoukro<\/strong><\/p>\n<p>AFRIKIPRESSE<\/p>\n<p><a href=\"https:\/\/afrikipresse.com\/lintelligentpdf\/cRan1ufvr3wjOcchJgXD\">https:\/\/afrikipresse.com\/lintelligentpdf\/cRan1ufvr3wjOcchJgXD<\/a><\/p>\n<p>&nbsp;<\/p>\n<p>PAYMALLCI<\/p>\n<p><a href=\"https:\/\/paymallci.com\/go\/Y38M\">https:\/\/paymallci.com\/go\/Y38M<\/a><\/p>\n<p>PRESSECOTEDIVOIRE<\/p>\n<p><a href=\"https:\/\/www.pressecotedivoire.fr\/titrologie\/all\">https:\/\/www.pressecotedivoire.fr\/titrologie\/all<\/a><\/p>\n<p>&nbsp;<\/p>\n<p>ABIDJANNET<\/p>\n<p><a href=\"https:\/\/news.abidjan.net\/titrologie\">https:\/\/news.abidjan.net\/titrologie<\/a><\/p>\n<p>&nbsp;<\/p>\n","protected":false},"excerpt":{"rendered":"<p>Une soixantaine de coordonnateurs r\u00e9gionaux et plusieurs centaines de sympathisants du R\u00e9seau des Grenadiers Voltigeurs du RHDP (RGV-RHDP) prennent part, les 4 et 5 septembre 2026 \u00e0 Yamoussoukro, capitale politique ivoirienne, \u00e0 une Assembl\u00e9e g\u00e9n\u00e9rale extraordinaire (AGE). Organis\u00e9es par le Bureau ex\u00e9cutif national du mouvement, ces assises se tiennent autour du th\u00e8me : \u00ab Quelles [&hellip;]<\/p>\n","protected":false},"author":4,"featured_media":45544,"comment_status":"open","ping_status":"closed","sticky":false,"template":"","format":"standard","meta":{"footnotes":""},"categories":[2,17],"tags":[8945,8946,3475,51],"class_list":["post-45543","post","type-post","status-publish","format-standard","has-post-thumbnail","hentry","category-featured","category-politique","tag-consolidation-du-pouvoir-detat-en-2030","tag-les-grenadiers","tag-nguia-arsene","tag-yamoussoukro"],"_links":{"self":[{"href":"https:\/\/www.lintelligentdabidjan.info\/news\/wp-json\/wp\/v2\/posts\/45543","targetHints":{"allow":["GET"]}}],"collection":[{"href":"https:\/\/www.lintelligentdabidjan.info\/news\/wp-json\/wp\/v2\/posts"}],"about":[{"href":"https:\/\/www.lintelligentdabidjan.info\/news\/wp-json\/wp\/v2\/types\/post"}],"author":[{"embeddable":true,"href":"https:\/\/www.lintelligentdabidjan.info\/news\/wp-json\/wp\/v2\/users\/4"}],"replies":[{"embeddable":true,"href":"https:\/\/www.lintelligentdabidjan.info\/news\/wp-json\/wp\/v2\/comments?post=45543"}],"version-history":[{"count":1,"href":"https:\/\/www.lintelligentdabidjan.info\/news\/wp-json\/wp\/v2\/posts\/45543\/revisions"}],"predecessor-version":[{"id":45545,"href":"https:\/\/www.lintelligentdabidjan.info\/news\/wp-json\/wp\/v2\/posts\/45543\/revisions\/45545"}],"wp:featuredmedia":[{"embeddable":true,"href":"https:\/\/www.lintelligentdabidjan.info\/news\/wp-json\/wp\/v2\/media\/45544"}],"wp:attachment":[{"href":"https:\/\/www.lintelligentdabidjan.info\/news\/wp-json\/wp\/v2\/media?parent=45543"}],"wp:term":[{"taxonomy":"category","embeddable":true,"href":"https:\/\/www.lintelligentdabidjan.info\/news\/wp-json\/wp\/v2\/categories?post=45543"},{"taxonomy":"post_tag","embeddable":true,"href":"https:\/\/www.lintelligentdabidjan.info\/news\/wp-json\/wp\/v2\/tags?post=45543"}],"curies":[{"name":"wp","href":"https:\/\/api.w.org\/{rel}","templated":true}]}}