{"id":45553,"date":"2026-09-03T06:43:53","date_gmt":"2026-09-03T04:43:53","guid":{"rendered":"https:\/\/www.lintelligentdabidjan.info\/news\/?p=45553"},"modified":"2026-09-03T06:44:33","modified_gmt":"2026-09-03T04:44:33","slug":"culture-et-tradition-akye-annepe-valorise-son-patrimoine-avec-le-yabe-festival","status":"publish","type":"post","link":"https:\/\/www.lintelligentdabidjan.info\/news\/culture-et-tradition-akye-annepe-valorise-son-patrimoine-avec-le-yabe-festival\/","title":{"rendered":"Culture et tradition Aky\u00e9: Ann\u00e9p\u00e9 valorise son patrimoine avec le Yab\u00e9 Festival"},"content":{"rendered":"<p><strong>La premi\u00e8re \u00e9dition du Yab\u00e9 Festival s\u2019est tenue les 21 et 22 ao\u00fbt 2026 \u00e0 Ann\u00e9p\u00e9, dans la r\u00e9gion de la M\u00e9, sous le parrainage du d\u00e9put\u00e9 de la sous-pr\u00e9fecture d\u2019Adzop\u00e9, Abel Botchi. Plac\u00e9 sous le th\u00e8me \u00ab C\u00e9l\u00e9brons notre culture \u00bb, le Yab\u00e9 Festival a r\u00e9uni jeunes, cadres et populations autochtones autour de la valorisation du patrimoine culturel Aky\u00e9.<\/strong><\/p>\n<p>Initi\u00e9e par la Mutuelle de d\u00e9veloppement de la sous-pr\u00e9fecture d\u2019Ann\u00e9p\u00e9, cette premi\u00e8re \u00e9dition a propos\u00e9 durant deux jours, un programme m\u00ealant activit\u00e9s culturelles et sportives, \u00e0 travers des matchs de football, des concours culinaires et des prestations de danses traditionnelles.<\/p>\n<p>Le Fokou\u00e9, danse traditionnelle des g\u00e9n\u00e9rations en pays Aky\u00e9, a constitu\u00e9 l\u2019un des temps forts du festival. En pr\u00e9sence du parrain et d\u2019une importante d\u00e9l\u00e9gation, la c\u00e9r\u00e9monie a \u00e9t\u00e9 marqu\u00e9e par le tour d\u2019honneur des chefs guerriers sur la grande place publique, apr\u00e8s les civilit\u00e9s rendues au chef du village.<\/p>\n<p>S\u2019exprimant au nom du pr\u00e9sident du Conseil r\u00e9gional de la M\u00e9, Patrick Achi, Abel Botchi a invit\u00e9 les jeunes \u00e0 pr\u00e9server les valeurs de paix, de tol\u00e9rance et de vivre-ensemble. Pour lui, le d\u00e9veloppement de la r\u00e9gion repose sur un climat de coh\u00e9sion sociale durable.<\/p>\n<p>Le parrain a \u00e9galement r\u00e9affirm\u00e9 l\u2019engagement du Conseil r\u00e9gional \u00e0 accompagner les actions de d\u00e9veloppement dans la M\u00e9, particuli\u00e8rement \u00e0 Ann\u00e9p\u00e9, afin d\u2019am\u00e9liorer les conditions de vie des populations.<\/p>\n<p>Des dons ont par ailleurs \u00e9t\u00e9 remis aux diff\u00e9rents acteurs ayant contribu\u00e9 \u00e0 l\u2019organisation du festival, au nom du pr\u00e9sident du Conseil r\u00e9gional de la M\u00e9.<\/p>\n<p>La premi\u00e8re \u00e9dition s\u2019est achev\u00e9e par un bal poussi\u00e8re anim\u00e9 par l\u2019orchestre GTO, dans une ambiance festive et fraternelle. Fort de ce succ\u00e8s, les organisateurs pr\u00e9parent d\u00e9j\u00e0 la deuxi\u00e8me \u00e9dition, avec l\u2019ambition de faire du Yab\u00e9 Festival un rendez-vous culturel incontournable de la r\u00e9gion de la M\u00e9.<\/p>\n<p>&nbsp;<\/p>\n<p><strong>Olivier Dion avec sercom<\/strong><\/p>\n<p>&nbsp;<\/p>\n<p>AFRIKIPRESSE<\/p>\n<p><a href=\"https:\/\/afrikipresse.com\/lintelligentpdf\/oaOvR4iLqgR0IpSXnpSk\">https:\/\/afrikipresse.com\/lintelligentpdf\/oaOvR4iLqgR0IpSXnpSk<\/a><\/p>\n<p>&nbsp;<\/p>\n<p>PAYMALLCI<\/p>\n<p><a href=\"https:\/\/paymallci.com\/go\/NG52\">https:\/\/paymallci.com\/go\/NG52<\/a><\/p>\n<p>&nbsp;<\/p>\n<p>PRESSECOTEDIVOIRE<\/p>\n<p><a href=\"https:\/\/www.pressecotedivoire.fr\/titrologie\/all\">https:\/\/www.pressecotedivoire.fr\/titrologie\/all<\/a><\/p>\n<p>&nbsp;<\/p>\n<p>ABIDJANNET<\/p>\n<p><a href=\"https:\/\/news.abidjan.net\/titrologie\">https:\/\/news.abidjan.net\/titrologie<\/a><\/p>\n<p>&nbsp;<\/p>\n<p>&nbsp;<\/p>\n<p>&nbsp;<\/p>\n","protected":false},"excerpt":{"rendered":"<p>La premi\u00e8re \u00e9dition du Yab\u00e9 Festival s\u2019est tenue les 21 et 22 ao\u00fbt 2026 \u00e0 Ann\u00e9p\u00e9, dans la r\u00e9gion de la M\u00e9, sous le parrainage du d\u00e9put\u00e9 de la sous-pr\u00e9fecture d\u2019Adzop\u00e9, Abel Botchi. Plac\u00e9 sous le th\u00e8me \u00ab C\u00e9l\u00e9brons notre culture \u00bb, le Yab\u00e9 Festival a r\u00e9uni jeunes, cadres et populations autochtones autour de la [&hellip;]<\/p>\n","protected":false},"author":4,"featured_media":45554,"comment_status":"open","ping_status":"closed","sticky":false,"template":"","format":"standard","meta":{"footnotes":""},"categories":[2,20],"tags":[8954,510,8955,8953,8956],"class_list":["post-45553","post","type-post","status-publish","format-standard","has-post-thumbnail","hentry","category-featured","category-art-et-culture","tag-annepe","tag-culture","tag-patrimoine","tag-tradition-akye","tag-yabe-festival"],"_links":{"self":[{"href":"https:\/\/www.lintelligentdabidjan.info\/news\/wp-json\/wp\/v2\/posts\/45553","targetHints":{"allow":["GET"]}}],"collection":[{"href":"https:\/\/www.lintelligentdabidjan.info\/news\/wp-json\/wp\/v2\/posts"}],"about":[{"href":"https:\/\/www.lintelligentdabidjan.info\/news\/wp-json\/wp\/v2\/types\/post"}],"author":[{"embeddable":true,"href":"https:\/\/www.lintelligentdabidjan.info\/news\/wp-json\/wp\/v2\/users\/4"}],"replies":[{"embeddable":true,"href":"https:\/\/www.lintelligentdabidjan.info\/news\/wp-json\/wp\/v2\/comments?post=45553"}],"version-history":[{"count":1,"href":"https:\/\/www.lintelligentdabidjan.info\/news\/wp-json\/wp\/v2\/posts\/45553\/revisions"}],"predecessor-version":[{"id":45555,"href":"https:\/\/www.lintelligentdabidjan.info\/news\/wp-json\/wp\/v2\/posts\/45553\/revisions\/45555"}],"wp:featuredmedia":[{"embeddable":true,"href":"https:\/\/www.lintelligentdabidjan.info\/news\/wp-json\/wp\/v2\/media\/45554"}],"wp:attachment":[{"href":"https:\/\/www.lintelligentdabidjan.info\/news\/wp-json\/wp\/v2\/media?parent=45553"}],"wp:term":[{"taxonomy":"category","embeddable":true,"href":"https:\/\/www.lintelligentdabidjan.info\/news\/wp-json\/wp\/v2\/categories?post=45553"},{"taxonomy":"post_tag","embeddable":true,"href":"https:\/\/www.lintelligentdabidjan.info\/news\/wp-json\/wp\/v2\/tags?post=45553"}],"curies":[{"name":"wp","href":"https:\/\/api.w.org\/{rel}","templated":true}]}}