{"id":45574,"date":"2026-09-03T07:16:35","date_gmt":"2026-09-03T05:16:35","guid":{"rendered":"https:\/\/www.lintelligentdabidjan.info\/news\/?p=45574"},"modified":"2026-09-03T07:17:16","modified_gmt":"2026-09-03T05:17:16","slug":"lintelligent-en-pdf-fif-malick-tohe-lache-le-morceau-le-football-ivoirien-na-pas-besoin-de","status":"publish","type":"post","link":"https:\/\/www.lintelligentdabidjan.info\/news\/lintelligent-en-pdf-fif-malick-tohe-lache-le-morceau-le-football-ivoirien-na-pas-besoin-de\/","title":{"rendered":"\u00a0L&#8217;Intelligent en PDF: FIF-Malick Toh\u00e9 l\u00e2che le morceau : \u00ab Le football ivoirien n\u2019a pas besoin de \u00bb"},"content":{"rendered":"<p dir=\"ltr\"><strong>Coordonnateur de la campagne de Yacine Idriss Diallo, Malick Toh\u00e9 a r\u00e9v\u00e9l\u00e9, le mercredi 2 septembre 2026, lors du lancement officiel de la campagne au Sofitel H\u00f4tel Ivoire, qu&#8217;il avait lui-m\u00eame envisag\u00e9 de se porter candidat \u00e0 la pr\u00e9sidence de la F\u00e9d\u00e9ration ivoirienne de football (FIF). Il explique avoir finalement choisi de s&#8217;allier au pr\u00e9sident sortant,\u00a0 pour une raison.\u00a0<\/strong><\/p>\n<p dir=\"ltr\">Article \u00e0 d\u00e9couvrir en ligne sur&#8230;<\/p>\n<p><a href=\"https:\/\/news.abidjan.net\/titrologie\">https:\/\/news.abidjan.net\/titrologie<\/a><\/p>\n<div>\u00a0\u00a0\u00c0\u00a0lire aussi FIF-Diallo sort le ch\u00e9quier et le sifflet : &#8220;En 2030, un \u00e9chec collectif si&#8221;;\u00a0 Cacao : les rois du monde veulent le rester; C\u00f4te d&#8217;Ivoire : le charbon a du plomb dans la marmite; Abidjan : le District met les jeunes au vert.<\/div>\n<p>&nbsp;<\/p>\n<p dir=\"ltr\">Cliquez pour les d\u00e9tails<\/p>\n<p><a href=\"https:\/\/afrikipresse.com\/lintelligentpdf\/oaOvR4iLqgR0IpSXnpSk\">https:\/\/afrikipresse.com\/lintelligentpdf\/oaOvR4iLqgR0IpSXnpSk<\/a><\/p>\n<div>\u00a0\u00c0\u00a0voir \u00e9galement\u00a0 Sublime C\u00f4te d\u2019Ivoire fait la samba et le riziculteur, l\u2019indice et le banquier<\/div>\n<p>&nbsp;<\/p>\n<p>PAYMALLCI<\/p>\n<p><a href=\"https:\/\/paymallci.com\/go\/NG52\">https:\/\/paymallci.com\/go\/NG52<\/a><\/p>\n<p>&nbsp;<\/p>\n<p>PRESSECOTEDIVOIRE<\/p>\n<p><a href=\"https:\/\/www.pressecotedivoire.fr\/titrologie\/all\">https:\/\/www.pressecotedivoire.fr\/titrologie\/all<\/a><\/p>\n<p>&nbsp;<\/p>\n<p>&nbsp;<\/p>\n","protected":false},"excerpt":{"rendered":"<p>Coordonnateur de la campagne de Yacine Idriss Diallo, Malick Toh\u00e9 a r\u00e9v\u00e9l\u00e9, le mercredi 2 septembre 2026, lors du lancement officiel de la campagne au Sofitel H\u00f4tel Ivoire, qu&#8217;il avait lui-m\u00eame envisag\u00e9 de se porter candidat \u00e0 la pr\u00e9sidence de la F\u00e9d\u00e9ration ivoirienne de football (FIF). Il explique avoir finalement choisi de s&#8217;allier au pr\u00e9sident [&hellip;]<\/p>\n","protected":false},"author":4,"featured_media":45575,"comment_status":"open","ping_status":"closed","sticky":false,"template":"","format":"standard","meta":{"footnotes":""},"categories":[2,3],"tags":[],"class_list":["post-45574","post","type-post","status-publish","format-standard","has-post-thumbnail","hentry","category-featured","category-societe"],"_links":{"self":[{"href":"https:\/\/www.lintelligentdabidjan.info\/news\/wp-json\/wp\/v2\/posts\/45574","targetHints":{"allow":["GET"]}}],"collection":[{"href":"https:\/\/www.lintelligentdabidjan.info\/news\/wp-json\/wp\/v2\/posts"}],"about":[{"href":"https:\/\/www.lintelligentdabidjan.info\/news\/wp-json\/wp\/v2\/types\/post"}],"author":[{"embeddable":true,"href":"https:\/\/www.lintelligentdabidjan.info\/news\/wp-json\/wp\/v2\/users\/4"}],"replies":[{"embeddable":true,"href":"https:\/\/www.lintelligentdabidjan.info\/news\/wp-json\/wp\/v2\/comments?post=45574"}],"version-history":[{"count":1,"href":"https:\/\/www.lintelligentdabidjan.info\/news\/wp-json\/wp\/v2\/posts\/45574\/revisions"}],"predecessor-version":[{"id":45576,"href":"https:\/\/www.lintelligentdabidjan.info\/news\/wp-json\/wp\/v2\/posts\/45574\/revisions\/45576"}],"wp:featuredmedia":[{"embeddable":true,"href":"https:\/\/www.lintelligentdabidjan.info\/news\/wp-json\/wp\/v2\/media\/45575"}],"wp:attachment":[{"href":"https:\/\/www.lintelligentdabidjan.info\/news\/wp-json\/wp\/v2\/media?parent=45574"}],"wp:term":[{"taxonomy":"category","embeddable":true,"href":"https:\/\/www.lintelligentdabidjan.info\/news\/wp-json\/wp\/v2\/categories?post=45574"},{"taxonomy":"post_tag","embeddable":true,"href":"https:\/\/www.lintelligentdabidjan.info\/news\/wp-json\/wp\/v2\/tags?post=45574"}],"curies":[{"name":"wp","href":"https:\/\/api.w.org\/{rel}","templated":true}]}}