{"id":45577,"date":"2026-09-03T07:20:15","date_gmt":"2026-09-03T05:20:15","guid":{"rendered":"https:\/\/www.lintelligentdabidjan.info\/news\/?p=45577"},"modified":"2026-09-03T07:23:29","modified_gmt":"2026-09-03T05:23:29","slug":"lettre-de-lia-par-wakili-alafe-lintelligent-dabidjan-23-ans-une-ambition-numerique-et-multimedia-renforcee-avec-toujours-la-magie-du-papier","status":"publish","type":"post","link":"https:\/\/www.lintelligentdabidjan.info\/news\/lettre-de-lia-par-wakili-alafe-lintelligent-dabidjan-23-ans-une-ambition-numerique-et-multimedia-renforcee-avec-toujours-la-magie-du-papier\/","title":{"rendered":"LETTRE DE L&#8217;IA-PAR WAKILI ALAF\u00c9:  L&#8217;Intelligent d&#8217;Abidjan : 23 ans, une ambition num\u00e9rique et multim\u00e9dia renforc\u00e9e avec toujours la magie du papier"},"content":{"rendered":"<p><strong>Notre journal, votre journal, a 23 ans demain, 3 septembre 2026, \u00e0 quelques jours de la 5\u1d49 \u00e9dition d&#8217;Abidjan M\u00e9dia Forum (AMF) qui a lieu le 8 septembre 2026 au Capitol H\u00f4tel. Nous avons lanc\u00e9 cet \u00e9v\u00e9nement il y a huit ans, lors des 15 ans de L&#8217;Intelligent d&#8217;Abidjan. 15 ans pour nous, c&#8217;\u00e9tait d\u00e9j\u00e0 beaucoup \u00e0 l\u2019\u00e9poque. Huit ans apr\u00e8s, nous tenons encore. 15 ans, c&#8217;\u00e9tait en 2018. Huit ans apr\u00e8s, nous sommes toujours l\u00e0 avec nos 23 ans. Et dans deux ans, nous f\u00eaterons les 25 ans. Si Allah le veut ! Si Dieu le veut !<\/strong><\/p>\n<p>Nous sommes d\u00e9j\u00e0 en train de pr\u00e9parer la 6\u1d49 \u00e9dition de l&#8217;AMF en 2027. Nous en parlerons le 8 septembre 2026. Pour les 25 ans de L&#8217;Intelligent d&#8217;Abidjan, nous voulons mettre le paquet, comme en 2018, et dix ans apr\u00e8s. Le 8 septembre 2026, nous vous donnons rendez-vous pour \u00eatre t\u00e9moin de notre r\u00e9silience. Cette \u00e9dition est la 5\u1d49, au lieu d&#8217;\u00eatre la huiti\u00e8me, car apr\u00e8s la premi\u00e8re, nous n&#8217;avons pas pu continuer imm\u00e9diatement. Il y a eu la COVID, il y a eu tout ce que vous savez. Au lieu de la 5\u1d49 \u00e9dition, nous devrions \u00eatre \u00e0 la 8\u1d49. Ce n&#8217;est pas grave : nous tenons la route quand m\u00eame, et nous avan\u00e7ons. Et nous essayons de ne plus sauter d&#8217;ann\u00e9e.<\/p>\n<p>Nous aurons l&#8217;occasion de dire merci \u00e0 qui de droit demain, dans les jours \u00e0 venir, et lors d&#8217;Abidjan M\u00e9dia Forum. En 2027, ce seront les 24 ans. Et en 2028, les 25 ans de L&#8217;Intelligent d&#8217;Abidjan. Quel chemin parcouru pour le quotidien dont vous avez r\u00eav\u00e9 ! Aujourd&#8217;hui, nous avons la webTV, les r\u00e9seaux sociaux, et surtout, nous progressons avec vous, chers fid\u00e8les lecteurs, fid\u00e8les lectrices !<\/p>\n<p>Nous travaillons pour aller plus loin, pour avancer, pour renforcer la web t\u00e9l\u00e9vision. Nous cherchons des moyens pour cr\u00e9er une v\u00e9ritable architecture num\u00e9rique, une v\u00e9ritable plateforme qui int\u00e8gre tout ce que nous faisons au niveau num\u00e9rique. Nous avons d\u00e9j\u00e0 eu des initiatives, des projets dans ce sens, m\u00eame si l&#8217;efficacit\u00e9 n&#8217;a pas toujours \u00e9t\u00e9 au rendez-vous. Nous ne nous d\u00e9courageons pas.<\/p>\n<p>L&#8217;objectif est qu&#8217;en un seul clic, en une seule application, \u00e0 travers une seule plateforme, un seul portail, tout ce que nous produisons soit int\u00e9gr\u00e9. Et \u00e0 partir de l\u00e0, nous voulons d\u00e9velopper d&#8217;autres services annexes \u00e0 partir de l&#8217;information, du papier : t\u00e9l\u00e9vision, radios, services num\u00e9riques, services financiers. Nous r\u00e9fl\u00e9chissons \u00e0 une carte de fid\u00e9lit\u00e9 pour nos lecteurs, \u00e0 des partenariats porteurs d&#8217;opportunit\u00e9s. Nous voulons d\u00e9velopper la marque L&#8217;Intelligent d&#8217;Abidjan, grandir, l&#8217;agrandir et partager ce r\u00eave de cr\u00e9er une communaut\u00e9.<\/p>\n<p>Nous y travaillons. Avec vous, nos lecteurs et lectrices, \u00e0 partir du format papier auquel nous tenons encore et toujours. Parce que le papier a encore de beaux jours devant lui. Dans un monde o\u00f9 la num\u00e9risation progresse, l&#8217;esp\u00e8ce (les billets, les pi\u00e8ces) continue d&#8217;exister et de circuler. M\u00eame les pays les plus avanc\u00e9s, qui tendent \u00e0 tout num\u00e9riser, conservent des formats physiques pour l&#8217;identit\u00e9, les \u00e9changes, les transactions. Le papier journal, c&#8217;est un peu comme l&#8217;esp\u00e8ce : il r\u00e9siste, il perdure, il a sa place.<\/p>\n<p>Nous voulons marier le meilleur du num\u00e9rique et la force du papier. Pour offrir \u00e0 nos lecteurs une exp\u00e9rience compl\u00e8te, innovante et fid\u00e8le \u00e0 notre identit\u00e9. Le chemin est long, mais nous avan\u00e7ons. Et nous vous emmenons avec nous.<\/p>\n<p>Souvent, je r\u00e9fl\u00e9chis : les exp\u00e9riences acquises des ann\u00e9es pass\u00e9es sont en principe des atouts, mais on a l&#8217;impression que dans la presse et les m\u00e9dias , dans le journalisme, plus on gagne en ann\u00e9es, en exp\u00e9rience, moins on est bon, moins on devient performant, moins comp\u00e9titif. Pourquoi n&#8217;arrivons-nous pas \u00e0 mettre \u00e0 profit les acquis, nos exp\u00e9riences, pour mieux performer, dompter et avancer ?<\/p>\n<p>Bien entendu, les grandes entreprises ont aussi des \u00e9checs et des difficult\u00e9s. Cela ne veut pas dire que leurs managers sont forc\u00e9ment incomp\u00e9tents ou que tout est totalement mauvais. \u00c0 nous de continuer \u00e0 nous r\u00e9inventer, \u00e0 nous adapter, et \u00e0 tenir les d\u00e9fis par rapport \u00e0 nos visions initiales.<\/p>\n<p>Le quotidien dont vous avez r\u00eav\u00e9 : nous avions voulu, en 2003, un journal dans lequel chacun, les Ivoiriens, se retrouvent. C&#8217;est le journal dont vous aviez r\u00eav\u00e9. Parce que vous entendez, vous lisez, vous partagez. Et nous, nous continuons \u00e0 \u00e9crire, \u00e0 innover, \u00e0 r\u00eaver.<\/p>\n<p>Merci pour votre fid\u00e9lit\u00e9. Merci pour votre confiance. Rendez-vous \u00e0 l&#8217;AMF ce 8 septembre 2026 , et en attendant les 25 ans, pour lesquels nous promettons de belles surprises.<\/p>\n<p>AFRIKIPRESSE<\/p>\n<p><a href=\"https:\/\/afrikipresse.com\/lintelligentpdf\/oaOvR4iLqgR0IpSXnpSk\">https:\/\/afrikipresse.com\/lintelligentpdf\/oaOvR4iLqgR0IpSXnpSk<\/a><\/p>\n<p>&nbsp;<\/p>\n<p>PAYMALLCI<\/p>\n<p><a href=\"https:\/\/paymallci.com\/go\/NG52\">https:\/\/paymallci.com\/go\/NG52<\/a><\/p>\n<p>&nbsp;<\/p>\n<p>PRESSECOTEDIVOIRE<\/p>\n<p><a href=\"https:\/\/www.pressecotedivoire.fr\/titrologie\/all\">https:\/\/www.pressecotedivoire.fr\/titrologie\/all<\/a><\/p>\n<p>&nbsp;<\/p>\n<p>ABIDJANNET<\/p>\n<p><a href=\"https:\/\/news.abidjan.net\/titrologie\">https:\/\/news.abidjan.net\/titrologie<\/a><\/p>\n","protected":false},"excerpt":{"rendered":"<p>Notre journal, votre journal, a 23 ans demain, 3 septembre 2026, \u00e0 quelques jours de la 5\u1d49 \u00e9dition d&#8217;Abidjan M\u00e9dia Forum (AMF) qui a lieu le 8 septembre 2026 au Capitol H\u00f4tel. Nous avons lanc\u00e9 cet \u00e9v\u00e9nement il y a huit ans, lors des 15 ans de L&#8217;Intelligent d&#8217;Abidjan. 15 ans pour nous, c&#8217;\u00e9tait d\u00e9j\u00e0 [&hellip;]<\/p>\n","protected":false},"author":4,"featured_media":45578,"comment_status":"open","ping_status":"closed","sticky":false,"template":"","format":"standard","meta":{"footnotes":""},"categories":[2,3],"tags":[],"class_list":["post-45577","post","type-post","status-publish","format-standard","has-post-thumbnail","hentry","category-featured","category-societe"],"_links":{"self":[{"href":"https:\/\/www.lintelligentdabidjan.info\/news\/wp-json\/wp\/v2\/posts\/45577","targetHints":{"allow":["GET"]}}],"collection":[{"href":"https:\/\/www.lintelligentdabidjan.info\/news\/wp-json\/wp\/v2\/posts"}],"about":[{"href":"https:\/\/www.lintelligentdabidjan.info\/news\/wp-json\/wp\/v2\/types\/post"}],"author":[{"embeddable":true,"href":"https:\/\/www.lintelligentdabidjan.info\/news\/wp-json\/wp\/v2\/users\/4"}],"replies":[{"embeddable":true,"href":"https:\/\/www.lintelligentdabidjan.info\/news\/wp-json\/wp\/v2\/comments?post=45577"}],"version-history":[{"count":3,"href":"https:\/\/www.lintelligentdabidjan.info\/news\/wp-json\/wp\/v2\/posts\/45577\/revisions"}],"predecessor-version":[{"id":45581,"href":"https:\/\/www.lintelligentdabidjan.info\/news\/wp-json\/wp\/v2\/posts\/45577\/revisions\/45581"}],"wp:featuredmedia":[{"embeddable":true,"href":"https:\/\/www.lintelligentdabidjan.info\/news\/wp-json\/wp\/v2\/media\/45578"}],"wp:attachment":[{"href":"https:\/\/www.lintelligentdabidjan.info\/news\/wp-json\/wp\/v2\/media?parent=45577"}],"wp:term":[{"taxonomy":"category","embeddable":true,"href":"https:\/\/www.lintelligentdabidjan.info\/news\/wp-json\/wp\/v2\/categories?post=45577"},{"taxonomy":"post_tag","embeddable":true,"href":"https:\/\/www.lintelligentdabidjan.info\/news\/wp-json\/wp\/v2\/tags?post=45577"}],"curies":[{"name":"wp","href":"https:\/\/api.w.org\/{rel}","templated":true}]}}