{"id":45587,"date":"2026-09-04T06:33:44","date_gmt":"2026-09-04T04:33:44","guid":{"rendered":"https:\/\/www.lintelligentdabidjan.info\/news\/?p=45587"},"modified":"2026-09-04T06:33:48","modified_gmt":"2026-09-04T04:33:48","slug":"automobile-equip-auto-lance-sa-premiere-edition-en-afrique-subsaharienne-a-abidjan","status":"publish","type":"post","link":"https:\/\/www.lintelligentdabidjan.info\/news\/automobile-equip-auto-lance-sa-premiere-edition-en-afrique-subsaharienne-a-abidjan\/","title":{"rendered":"Automobile : Equip Auto lance sa premi\u00e8re \u00e9dition en Afrique subsaharienne \u00e0 Abidjan"},"content":{"rendered":"<p><strong>Equip Auto C\u00f4te d\u2019Ivoire a \u00e9t\u00e9 officiellement lanc\u00e9 le mercredi 2 septembre 2026 \u00e0 Abidjan. La premi\u00e8re \u00e9dition de ce salon international de l\u2019automobile, des mobilit\u00e9s et des v\u00e9hicules industriels se tiendra du 26 au 28 novembre 2026 au Parc des Expositions d\u2019Abidjan.<\/strong><\/p>\n<p>Pr\u00e9sent\u00e9 lors d\u2019une conf\u00e9rence de presse au Sofitel Abidjan H\u00f4tel Ivoire, l\u2019\u00e9v\u00e9nement ambitionne de r\u00e9unir plus de 150 exposants et pr\u00e8s de 10 000 visiteurs. Il vise \u00e0 cr\u00e9er une plateforme d\u2019\u00e9changes, de partenariats et d\u2019affaires pour les acteurs de la fili\u00e8re automobile en C\u00f4te d\u2019Ivoire et dans la sous-r\u00e9gion.<\/p>\n<p>Pour Philippe Baudin, pr\u00e9sident d\u2019Equip Auto, le choix d\u2019Abidjan s\u2019explique par le positionnement strat\u00e9gique de la C\u00f4te d\u2019Ivoire, porte d\u2019entr\u00e9e vers plusieurs march\u00e9s ouest-africains.<\/p>\n<p>\u00ab Les march\u00e9s de la mobilit\u00e9 et de l\u2019automobile sont pr\u00e9sents et ont besoin d\u2019un \u00e9v\u00e9nement comme Equip Auto pour les accompagner \u00bb, a soulign\u00e9 Aur\u00e9lie Jouve, directrice op\u00e9rationnelle de l&#8217;\u00e9v\u00e9nement.<\/p>\n<p>Luc Azilinon, entrepreneur et charg\u00e9 de l&#8217;organisation de l&#8217;\u00e9v\u00e8nement, a insist\u00e9 sur la n\u00e9cessit\u00e9 d\u2019accompagner la transformation des march\u00e9s africains. Il a notamment \u00e9voqu\u00e9 le renforcement des capacit\u00e9s locales d\u2019entretien et de r\u00e9paration, la lutte contre la contrefa\u00e7on et l\u2019acc\u00e8s aux nouvelles technologies. \u00ab Nous sommes venus pour durer \u00bb, a-t-il indiqu\u00e9, annon\u00e7ant la volont\u00e9 d\u2019organiser Equip Auto C\u00f4te d\u2019Ivoire tous les deux ans, avec des rencontres d\u2019experts consacr\u00e9es aux enjeux sp\u00e9cifiques de l\u2019automobile en Afrique.<\/p>\n<p>Le salon mettra en avant l\u2019innovation \u00e0 travers un Village Exp\u00e9rience et les Equip Auto Africa Awards.<\/p>\n<p><strong>Mamadou Ouattara avec Ly Abdul<\/strong><\/p>\n<p>&nbsp;<\/p>\n<p>AFRIKIPRESSE<\/p>\n<p><a href=\"https:\/\/afrikipresse.com\/lintelligentpdf\/zi9QaotCzUzHl8E82az5\">https:\/\/afrikipresse.com\/lintelligentpdf\/zi9QaotCzUzHl8E82az5<\/a><\/p>\n<p>&nbsp;<\/p>\n<p>PAYMALLCI<\/p>\n<p><a href=\"https:\/\/paymallci.com\/go\/2X6R\">https:\/\/paymallci.com\/go\/2X6R<\/a><\/p>\n<p>&nbsp;<\/p>\n<p>PRESSECOTEDIVOIRE<\/p>\n<p><a href=\"https:\/\/www.pressecotedivoire.fr\/titrologie\/all\">https:\/\/www.pressecotedivoire.fr\/titrologie\/all<\/a><\/p>\n<p>&nbsp;<\/p>\n<p>ABIDJANNET<\/p>\n<p><a href=\"https:\/\/news.abidjan.net\/titrologie\">https:\/\/news.abidjan.net\/titrologie<\/a><\/p>\n<p>&nbsp;<\/p>\n","protected":false},"excerpt":{"rendered":"<p>Equip Auto C\u00f4te d\u2019Ivoire a \u00e9t\u00e9 officiellement lanc\u00e9 le mercredi 2 septembre 2026 \u00e0 Abidjan. La premi\u00e8re \u00e9dition de ce salon international de l\u2019automobile, des mobilit\u00e9s et des v\u00e9hicules industriels se tiendra du 26 au 28 novembre 2026 au Parc des Expositions d\u2019Abidjan. Pr\u00e9sent\u00e9 lors d\u2019une conf\u00e9rence de presse au Sofitel Abidjan H\u00f4tel Ivoire, l\u2019\u00e9v\u00e9nement [&hellip;]<\/p>\n","protected":false},"author":4,"featured_media":45588,"comment_status":"open","ping_status":"closed","sticky":false,"template":"","format":"standard","meta":{"footnotes":""},"categories":[2,3],"tags":[200,8970,3948,8969,2624],"class_list":["post-45587","post","type-post","status-publish","format-standard","has-post-thumbnail","hentry","category-featured","category-societe","tag-abidjan","tag-afrique-subsaharienne","tag-automobile","tag-equip-auto","tag-premiere-edition"],"_links":{"self":[{"href":"https:\/\/www.lintelligentdabidjan.info\/news\/wp-json\/wp\/v2\/posts\/45587","targetHints":{"allow":["GET"]}}],"collection":[{"href":"https:\/\/www.lintelligentdabidjan.info\/news\/wp-json\/wp\/v2\/posts"}],"about":[{"href":"https:\/\/www.lintelligentdabidjan.info\/news\/wp-json\/wp\/v2\/types\/post"}],"author":[{"embeddable":true,"href":"https:\/\/www.lintelligentdabidjan.info\/news\/wp-json\/wp\/v2\/users\/4"}],"replies":[{"embeddable":true,"href":"https:\/\/www.lintelligentdabidjan.info\/news\/wp-json\/wp\/v2\/comments?post=45587"}],"version-history":[{"count":1,"href":"https:\/\/www.lintelligentdabidjan.info\/news\/wp-json\/wp\/v2\/posts\/45587\/revisions"}],"predecessor-version":[{"id":45589,"href":"https:\/\/www.lintelligentdabidjan.info\/news\/wp-json\/wp\/v2\/posts\/45587\/revisions\/45589"}],"wp:featuredmedia":[{"embeddable":true,"href":"https:\/\/www.lintelligentdabidjan.info\/news\/wp-json\/wp\/v2\/media\/45588"}],"wp:attachment":[{"href":"https:\/\/www.lintelligentdabidjan.info\/news\/wp-json\/wp\/v2\/media?parent=45587"}],"wp:term":[{"taxonomy":"category","embeddable":true,"href":"https:\/\/www.lintelligentdabidjan.info\/news\/wp-json\/wp\/v2\/categories?post=45587"},{"taxonomy":"post_tag","embeddable":true,"href":"https:\/\/www.lintelligentdabidjan.info\/news\/wp-json\/wp\/v2\/tags?post=45587"}],"curies":[{"name":"wp","href":"https:\/\/api.w.org\/{rel}","templated":true}]}}