{"id":45590,"date":"2026-09-04T06:37:38","date_gmt":"2026-09-04T04:37:38","guid":{"rendered":"https:\/\/www.lintelligentdabidjan.info\/news\/?p=45590"},"modified":"2026-09-04T06:37:42","modified_gmt":"2026-09-04T04:37:42","slug":"sokala-sobara-plus-de-115-plants-de-teck-mis-en-terre-pour-promouvoir-la-protection-de-lenvironnement","status":"publish","type":"post","link":"https:\/\/www.lintelligentdabidjan.info\/news\/sokala-sobara-plus-de-115-plants-de-teck-mis-en-terre-pour-promouvoir-la-protection-de-lenvironnement\/","title":{"rendered":"Sokala-Sobara : Plus de 115 plants de teck mis en terre pour promouvoir la protection de l\u2019environnement"},"content":{"rendered":"<p><strong>La protection de l\u2019environnement a marqu\u00e9 la deuxi\u00e8me journ\u00e9e de la Semaine culturelle de l\u2019Amicale des \u00c9l\u00e8ves et \u00c9tudiants de Sokala-Sobara (AEES), mercredi 3 septembre 2026. \u00c0 travers l\u2019\u00ab Op\u00e9ration planting d\u2019arbres \u00bb, plus de 115 plants de teck ont \u00e9t\u00e9 mis en terre sur les berges du fleuve Sogbonlon, en pr\u00e9sence des autorit\u00e9s administratives et coutumi\u00e8res, des responsables des Eaux et For\u00eats et de nombreux \u00e9l\u00e8ves.<\/strong><\/p>\n<p>Parrain\u00e9e par le commandant des Eaux et For\u00eats du cantonnement de S\u00e9gu\u00e9la, Kandja Ouattara, fils de la localit\u00e9, cette initiative vise \u00e0 sensibiliser les jeunes \u00e0 la pr\u00e9servation du couvert v\u00e9g\u00e9tal et des ressources naturelles.<\/p>\n<p>\u00ab Planter un arbre, c\u2019est poser un acte de responsabilit\u00e9. C\u2019est prot\u00e9ger les sols, pr\u00e9server les berges et transmettre aux g\u00e9n\u00e9rations futures un patrimoine naturel vivant \u00bb, a soulign\u00e9 le commandant Kandja Ouattara, invitant les populations \u00e0 entretenir les plants, lutter contre les feux de brousse et pr\u00e9server les cours d\u2019eau.<\/p>\n<p>Le pr\u00e9sident de l\u2019AEES, Tuo Foungopaha Amed Guy, a expliqu\u00e9 que cette activit\u00e9 traduit l\u2019engagement des \u00e9l\u00e8ves face aux d\u00e9fis environnementaux, notamment les cons\u00e9quences de l\u2019orpaillage clandestin.<\/p>\n<p>Pr\u00e9sent \u00e0 la c\u00e9r\u00e9monie, le sous-pr\u00e9fet de Sokala-Sobara, Tch\u00e9tch\u00e9 Pac\u00f4me, a salu\u00e9 cette mobilisation citoyenne et exhort\u00e9 les populations \u00e0 multiplier les actions en faveur de la protection de l\u2019environnement, tout en renfor\u00e7ant la lutte contre l\u2019orpaillage ill\u00e9gal.<\/p>\n<p>Avant le lancement de l\u2019op\u00e9ration, le lieutenant Anoh N\u2019Gouandi Am\u00e9d\u00e9e Ez\u00e9chiel, repr\u00e9sentant le chef de cantonnement des Eaux et For\u00eats de Dabakala, a anim\u00e9 une conf\u00e9rence de sensibilisation sur les bonnes pratiques de gestion des ressources naturelles.<\/p>\n<p>\u00c0 travers cette op\u00e9ration, l\u2019AEES entend faire de la jeunesse un acteur cl\u00e9 de la pr\u00e9servation de l\u2019environnement et du d\u00e9veloppement durable \u00e0 Sokala-Sobara.<\/p>\n<p>&nbsp;<\/p>\n<p><strong>Nambac\u00e9r\u00e9 Jo\u00ebl\u00a0<\/strong><\/p>\n<p>AFRIKIPRESSE<\/p>\n<p><a href=\"https:\/\/afrikipresse.com\/lintelligentpdf\/zi9QaotCzUzHl8E82az5\">https:\/\/afrikipresse.com\/lintelligentpdf\/zi9QaotCzUzHl8E82az5<\/a><\/p>\n<p>&nbsp;<\/p>\n<p>PAYMALLCI<\/p>\n<p><a href=\"https:\/\/paymallci.com\/go\/2X6R\">https:\/\/paymallci.com\/go\/2X6R<\/a><\/p>\n<p>&nbsp;<\/p>\n<p>PRESSECOTEDIVOIRE<\/p>\n<p><a href=\"https:\/\/www.pressecotedivoire.fr\/titrologie\/all\">https:\/\/www.pressecotedivoire.fr\/titrologie\/all<\/a><\/p>\n<p>&nbsp;<\/p>\n<p>ABIDJANNET<\/p>\n<p><a href=\"https:\/\/news.abidjan.net\/titrologie\">https:\/\/news.abidjan.net\/titrologie<\/a><\/p>\n<p>&nbsp;<\/p>\n<p>&nbsp;<\/p>\n<p>&nbsp;<\/p>\n<p>&nbsp;<\/p>\n","protected":false},"excerpt":{"rendered":"<p>La protection de l\u2019environnement a marqu\u00e9 la deuxi\u00e8me journ\u00e9e de la Semaine culturelle de l\u2019Amicale des \u00c9l\u00e8ves et \u00c9tudiants de Sokala-Sobara (AEES), mercredi 3 septembre 2026. \u00c0 travers l\u2019\u00ab Op\u00e9ration planting d\u2019arbres \u00bb, plus de 115 plants de teck ont \u00e9t\u00e9 mis en terre sur les berges du fleuve Sogbonlon, en pr\u00e9sence des autorit\u00e9s administratives [&hellip;]<\/p>\n","protected":false},"author":4,"featured_media":45591,"comment_status":"open","ping_status":"closed","sticky":false,"template":"","format":"standard","meta":{"footnotes":""},"categories":[2,18],"tags":[8972,8971,7983,2211],"class_list":["post-45590","post","type-post","status-publish","format-standard","has-post-thumbnail","hentry","category-featured","category-economie","tag-la-protection-de-lenvironnement","tag-plants-de-teck","tag-sokala-sobara","tag-terre"],"_links":{"self":[{"href":"https:\/\/www.lintelligentdabidjan.info\/news\/wp-json\/wp\/v2\/posts\/45590","targetHints":{"allow":["GET"]}}],"collection":[{"href":"https:\/\/www.lintelligentdabidjan.info\/news\/wp-json\/wp\/v2\/posts"}],"about":[{"href":"https:\/\/www.lintelligentdabidjan.info\/news\/wp-json\/wp\/v2\/types\/post"}],"author":[{"embeddable":true,"href":"https:\/\/www.lintelligentdabidjan.info\/news\/wp-json\/wp\/v2\/users\/4"}],"replies":[{"embeddable":true,"href":"https:\/\/www.lintelligentdabidjan.info\/news\/wp-json\/wp\/v2\/comments?post=45590"}],"version-history":[{"count":1,"href":"https:\/\/www.lintelligentdabidjan.info\/news\/wp-json\/wp\/v2\/posts\/45590\/revisions"}],"predecessor-version":[{"id":45592,"href":"https:\/\/www.lintelligentdabidjan.info\/news\/wp-json\/wp\/v2\/posts\/45590\/revisions\/45592"}],"wp:featuredmedia":[{"embeddable":true,"href":"https:\/\/www.lintelligentdabidjan.info\/news\/wp-json\/wp\/v2\/media\/45591"}],"wp:attachment":[{"href":"https:\/\/www.lintelligentdabidjan.info\/news\/wp-json\/wp\/v2\/media?parent=45590"}],"wp:term":[{"taxonomy":"category","embeddable":true,"href":"https:\/\/www.lintelligentdabidjan.info\/news\/wp-json\/wp\/v2\/categories?post=45590"},{"taxonomy":"post_tag","embeddable":true,"href":"https:\/\/www.lintelligentdabidjan.info\/news\/wp-json\/wp\/v2\/tags?post=45590"}],"curies":[{"name":"wp","href":"https:\/\/api.w.org\/{rel}","templated":true}]}}