{"id":45593,"date":"2026-09-04T06:41:10","date_gmt":"2026-09-04T04:41:10","guid":{"rendered":"https:\/\/www.lintelligentdabidjan.info\/news\/?p=45593"},"modified":"2026-09-04T06:41:15","modified_gmt":"2026-09-04T04:41:15","slug":"daloa-les-familles-des-personnes-disparues-reclament-verite-justice-et-accompagnement","status":"publish","type":"post","link":"https:\/\/www.lintelligentdabidjan.info\/news\/daloa-les-familles-des-personnes-disparues-reclament-verite-justice-et-accompagnement\/","title":{"rendered":"Daloa : les familles des personnes disparues r\u00e9clament v\u00e9rit\u00e9, justice et accompagnement"},"content":{"rendered":"<p><strong>\u00c0 l&#8217;occasion de la Journ\u00e9e internationale des personnes disparues, c\u00e9l\u00e9br\u00e9e jeudi 3 septembre 2026 \u00e0 la place Gb\u00eabani de Daloa, les familles de disparus ont lanc\u00e9 un appel pressant aux autorit\u00e9s pour obtenir des r\u00e9ponses sur le sort de leurs proches et b\u00e9n\u00e9ficier d&#8217;un meilleur accompagnement.<\/strong><\/p>\n<p>Au nom de l&#8217;Association des familles des disparus, son secr\u00e9taire g\u00e9n\u00e9ral, Kouassi Eug\u00e8ne, a d\u00e9crit l&#8217;incertitude comme une souffrance quotidienne. \u00ab Nous avons besoin de savoir \u00bb, a-t-il d\u00e9clar\u00e9, plaidant pour des enqu\u00eates approfondies, un accompagnement psychologique, social et financier des familles, ainsi qu&#8217;un renforcement du cadre juridique de protection des personnes disparues.<\/p>\n<p>Pr\u00e9sent \u00e0 la c\u00e9r\u00e9monie, le coordinateur Protection du Comit\u00e9 international de la Croix-Rouge (CICR), Fabien Kauffman, a rappel\u00e9 que chaque disparition laisse une famille confront\u00e9e \u00e0 l&#8217;angoisse et \u00e0 de lourdes cons\u00e9quences psychologiques, \u00e9conomiques et administratives. Il a salu\u00e9 les avanc\u00e9es enregistr\u00e9es en C\u00f4te d&#8217;Ivoire, notamment l&#8217;adh\u00e9sion, en 2024, \u00e0 la Convention internationale pour la protection de toutes les personnes contre les disparitions forc\u00e9es.<\/p>\n<p>Repr\u00e9sentant le Conseil national des droits de l&#8217;homme (CNDH), Ma\u00eetre Dagnogo Makaya a soulign\u00e9 les efforts engag\u00e9s depuis plusieurs ann\u00e9es avec le CICR pour renforcer les m\u00e9canismes nationaux de recherche, d&#8217;identification et d&#8217;assistance aux familles.<\/p>\n<p>Organis\u00e9e pour la premi\u00e8re fois hors d&#8217;Abidjan, cette comm\u00e9moration a mis en lumi\u00e8re l&#8217;urgence de renforcer les dispositifs de prise en charge des familles de disparus.<\/p>\n<p>Selon le Mouvement international de la Croix-Rouge et du Croissant-Rouge, plus de 500 000 personnes \u00e9taient port\u00e9es disparues dans le monde \u00e0 la fin de 2025, dans un contexte marqu\u00e9 par plus de 130 conflits arm\u00e9s. Un constat qui rappelle l&#8217;importance de poursuivre les efforts en faveur de la v\u00e9rit\u00e9, de la justice et de la solidarit\u00e9 envers les familles.<\/p>\n<p><strong>Beker Yao<\/strong><\/p>\n<p>&nbsp;<\/p>\n<p>AFRIKIPRESSE<\/p>\n<p><a href=\"https:\/\/afrikipresse.com\/lintelligentpdf\/zi9QaotCzUzHl8E82az5\">https:\/\/afrikipresse.com\/lintelligentpdf\/zi9QaotCzUzHl8E82az5<\/a><\/p>\n<p>&nbsp;<\/p>\n<p>PAYMALLCI<\/p>\n<p><a href=\"https:\/\/paymallci.com\/go\/2X6R\">https:\/\/paymallci.com\/go\/2X6R<\/a><\/p>\n<p>&nbsp;<\/p>\n<p>PRESSECOTEDIVOIRE<\/p>\n<p><a href=\"https:\/\/www.pressecotedivoire.fr\/titrologie\/all\">https:\/\/www.pressecotedivoire.fr\/titrologie\/all<\/a><\/p>\n<p>&nbsp;<\/p>\n<p>ABIDJANNET<\/p>\n<p><a href=\"https:\/\/news.abidjan.net\/titrologie\">https:\/\/news.abidjan.net\/titrologie<\/a><\/p>\n<p>&nbsp;<\/p>\n<p>&nbsp;<\/p>\n","protected":false},"excerpt":{"rendered":"<p>\u00c0 l&#8217;occasion de la Journ\u00e9e internationale des personnes disparues, c\u00e9l\u00e9br\u00e9e jeudi 3 septembre 2026 \u00e0 la place Gb\u00eabani de Daloa, les familles de disparus ont lanc\u00e9 un appel pressant aux autorit\u00e9s pour obtenir des r\u00e9ponses sur le sort de leurs proches et b\u00e9n\u00e9ficier d&#8217;un meilleur accompagnement. Au nom de l&#8217;Association des familles des disparus, son [&hellip;]<\/p>\n","protected":false},"author":4,"featured_media":45594,"comment_status":"open","ping_status":"closed","sticky":false,"template":"","format":"standard","meta":{"footnotes":""},"categories":[2,3],"tags":[1643,105,2902,8973,8974,8975],"class_list":["post-45593","post","type-post","status-publish","format-standard","has-post-thumbnail","hentry","category-featured","category-societe","tag-accompagnement","tag-daloa","tag-justice","tag-les-familles","tag-personnes-disparues","tag-verite"],"_links":{"self":[{"href":"https:\/\/www.lintelligentdabidjan.info\/news\/wp-json\/wp\/v2\/posts\/45593","targetHints":{"allow":["GET"]}}],"collection":[{"href":"https:\/\/www.lintelligentdabidjan.info\/news\/wp-json\/wp\/v2\/posts"}],"about":[{"href":"https:\/\/www.lintelligentdabidjan.info\/news\/wp-json\/wp\/v2\/types\/post"}],"author":[{"embeddable":true,"href":"https:\/\/www.lintelligentdabidjan.info\/news\/wp-json\/wp\/v2\/users\/4"}],"replies":[{"embeddable":true,"href":"https:\/\/www.lintelligentdabidjan.info\/news\/wp-json\/wp\/v2\/comments?post=45593"}],"version-history":[{"count":1,"href":"https:\/\/www.lintelligentdabidjan.info\/news\/wp-json\/wp\/v2\/posts\/45593\/revisions"}],"predecessor-version":[{"id":45595,"href":"https:\/\/www.lintelligentdabidjan.info\/news\/wp-json\/wp\/v2\/posts\/45593\/revisions\/45595"}],"wp:featuredmedia":[{"embeddable":true,"href":"https:\/\/www.lintelligentdabidjan.info\/news\/wp-json\/wp\/v2\/media\/45594"}],"wp:attachment":[{"href":"https:\/\/www.lintelligentdabidjan.info\/news\/wp-json\/wp\/v2\/media?parent=45593"}],"wp:term":[{"taxonomy":"category","embeddable":true,"href":"https:\/\/www.lintelligentdabidjan.info\/news\/wp-json\/wp\/v2\/categories?post=45593"},{"taxonomy":"post_tag","embeddable":true,"href":"https:\/\/www.lintelligentdabidjan.info\/news\/wp-json\/wp\/v2\/tags?post=45593"}],"curies":[{"name":"wp","href":"https:\/\/api.w.org\/{rel}","templated":true}]}}