{"id":45600,"date":"2026-09-04T13:24:51","date_gmt":"2026-09-04T11:24:51","guid":{"rendered":"https:\/\/www.lintelligentdabidjan.info\/news\/?p=45600"},"modified":"2026-09-04T13:28:32","modified_gmt":"2026-09-04T11:28:32","slug":"bouake-la-lutte-se-durcit-contre-les-parades-dangereuses-a-moto","status":"publish","type":"post","link":"https:\/\/www.lintelligentdabidjan.info\/news\/bouake-la-lutte-se-durcit-contre-les-parades-dangereuses-a-moto\/","title":{"rendered":"Bouak\u00e9 : la lutte se durcit contre les parades dangereuses \u00e0 moto"},"content":{"rendered":"<p><strong>La municipalit\u00e9 de Bouak\u00e9 a renforc\u00e9, jeudi 3 septembre 2026, son dispositif contre les parades de motos organis\u00e9es \u00e0 l\u2019occasion des mariages et les infractions au Code de la route. Des op\u00e9rations qui traduisent la volont\u00e9 du d\u00e9put\u00e9-maire Amadou Kon\u00e9 de restaurer l\u2019ordre sur les axes de la ville, sans toutefois dispenser les autorit\u00e9s du respect des proc\u00e9dures applicables.<\/strong><\/p>\n<p>Selon un bilan communiqu\u00e9 par la mairie, sa Brigade sp\u00e9ciale a men\u00e9 plusieurs patrouilles sur instruction d\u2019Amadou Kon\u00e9. Plus de 37 motos ont \u00e9t\u00e9 immobilis\u00e9es dans la journ\u00e9e pour non-respect des feux tricolores. Dans la soir\u00e9e, d\u2019autres engins \u00e0 deux et trois roues ont \u00e9t\u00e9 saisis au cours de cort\u00e8ges qualifi\u00e9s de \u00ab sauvages \u00bb, traditionnellement organis\u00e9s apr\u00e8s certaines c\u00e9r\u00e9monies de mariage du jeudi.<\/p>\n<p>La municipalit\u00e9 affirme que le dispositif, d\u00e9ploy\u00e9 notamment entre 21 heures et minuit, a contribu\u00e9 \u00e0 ramener un calme relatif dans la ville. Elle annonce la poursuite des contr\u00f4les jusqu\u2019au r\u00e9tablissement durable de la discipline urbaine et appelle l\u2019ensemble des forces vives \u00e0 soutenir la lutte contre l\u2019incivisme routier.<\/p>\n<p>Cette fermet\u00e9 r\u00e9pond \u00e0 une pr\u00e9occupation ancienne \u00e0 Bouak\u00e9. D\u00e8s septembre 2014, le conseil municipal avait autoris\u00e9 le maire de l\u2019\u00e9poque \u00e0 prendre un arr\u00eat\u00e9 interdisant les parades de v\u00e9hicules lors des mariages, en raison des accidents et des pertes en vies humaines qui leur \u00e9taient attribu\u00e9s. En ao\u00fbt 2015, une parade de mariage impliquant des v\u00e9hicules et des motos s\u2019\u00e9tait notamment achev\u00e9e par un drame faisant trois morts.<\/p>\n<p>L\u2019objectif de s\u00e9curit\u00e9 routi\u00e8re para\u00eet donc largement justifi\u00e9. Il s\u2019accompagnera de sensibilisation, particuli\u00e8rement aupr\u00e8s des futurs mari\u00e9s, des jeunes motocyclistes et des familles. La transparence sur les infractions constat\u00e9es, les conditions de restitution des engins et les recours disponibles sera \u00e9galement essentielle. Le minist\u00e8re des Transports rappelle qu\u2019une mise en fourri\u00e8re doit \u00eatre prescrite par un officier de police judiciaire et lev\u00e9e par l\u2019autorit\u00e9 comp\u00e9tente.<\/p>\n<p>Au-del\u00e0 des saisies, la r\u00e9ussite de l\u2019op\u00e9ration d\u00e9pend d\u2019une action r\u00e9guli\u00e8re, coordonn\u00e9e avec la police nationale, associant pr\u00e9vention, sanctions proportionn\u00e9es, respect des droits des usagers et \u00e9valuation publique p\u00e9riodique.<\/p>\n<p><strong>Charles Kouassi<\/strong><\/p>\n","protected":false},"excerpt":{"rendered":"<p>La municipalit\u00e9 de Bouak\u00e9 a renforc\u00e9, jeudi 3 septembre 2026, son dispositif contre les parades de motos organis\u00e9es \u00e0 l\u2019occasion des mariages et les infractions au Code de la route. Des op\u00e9rations qui traduisent la volont\u00e9 du d\u00e9put\u00e9-maire Amadou Kon\u00e9 de restaurer l\u2019ordre sur les axes de la ville, sans toutefois dispenser les autorit\u00e9s du [&hellip;]<\/p>\n","protected":false},"author":4,"featured_media":45601,"comment_status":"open","ping_status":"closed","sticky":false,"template":"","format":"standard","meta":{"footnotes":""},"categories":[2,3],"tags":[125,8978,7938,8979,8980],"class_list":["post-45600","post","type-post","status-publish","format-standard","has-post-thumbnail","hentry","category-featured","category-societe","tag-bouake","tag-durcit","tag-la-lutte","tag-les-parades","tag-moto"],"_links":{"self":[{"href":"https:\/\/www.lintelligentdabidjan.info\/news\/wp-json\/wp\/v2\/posts\/45600","targetHints":{"allow":["GET"]}}],"collection":[{"href":"https:\/\/www.lintelligentdabidjan.info\/news\/wp-json\/wp\/v2\/posts"}],"about":[{"href":"https:\/\/www.lintelligentdabidjan.info\/news\/wp-json\/wp\/v2\/types\/post"}],"author":[{"embeddable":true,"href":"https:\/\/www.lintelligentdabidjan.info\/news\/wp-json\/wp\/v2\/users\/4"}],"replies":[{"embeddable":true,"href":"https:\/\/www.lintelligentdabidjan.info\/news\/wp-json\/wp\/v2\/comments?post=45600"}],"version-history":[{"count":1,"href":"https:\/\/www.lintelligentdabidjan.info\/news\/wp-json\/wp\/v2\/posts\/45600\/revisions"}],"predecessor-version":[{"id":45602,"href":"https:\/\/www.lintelligentdabidjan.info\/news\/wp-json\/wp\/v2\/posts\/45600\/revisions\/45602"}],"wp:featuredmedia":[{"embeddable":true,"href":"https:\/\/www.lintelligentdabidjan.info\/news\/wp-json\/wp\/v2\/media\/45601"}],"wp:attachment":[{"href":"https:\/\/www.lintelligentdabidjan.info\/news\/wp-json\/wp\/v2\/media?parent=45600"}],"wp:term":[{"taxonomy":"category","embeddable":true,"href":"https:\/\/www.lintelligentdabidjan.info\/news\/wp-json\/wp\/v2\/categories?post=45600"},{"taxonomy":"post_tag","embeddable":true,"href":"https:\/\/www.lintelligentdabidjan.info\/news\/wp-json\/wp\/v2\/tags?post=45600"}],"curies":[{"name":"wp","href":"https:\/\/api.w.org\/{rel}","templated":true}]}}