{"id":4588,"date":"2017-06-12T12:10:21","date_gmt":"2017-06-12T10:10:21","guid":{"rendered":"http:\/\/www.lintelligentdabidjan.info\/news\/?p=4588"},"modified":"2017-06-12T12:10:21","modified_gmt":"2017-06-12T10:10:21","slug":"ouattara-macron-a-lelysee-une-rencontre-loin-de-la-vision-reductrice-et-passeiste-de-lassociation-survie-christian-gambotti","status":"publish","type":"post","link":"https:\/\/www.lintelligentdabidjan.info\/news\/ouattara-macron-a-lelysee-une-rencontre-loin-de-la-vision-reductrice-et-passeiste-de-lassociation-survie-christian-gambotti\/","title":{"rendered":"Ouattara-Macron \u00e0 l\u2019\u00c9lys\u00e9e : une rencontre loin de la vision r\u00e9ductrice et pass\u00e9iste de l&#8217;association Survie &#8211; Christian Gambotti"},"content":{"rendered":"<p>Alassane Ouattara est le premier Chef d\u2019Etat africain \u00e0 \u00eatre re\u00e7u \u00e0 l&#8217;Elys\u00e9e par Emmanuel Macron. Il s\u2019agit, selon les sources diplomatiques, d\u2019une \u00ab\u00a0marque de consid\u00e9ration importante\u00a0\u00bb. <!--more--><\/p>\n<p>Il existe deux mani\u00e8res d\u2019interpr\u00e9ter ce t\u00eate-\u00e0-t\u00eate entre Ouattara et Macron\u00a0:<\/p>\n<p>\u2022 celle qui nous projette vers le futur, avec une C\u00f4te d\u2019Ivoire qui, depuis avril 2011, s\u2019inscrit dans une r\u00e9volution politique et culturelle, et une France qui, avec Macron, est en train d\u2019accomplir sa propre r\u00e9volution politique et culturelle.<\/p>\n<p>\u2022 Celle qui nous renvoie sans cesse, depuis Focard, puis Chirac, au prisme de la Fran\u00e7afrique, telle que nous la pr\u00e9sente encore aujourd\u2019hui l\u2019association Survie.<br \/>\nPersonne ne conteste \u00e0 l\u2019association Survie le droit de ressasser sans cesse l\u2019Histoire et de d\u00e9noncer, p\u00eale-m\u00eale, la colonisation et le n\u00e9o-colonialisme, la main-mise de la France sur l\u2019Afrique, c\u2019est son fonds de commerce. Ella analyse ainsi la rencontre Ouattara \/ Macron\u00a0: \u00ab\u00a0Le nouvel ex\u00e9cutif maintient sans surprise la ligne politique fran\u00e7aise sur la C\u00f4te d\u2019Ivoire qui pr\u00e9vaut depuis Jacques Chirac\u00a0\u00bb. Survie appartient au \u00ab\u00a0vieux monde\u00a0\u00bb, ce qui explique son analyse \u00ab\u00a0sans surprise\u00a0\u00bb, mais un peu courte, qui ne tient pas compte de la transformation de l\u2019Afrique. Ouattara et Macron, chacun dans un lieu diff\u00e9rent, un contexte diff\u00e9rent, mais avec une philosophie politique identique, cherchent \u00e0 b\u00e2tir un \u00ab\u00a0nouveau monde\u00a0\u00bb. Pour Ouattara, une C\u00f4te d\u2019Ivoire nouvelle, apr\u00e8s les ann\u00e9es sombres 1999-2011\u00a0; pour Macron, une France nouvelle apr\u00e8s 40 ans d\u2019immobilisme de la classe politique traditionnelle.<br \/>\nC\u2019est \u00e0 partir d\u2019une projection dans le futur qu\u2019il faut interpr\u00e9ter cette rencontre entre Ouattara et Macron, avec la volont\u00e9 d\u2019aborder, sans tabous, tous les sujets. Il existe entre les deux pays des liens historiques et une amiti\u00e9 r\u00e9ciproque. La France, deuxi\u00e8me partenaire \u00e9conomique de la C\u00f4te d&#8217;Ivoire, apr\u00e8s le Nigeria, compte pr\u00e8s de 700 entreprises implant\u00e9es dans le pays. La communaut\u00e9 fran\u00e7aise, en forte progression, est \u00e9valu\u00e9e \u00e0 20 000 ressortissants, dont 17 000 enregistr\u00e9s au consulat.<br \/>\nLes retardataires de l\u2019Histoire, les yeux fix\u00e9s sur le r\u00e9troviseur de la colonisation, imaginent qu\u2019il existe, entre la C\u00f4te d\u2019Ivoire et la France un lien de subordination et que Ouattara vient chercher une \u00ab\u00a0feuille de route\u00a0\u00bb que lui imposerait Paris. Or, lors de son \u00e9lection, Alassane Ouattara s\u2019\u00e9tait engag\u00e9 \u00e0 ouvrir la C\u00f4te d\u2019Ivoire sur le monde. C\u2019est chose faite aujourd\u2019hui\u00a0: la France vient d\u2019\u00eatre d\u00e9tr\u00f4n\u00e9e par le Maroc en termes d\u2019investissements directs en C\u00f4te d\u2019Ivoire. La Chine, les Etats-Unis, l\u2019Inde, le Japon, l\u2019Allemagne, ou encore les pays du Golfe (l\u2019Afrique a besoin de capitaux, les pays du Golfe en regorgent), sont de plus en plus pr\u00e9sents dans l\u2019\u00e9conomie du pays.<br \/>\nIl faut vraiment \u00eatre frapp\u00e9 de c\u00e9cit\u00e9, ou \u00eatre d\u2019une totale mauvaise foi, pour ne pas voir que la C\u00f4te d\u2019Ivoire, entr\u00e9e depuis avril 2011 dans une phase d\u2019attractivit\u00e9 qui se poursuit aujourd\u2019hui malgr\u00e9 les difficult\u00e9s, s\u2019ouvre \u00e0 l\u2019international et diversifie ses partenariats, le pays \u00e9tant \u00e0 la recherche d\u2019un mod\u00e8le de d\u00e9veloppement alternatif, en compl\u00e9ment de celui longtemps propos\u00e9 par la France ou l\u2019Occident..<\/p>\n<p>Emmanuel Macron a parfaitement conscience de ce contexte ultra concurrentiel qui voit la France perdre des parts de march\u00e9 en Afrique. Dans ses discussions avec Ouattara, il a donc mis l\u2019accent sur la coop\u00e9ration \u00e9conomique. L\u2019un des dossiers prioritaires, pour les deux Chefs d\u2019Etat, est celui du \u00ab\u00a0m\u00e9tro\u00a0\u00bb d&#8217;Abidjan, un projet lourd, \u00e0 plus d&#8217;un milliard d&#8217;euros, port\u00e9 par un consortium d&#8217;entreprises dont fait partie Bouygues. Ce projet est \u00e0 l\u2019arr\u00eat depuis des mois en raison de d\u00e9saccords entre le consortium et le gouvernement ivoirien.<br \/>\nAutre dossier-clef qui a \u00e9t\u00e9 abord\u00e9\u00a0: le contrat de d\u00e9sendettement et de d\u00e9veloppement conclu entre Paris et Abidjan. Macron souhaite avancer vite dans ce domaine, afin de mieux accompagner la C\u00f4te d\u2019Ivoire qui conna\u00eet, avec la crise du cacao, des difficult\u00e9s \u00e9conomiques et une conjoncture de restriction budg\u00e9taire qui alimentent la grogne sociale. Paris est d&#8217;ailleurs la premi\u00e8re \u00e9tape, et l\u2019une des \u00e9tapes essentielles d\u2019un d\u00e9placement destin\u00e9 \u00e0 mobiliser les march\u00e9s financiers et les banques en vue de l&#8217;emprunt obligataire d&#8217;un milliard d&#8217;euros que lance la C\u00f4te d\u2019Ivoire. Apr\u00e8s l&#8217;Elys\u00e9e, la d\u00e9l\u00e9gation ivoirienne s\u2019est envol\u00e9e, ce lundi 12 juin, pour l&#8217;Allemagne o\u00f9 elle participe \u00e0 la conf\u00e9rence pr\u00e9paratoire au G20 lundi et mardi<br \/>\nAutre sujet\u00a0: l\u2019avenir du FCFA et celui des deux zones \u2018franc\u00a0\u00bb. La balle est dans le camp des pays africains et de la BCEAO, en distinguant bien ce qui rel\u00e8ve d\u2019une approche politique, voire purement id\u00e9ologique, et ce qui rel\u00e8ve d\u2019une approche \u00e9conomique et financi\u00e8re. Macron et Ouattara ne sont pas hostiles \u00e0 une \u00e9volution, si les besoins des \u00e9conomies des pays concern\u00e9s, dans leur qu\u00eate de transformation structurelle et d\u2019\u00e9mergence, le commande. D\u2019ailleurs, selon les deux Chefs d\u2019Etat, il ne faut pas confondre la gestion du FCFA, une monnaie \u00ab\u00a0africaine\u00a0\u00bb g\u00e9r\u00e9e par les Africains, et les accords de coop\u00e9ration entre la France et les pays de la zone \u00ab\u00a0franc\u00a0\u00bb. Pour R\u00e9my Rioux, le directeur de l\u2019AFD, \u00ab\u00a0le franc CFA, c\u2019est la garantie d\u2019une monnaie solide\u00a0\u00bb.<br \/>\nMais, Macron a aussi parfaitement conscience du r\u00f4le g\u00e9opolitique et g\u00e9ostrat\u00e9gique que joue d\u00e9sormais la C\u00f4te d\u2019Ivoire. Signe \u00e9vident de ce r\u00f4le\u00a0: la C\u00f4te d&#8217;Ivoire fera son entr\u00e9e, comme membre non-permanent, au Conseil de s\u00e9curit\u00e9 des Nations unies en 2018. La candidature de la C\u00f4te d\u2019Ivoire a \u00e9t\u00e9 soutenue par l\u2019Union Africaine et les pays occidentaux. Ouattara et Macron ont tout naturellement abord\u00e9 les questions de s\u00e9curit\u00e9 et de lutte anti-terroriste. Avec la menace terroriste, mais aussi les mutineries r\u00e9centes, la question des investissements en Afrique francophone face aux risques s\u00e9curitaires se pose. Comment attirer et faciliter les investissements \u00e9trangers et nationaux, lorsque les situations socio-s\u00e9curitaires se d\u00e9gradent\u00a0? Quelle sera la situation s\u00e9curitaire du pays en 2020\u00a0? Les mutineries des ex-rebelles sont-elles un probl\u00e8me s\u00e9curitaire ou uniquement social\u00a0?<br \/>\nLes enjeux de la rencontre entre Ouattara et Macron ont donc \u00e9t\u00e9 les suivants\u00a0: dans un monde nouveau en construction, dans une Afrique nouvelle qui se transforme, \u00e9volue, consolider les liens historiques qui unissent la C\u00f4te d\u2019Ivoire et la France\u00a0; mieux accompagner la C\u00f4te d\u2019Ivoire, afin de l\u2019aider \u00e0 ma\u00eetriser les situations de crise\u00a0; installer les deux pays dans un rapport gagnant-gagnant.<br \/>\nOn est loin de la vision r\u00e9ductrice et pass\u00e9iste de l\u2019association Survie.<\/p>\n<p>Christian Gambotti<br \/>\nDirecteur g\u00e9n\u00e9ral de l\u2019Institut Choiseul<br \/>\nDirecteur de la collection L\u2019Afrique en marche<\/p>\n","protected":false},"excerpt":{"rendered":"<p>Alassane Ouattara est le premier Chef d\u2019Etat africain \u00e0 \u00eatre re\u00e7u \u00e0 l&#8217;Elys\u00e9e par Emmanuel Macron. Il s\u2019agit, selon les sources diplomatiques, d\u2019une \u00ab\u00a0marque de consid\u00e9ration importante\u00a0\u00bb.<\/p>\n","protected":false},"author":2,"featured_media":4589,"comment_status":"closed","ping_status":"closed","sticky":false,"template":"","format":"standard","meta":{"_monsterinsights_skip_tracking":false,"_monsterinsights_sitenote_active":false,"_monsterinsights_sitenote_note":"","_monsterinsights_sitenote_category":0,"footnotes":""},"categories":[2,17],"tags":[39,132,134,130,128,127,113,133,129,131],"class_list":["post-4588","post","type-post","status-publish","format-standard","has-post-thumbnail","hentry","category-featured","category-politique","tag-alassane-ouattara","tag-allemagne","tag-bceao","tag-chine","tag-elysee","tag-emmanuel-macron","tag-etats-unis","tag-f-cfa","tag-inde","tag-japon"],"_links":{"self":[{"href":"https:\/\/www.lintelligentdabidjan.info\/news\/wp-json\/wp\/v2\/posts\/4588","targetHints":{"allow":["GET"]}}],"collection":[{"href":"https:\/\/www.lintelligentdabidjan.info\/news\/wp-json\/wp\/v2\/posts"}],"about":[{"href":"https:\/\/www.lintelligentdabidjan.info\/news\/wp-json\/wp\/v2\/types\/post"}],"author":[{"embeddable":true,"href":"https:\/\/www.lintelligentdabidjan.info\/news\/wp-json\/wp\/v2\/users\/2"}],"replies":[{"embeddable":true,"href":"https:\/\/www.lintelligentdabidjan.info\/news\/wp-json\/wp\/v2\/comments?post=4588"}],"version-history":[{"count":1,"href":"https:\/\/www.lintelligentdabidjan.info\/news\/wp-json\/wp\/v2\/posts\/4588\/revisions"}],"predecessor-version":[{"id":4590,"href":"https:\/\/www.lintelligentdabidjan.info\/news\/wp-json\/wp\/v2\/posts\/4588\/revisions\/4590"}],"wp:featuredmedia":[{"embeddable":true,"href":"https:\/\/www.lintelligentdabidjan.info\/news\/wp-json\/wp\/v2\/media\/4589"}],"wp:attachment":[{"href":"https:\/\/www.lintelligentdabidjan.info\/news\/wp-json\/wp\/v2\/media?parent=4588"}],"wp:term":[{"taxonomy":"category","embeddable":true,"href":"https:\/\/www.lintelligentdabidjan.info\/news\/wp-json\/wp\/v2\/categories?post=4588"},{"taxonomy":"post_tag","embeddable":true,"href":"https:\/\/www.lintelligentdabidjan.info\/news\/wp-json\/wp\/v2\/tags?post=4588"}],"curies":[{"name":"wp","href":"https:\/\/api.w.org\/{rel}","templated":true}]}}