{"id":469,"date":"2016-10-06T22:29:21","date_gmt":"2016-10-06T20:29:21","guid":{"rendered":"http:\/\/www.lintelligentdabidjan.info\/news\/?p=469"},"modified":"2016-10-07T16:04:00","modified_gmt":"2016-10-07T14:04:00","slug":"hamed-bakayoko-en-croisade-contre-les-bavures-policieres-la-promotion-2002-2004-formee-en-une-annee-au-lieu-de-deux-indexee","status":"publish","type":"post","link":"https:\/\/www.lintelligentdabidjan.info\/news\/hamed-bakayoko-en-croisade-contre-les-bavures-policieres-la-promotion-2002-2004-formee-en-une-annee-au-lieu-de-deux-indexee\/","title":{"rendered":"Hamed Bakayoko en croisade contre les bavures polici\u00e8res : La promotion 2002-2004 form\u00e9e en une ann\u00e9e , au lieu de deux, index\u00e9e"},"content":{"rendered":"<p>Au moins 6 cas de bavures polici\u00e8res en 3 mois. Ce bilan d\u00e9plor\u00e9 par Hamed Bakayoko, le ministre d\u2019Etat, ministre de l\u2019Int\u00e9rieur et de la S\u00e9curit\u00e9, a \u00e9t\u00e9 \u00e0 l\u2019origine de sa rencontre du jeudi 6 octobre 2016 avec la hi\u00e9rarchie polici\u00e8re d\u2019Abidjan \u00e0 l\u2019Ecole nationale de police \u00e0 Cocody.<br \/>\n<!--more--><\/p>\n<p>Hamed Bakayoko a rappel\u00e9 qu\u2019un \u00ab \u00e9v\u00e9nement malheureux \u00bb au cours duquel des agents de la police ont abattu un individu, a eu lieu le jeudi 29 septembre 2016 \u00e0 Katiola.<br \/>\nUn \u00e9v\u00e9nement semblable, a-t-il  poursuivi, s\u2019\u00e9tait produit quelques temps avant \u00e0 Assinie et \u00e0 Treichville.<\/p>\n<p>\u00ab La r\u00e9surgence de ce type d\u2019\u00e9v\u00e9nements dans une p\u00e9riode aussi courte concernant des \u00e9l\u00e9ments de la police, m\u2019a interpell\u00e9 et devrait nous interpeller. (\u2026) Sur le plan administratif, chaque chef d\u2019unit\u00e9 engage sa responsabilit\u00e9 quand ses \u00e9l\u00e9ments ont des comportements qui n\u2019honorent pas la police. C\u2019est tr\u00e8s important. Tous ceux qui ont commis ces actes seront traduits devant le Tribunal militaire. (\u2026) Depuis 3 mois, quand il y a un cas de bavure, ce n\u2019est pas un gendarme ou un militaire qui en est l\u2019auteur, mais c\u2019est toujours un policier. (\u2026) Nous allons \u00eatre tr\u00e8s rigoureux sur ces questions. (\u2026) Cela n\u2019est pas acceptable qu\u2019en moins de 3 mois, on puisse d\u00e9nombrer au moins 6 cas de ce genre de bavures o\u00f9 des hommes et des femmes ont trouv\u00e9 la mort par l\u2019usage de l\u2019arme du policier. Lorsque nous avons fait des statistiques, nous avons constat\u00e9 que les auteurs de ces 6 derniers cas sont des jeunes de la promotion 2002-2004 \u00bb, a regrett\u00e9 Hamed Bakayoko. Faisant allusion \u00e0 cette promotion 2002-2004, il a d\u00e9plor\u00e9 qu\u2019il y ait eu \u00e0 cette p\u00e9riode une \u00ab formation acc\u00e9l\u00e9r\u00e9e d\u2019une ann\u00e9e \u00bb. C\u2019est pourquoi, il s\u2019est f\u00e9licit\u00e9 de la reprise des 2 ans de formation pour les policiers depuis un certain moment.  <\/p>\n<p>Hamed Bakayoko a alors rappel\u00e9  aux policiers que leur devoir est de prot\u00e9ger les populations : \u00ab Neutraliser une personne, ce n\u2019est pas la tuer \u00bb.  Le ministre de l\u2019Int\u00e9rieur a, \u00e9galement, saisi l\u2019occasion pour demander \u00e0 la hi\u00e9rarchie de la police d\u2019organiser r\u00e9guli\u00e8rement des rassemblements pour passer ce message \u00e0 leurs \u00e9l\u00e9ments.<\/p>\n<p>Il a ajout\u00e9 que si elle n\u2019a \u00ab pas la capacit\u00e9 de mettre fin \u00e0 ce genre d\u2019actes, (elle) laisse quelques \u00e9l\u00e9ments discr\u00e9diter (la) tenue et le galon \u00bb polici\u00e8re. Il faut, a conseill\u00e9 Hamed Bakayoko, une reprise en main des \u00e9l\u00e9ments de la police en termes de sensibilisation et de formation.<\/p>\n<p>Alex Agui\u00e9<\/p>\n","protected":false},"excerpt":{"rendered":"<p>Au moins 6 cas de bavures polici\u00e8res en 3 mois. Ce bilan d\u00e9plor\u00e9 par Hamed Bakayoko, le ministre d\u2019Etat, ministre de l\u2019Int\u00e9rieur et de la S\u00e9curit\u00e9, a \u00e9t\u00e9 \u00e0 l\u2019origine de sa rencontre du jeudi 6 octobre 2016 avec la hi\u00e9rarchie polici\u00e8re d\u2019Abidjan \u00e0 l\u2019Ecole nationale de police \u00e0 Cocody.<\/p>\n","protected":false},"author":2,"featured_media":472,"comment_status":"closed","ping_status":"closed","sticky":false,"template":"","format":"standard","meta":{"_monsterinsights_skip_tracking":false,"_monsterinsights_sitenote_active":false,"_monsterinsights_sitenote_note":"","_monsterinsights_sitenote_category":0,"footnotes":""},"categories":[2,17],"tags":[67],"class_list":["post-469","post","type-post","status-publish","format-standard","has-post-thumbnail","hentry","category-featured","category-politique","tag-hamed-bakayoko"],"_links":{"self":[{"href":"https:\/\/www.lintelligentdabidjan.info\/news\/wp-json\/wp\/v2\/posts\/469","targetHints":{"allow":["GET"]}}],"collection":[{"href":"https:\/\/www.lintelligentdabidjan.info\/news\/wp-json\/wp\/v2\/posts"}],"about":[{"href":"https:\/\/www.lintelligentdabidjan.info\/news\/wp-json\/wp\/v2\/types\/post"}],"author":[{"embeddable":true,"href":"https:\/\/www.lintelligentdabidjan.info\/news\/wp-json\/wp\/v2\/users\/2"}],"replies":[{"embeddable":true,"href":"https:\/\/www.lintelligentdabidjan.info\/news\/wp-json\/wp\/v2\/comments?post=469"}],"version-history":[{"count":1,"href":"https:\/\/www.lintelligentdabidjan.info\/news\/wp-json\/wp\/v2\/posts\/469\/revisions"}],"predecessor-version":[{"id":471,"href":"https:\/\/www.lintelligentdabidjan.info\/news\/wp-json\/wp\/v2\/posts\/469\/revisions\/471"}],"wp:featuredmedia":[{"embeddable":true,"href":"https:\/\/www.lintelligentdabidjan.info\/news\/wp-json\/wp\/v2\/media\/472"}],"wp:attachment":[{"href":"https:\/\/www.lintelligentdabidjan.info\/news\/wp-json\/wp\/v2\/media?parent=469"}],"wp:term":[{"taxonomy":"category","embeddable":true,"href":"https:\/\/www.lintelligentdabidjan.info\/news\/wp-json\/wp\/v2\/categories?post=469"},{"taxonomy":"post_tag","embeddable":true,"href":"https:\/\/www.lintelligentdabidjan.info\/news\/wp-json\/wp\/v2\/tags?post=469"}],"curies":[{"name":"wp","href":"https:\/\/api.w.org\/{rel}","templated":true}]}}