{"id":4697,"date":"2017-06-24T12:45:56","date_gmt":"2017-06-24T10:45:56","guid":{"rendered":"http:\/\/www.lintelligentdabidjan.info\/news\/?p=4697"},"modified":"2017-06-24T12:45:56","modified_gmt":"2017-06-24T10:45:56","slug":"lutte-contre-la-degradation-de-la-foret-ivoirienne-les-deux-grandes-options-qui-soffrent-a-letat","status":"publish","type":"post","link":"https:\/\/www.lintelligentdabidjan.info\/news\/lutte-contre-la-degradation-de-la-foret-ivoirienne-les-deux-grandes-options-qui-soffrent-a-letat\/","title":{"rendered":"Lutte contre la d\u00e9gradation de la for\u00eat ivoirienne : Les deux grandes options qui s\u2019offrent \u00e0 l\u2019Etat"},"content":{"rendered":"<p>Le minist\u00e8re des Eaux et For\u00eats a organis\u00e9 le jeudi 15 juin 2017 au sein de son cabinet, sis, \u00e0 Abidjan-Plateau, un petit-d\u00e9jeuner de presse pour \u00e9voquer la question de la l\u00e9gislation avec les parties prenantes du processus de l\u2019Accord de partenariat volontaire et du projet de renforcement des capacit\u00e9s de la soci\u00e9t\u00e9 dans l\u2019Application des r\u00e9glementations foresti\u00e8res, gouvernance et \u00e9changes commerciaux (APV\/FLEGT).<!--more--><br \/>\nSelon le Capitaine Sylla charg\u00e9 du rapport des affaires ext\u00e9rieures du minist\u00e8re des eaux et for\u00eats, la C\u00f4te d\u2019Ivoire s\u2019est engag\u00e9e depuis 2013, dans le processus l\u2019APV\/FLEGT dont l\u2019objectif est d\u2019am\u00e9liorer sa gouvernance foresti\u00e8re et d\u2019assurer la l\u00e9galit\u00e9 de tous les bois qui sont produits dans le pays. Et ce, conform\u00e9ment \u00e0 cet accord qui veut que la C\u00f4te d\u2019Ivoire implique les parties prenantes dans la gouvernance foresti\u00e8re dans toutes les n\u00e9gociations. Il s\u2019agit bien de l\u2019administration, de la soci\u00e9t\u00e9 civile, la chefferie traditionnelle et le secteur priv\u00e9 de sorte \u00e0 aboutir \u00e0 un accord applicable. Le but de cet accord de partenariat volontaire est de s\u2019assurer que les bois et produits-bois originaires d\u2019un pays-partenaire et destin\u00e9s au march\u00e9 de l\u2019Union europ\u00e9enne (UE) soient bien conformes aux lois de ce pays. Celles-ci s\u2019inscrivent dans le but d\u2019am\u00e9liorer sa gouvernance foresti\u00e8re, pr\u00e9pare une l\u00e9gislation avec les parties prenantes du processus de l\u2019APV\/FLEGT. C\u2019est donc dans ce cadre que le Capitaine Sylla, accompagn\u00e9 du directeur r\u00e9gional des Eaux et For\u00eats de S\u00e9gu\u00e9la, du Commandant Venance Otchoumou Ehouman et du directeur de cabinet dudit minist\u00e8re, Claude Soro Dopl\u00e9, ont entretenu la presse. Cette rencontre qui se d\u00e9roulait dans le cadre du 5e rendez-vous des petit-d\u00e9jeuners du minist\u00e8re des Eaux et For\u00eats avait pour th\u00e8me, \u00ab Gouvernance foresti\u00e8re : La l\u00e9galit\u00e9, un levier de gestion durable de la for\u00eat ivoirienne \u00bb. Lors des d\u00e9bats, Soro Dopl\u00e9 a fait la communication suivante : \u00abdans la d\u00e9gradation de la for\u00eat ivoirienne, deux grandes options s\u2019offrent \u00e0 nous, assurer une gestion durable du patrimoine restant et \u00e9galement, asseoir des initiatives pour la reconstitution du couvert forestier. Et tout cela ne peut prosp\u00e9rer que dans un environnement de gestion saine, de gestion durable, assise sur des valeurs de gouvernance foresti\u00e8re qui sont la transparence, la participation au niveau de toutes les parties prenantes, la lutte contre la corruption pour garantir les devises de l\u2019Etat \u00bb. Et d\u2019ajouter que \u00ab Les d\u00e9fis \u00e0 relever par le gouvernement dans la conduite du processus APV\/FLEGT restent la n\u00e9cessit\u00e9 d\u2019un consensus entre les parties prenantes, la clarification d\u2019un cadre l\u00e9gal, des syst\u00e8mes de contr\u00f4le simplifi\u00e9s et renforc\u00e9s, la v\u00e9rification de la conformit\u00e9 l\u00e9gale en mati\u00e8re de commerce, des m\u00e9canismes de requ\u00eates et recours, la publication des informations et des comit\u00e9s conseils multipartites de suivi \u00bb.<br \/>\nTAB avec DK<\/p>\n","protected":false},"excerpt":{"rendered":"<p>Le minist\u00e8re des Eaux et For\u00eats a organis\u00e9 le jeudi 15 juin 2017 au sein de son cabinet, sis, \u00e0 Abidjan-Plateau, un petit-d\u00e9jeuner de presse pour \u00e9voquer la question de la l\u00e9gislation avec les parties prenantes du processus de l\u2019Accord de partenariat volontaire et du projet de renforcement des capacit\u00e9s de la soci\u00e9t\u00e9 dans l\u2019Application [&hellip;]<\/p>\n","protected":false},"author":2,"featured_media":0,"comment_status":"closed","ping_status":"closed","sticky":false,"template":"","format":"standard","meta":{"footnotes":""},"categories":[18],"tags":[],"class_list":["post-4697","post","type-post","status-publish","format-standard","hentry","category-economie"],"_links":{"self":[{"href":"https:\/\/www.lintelligentdabidjan.info\/news\/wp-json\/wp\/v2\/posts\/4697","targetHints":{"allow":["GET"]}}],"collection":[{"href":"https:\/\/www.lintelligentdabidjan.info\/news\/wp-json\/wp\/v2\/posts"}],"about":[{"href":"https:\/\/www.lintelligentdabidjan.info\/news\/wp-json\/wp\/v2\/types\/post"}],"author":[{"embeddable":true,"href":"https:\/\/www.lintelligentdabidjan.info\/news\/wp-json\/wp\/v2\/users\/2"}],"replies":[{"embeddable":true,"href":"https:\/\/www.lintelligentdabidjan.info\/news\/wp-json\/wp\/v2\/comments?post=4697"}],"version-history":[{"count":1,"href":"https:\/\/www.lintelligentdabidjan.info\/news\/wp-json\/wp\/v2\/posts\/4697\/revisions"}],"predecessor-version":[{"id":4698,"href":"https:\/\/www.lintelligentdabidjan.info\/news\/wp-json\/wp\/v2\/posts\/4697\/revisions\/4698"}],"wp:attachment":[{"href":"https:\/\/www.lintelligentdabidjan.info\/news\/wp-json\/wp\/v2\/media?parent=4697"}],"wp:term":[{"taxonomy":"category","embeddable":true,"href":"https:\/\/www.lintelligentdabidjan.info\/news\/wp-json\/wp\/v2\/categories?post=4697"},{"taxonomy":"post_tag","embeddable":true,"href":"https:\/\/www.lintelligentdabidjan.info\/news\/wp-json\/wp\/v2\/tags?post=4697"}],"curies":[{"name":"wp","href":"https:\/\/api.w.org\/{rel}","templated":true}]}}