{"id":473,"date":"2016-10-06T23:53:02","date_gmt":"2016-10-06T21:53:02","guid":{"rendered":"http:\/\/www.lintelligentdabidjan.info\/news\/?p=473"},"modified":"2016-10-06T23:53:03","modified_gmt":"2016-10-06T21:53:03","slug":"journee-de-lentrepreunariat-feminin-2016-euphrasie-yao-invite-les-femmes-a-se-mettre-en-reseaux","status":"publish","type":"post","link":"https:\/\/www.lintelligentdabidjan.info\/news\/journee-de-lentrepreunariat-feminin-2016-euphrasie-yao-invite-les-femmes-a-se-mettre-en-reseaux\/","title":{"rendered":"Journ\u00e9e de l\u2019entrepreunariat f\u00e9minin 2016 : Euphrasie Yao invite les femmes \u00e0 se mettre en r\u00e9seaux"},"content":{"rendered":"<p>Les deuxi\u00e8mes Journ\u00e9es de l\u2019entrepreunariat f\u00e9minin ont \u00e9t\u00e9 ouvertes le jeudi 6 octobre 2016 \u00e0 la Maison de l\u2019entreprise \u00e0 Abidjan-Plateau.<!--more--><\/p>\n<p> Trois membres du gouvernement \u00e9taient pr\u00e9sents, notamment Gaoussou Tour\u00e9, ministre des Transports, Anne Ouloto, ministre de la Salubrit\u00e9 et de l\u2019Assainissement et Euphrasie Yao, ministre de la Promotion de la femme, de la Famille et de la Protection de l\u2019enfant, qui a invit\u00e9 les femmes entrepreneures \u00e0 se mettre en r\u00e9seaux et \u00e0 rester mobilis\u00e9es, parce que selon elle, \u00ab le moment est favorable et ce moment, c\u2019est maintenant\u00bb. Euphrasie Yao en veut pour preuve la prise en compte de la parit\u00e9 Homme et Femme aux postes de d\u00e9cisions dans le projet de Constitution, en examen \u00e0 l\u2019Assembl\u00e9e nationale et de l\u2019\u00e9laboration, il y a cinq ans, du Compendium des comp\u00e9tences f\u00e9minines de C\u00f4te d\u2019Ivoire. S\u2019appuyant sur le th\u00e8me de cette \u00e9dition, \u00e0 savoir \u00abLe leadership de la femme entrepreneure\u00bb, Mme Tour\u00e9 Massogb\u00e8, pr\u00e9sidente de la Commission de d\u00e9veloppement de l\u2019entrepreunariat f\u00e9minin au sein du patronat ivoirien a fait un \u00e9tat des lieux : \u00ab Les statistiques fournies par le Cepici montrent que sur 800 entreprises cr\u00e9\u00e9es en C\u00f4te d\u2019Ivoire, 133 appartiennent \u00e0 des femmes. Mais, il existe toujours un foss\u00e9 entre les Hommes et les Femmes. Ces deux journ\u00e9es nous permettront de r\u00e9fl\u00e9chir sur les diff\u00e9rentes probl\u00e9matiques, notamment la question de l\u2019acc\u00e8s au financement et l\u2019affirmation d\u2019un leadership actif des femmes entrepreneures\u00bb. Pour Mme Tour\u00e9 Massogb\u00e8, l\u2019\u00e9mergence des femmes ne commencera pas en 2020, mais plut\u00f4t au terme de la 2\u00e8me \u00e9dition des Journ\u00e9es de l\u2019entrepreunariat f\u00e9minin. Dr Pierre Adou, repr\u00e9sentant le ministre de l\u2019Entrepreunariat national, de l\u2019Artisanat et de la Promotion des PME et Alain Kouadio, vice-pr\u00e9sident repr\u00e9sentant le pr\u00e9sident de la CGECI, Jean Kacou Diagou, ont assur\u00e9 quant \u00e0 l\u2019application diligente des recommandations qui vont sanctionner ces journ\u00e9es.<\/p>\n<p>O.D<\/p>\n","protected":false},"excerpt":{"rendered":"<p>Les deuxi\u00e8mes Journ\u00e9es de l\u2019entrepreunariat f\u00e9minin ont \u00e9t\u00e9 ouvertes le jeudi 6 octobre 2016 \u00e0 la Maison de l\u2019entreprise \u00e0 Abidjan-Plateau.<\/p>\n","protected":false},"author":2,"featured_media":474,"comment_status":"closed","ping_status":"closed","sticky":false,"template":"","format":"standard","meta":{"_monsterinsights_skip_tracking":false,"_monsterinsights_sitenote_active":false,"_monsterinsights_sitenote_note":"","_monsterinsights_sitenote_category":0,"footnotes":""},"categories":[1,18],"tags":[],"class_list":["post-473","post","type-post","status-publish","format-standard","has-post-thumbnail","hentry","category-actualites","category-economie"],"_links":{"self":[{"href":"https:\/\/www.lintelligentdabidjan.info\/news\/wp-json\/wp\/v2\/posts\/473","targetHints":{"allow":["GET"]}}],"collection":[{"href":"https:\/\/www.lintelligentdabidjan.info\/news\/wp-json\/wp\/v2\/posts"}],"about":[{"href":"https:\/\/www.lintelligentdabidjan.info\/news\/wp-json\/wp\/v2\/types\/post"}],"author":[{"embeddable":true,"href":"https:\/\/www.lintelligentdabidjan.info\/news\/wp-json\/wp\/v2\/users\/2"}],"replies":[{"embeddable":true,"href":"https:\/\/www.lintelligentdabidjan.info\/news\/wp-json\/wp\/v2\/comments?post=473"}],"version-history":[{"count":1,"href":"https:\/\/www.lintelligentdabidjan.info\/news\/wp-json\/wp\/v2\/posts\/473\/revisions"}],"predecessor-version":[{"id":475,"href":"https:\/\/www.lintelligentdabidjan.info\/news\/wp-json\/wp\/v2\/posts\/473\/revisions\/475"}],"wp:featuredmedia":[{"embeddable":true,"href":"https:\/\/www.lintelligentdabidjan.info\/news\/wp-json\/wp\/v2\/media\/474"}],"wp:attachment":[{"href":"https:\/\/www.lintelligentdabidjan.info\/news\/wp-json\/wp\/v2\/media?parent=473"}],"wp:term":[{"taxonomy":"category","embeddable":true,"href":"https:\/\/www.lintelligentdabidjan.info\/news\/wp-json\/wp\/v2\/categories?post=473"},{"taxonomy":"post_tag","embeddable":true,"href":"https:\/\/www.lintelligentdabidjan.info\/news\/wp-json\/wp\/v2\/tags?post=473"}],"curies":[{"name":"wp","href":"https:\/\/api.w.org\/{rel}","templated":true}]}}