{"id":476,"date":"2016-10-06T23:59:47","date_gmt":"2016-10-06T21:59:47","guid":{"rendered":"http:\/\/www.lintelligentdabidjan.info\/news\/?p=476"},"modified":"2016-10-07T16:02:31","modified_gmt":"2016-10-07T14:02:31","slug":"prix-national-des-droits-de-lhomme-la-biennale-panafricaine-des-droits-de-lhomme-et-de-lhumanitaire-felicite-la-cndhci","status":"publish","type":"post","link":"https:\/\/www.lintelligentdabidjan.info\/news\/prix-national-des-droits-de-lhomme-la-biennale-panafricaine-des-droits-de-lhomme-et-de-lhumanitaire-felicite-la-cndhci\/","title":{"rendered":"Prix national des Droits de l\u2019homme : LA Biennale Panafricaine  des Droits de l\u2019Homme et de l\u2019Humanitaire f\u00e9licite la CNDHCI"},"content":{"rendered":"<p>La Biennale Panafricaine des Droits de l\u2019Homme et de l\u2019Humanitaire exprime sa vive satisfaction \u00e0 l\u2019occasion du lancement le mardi 3 octobre 2016 du prix des Droits de l\u2019Homme de la Commission nationale des Droits de l\u2019Homme de Cote d\u2019Ivoire (CNDHCI).<!--more--><\/p>\n<p>En raison de la haute teneur symbolique et prometteuse de ce prix, la Biennale Panafricaine des Droits de l\u2019Homme et de l\u2019Humanitaire f\u00e9licite la CNDHCI pour cette initiative opportune et salutaire et l\u2019encourage \u00e0 la conduire \u00e0 son terme concret.<br \/>\nLa Biennale Panafricaine des Droits de l\u2019Homme et de l\u2019Humanitaire voudrait assurer la CNDHCI de son soutien  et de sa fructueuse collaboration. Tout comme elle voudrait lui r\u00e9it\u00e9rer sa volont\u00e9 de conduire avec son appui le PRIX sp\u00e9cial  m\u00e9dia pour les Droits de l\u2019Homme  qu\u2019elle a cr\u00e9\u00e9 avec l\u2019Union nationale des journalistes de c\u00f4te d\u2019ivoire (UNJCI).<br \/>\nCe PRIX sp\u00e9cial M\u00e9dia se veut une autre contribution \u00e0 la promotion et \u00e0 la protection des Droits de l\u2019Homme en C\u00f4te d\u2019Ivoire.<br \/>\nLa Biennale panafricaine des Droits de l\u2019Homme et de l\u2019Humanitaire souhaite  succ\u00e8s, long\u00e9vit\u00e9 au prix national des Droits de l\u2019Homme de la CNDHCI.  <\/p>\n<p>Fait \u00e0 Abidjan le 3 octobre 2016<\/p>\n<p>Le commissaire general de la Biennale panafricaine des Droits de l&#8217;homme et de l&#8217;humanitaire<\/p>\n<p>YAO NOEL<\/p>\n","protected":false},"excerpt":{"rendered":"<p>La Biennale Panafricaine des Droits de l\u2019Homme et de l\u2019Humanitaire exprime sa vive satisfaction \u00e0 l\u2019occasion du lancement le mardi 3 octobre 2016 du prix des Droits de l\u2019Homme de la Commission nationale des Droits de l\u2019Homme de Cote d\u2019Ivoire (CNDHCI).<\/p>\n","protected":false},"author":2,"featured_media":477,"comment_status":"open","ping_status":"closed","sticky":false,"template":"","format":"standard","meta":{"_monsterinsights_skip_tracking":false,"_monsterinsights_sitenote_active":false,"_monsterinsights_sitenote_note":"","_monsterinsights_sitenote_category":0,"footnotes":""},"categories":[3],"tags":[],"class_list":["post-476","post","type-post","status-publish","format-standard","has-post-thumbnail","hentry","category-societe"],"_links":{"self":[{"href":"https:\/\/www.lintelligentdabidjan.info\/news\/wp-json\/wp\/v2\/posts\/476","targetHints":{"allow":["GET"]}}],"collection":[{"href":"https:\/\/www.lintelligentdabidjan.info\/news\/wp-json\/wp\/v2\/posts"}],"about":[{"href":"https:\/\/www.lintelligentdabidjan.info\/news\/wp-json\/wp\/v2\/types\/post"}],"author":[{"embeddable":true,"href":"https:\/\/www.lintelligentdabidjan.info\/news\/wp-json\/wp\/v2\/users\/2"}],"replies":[{"embeddable":true,"href":"https:\/\/www.lintelligentdabidjan.info\/news\/wp-json\/wp\/v2\/comments?post=476"}],"version-history":[{"count":1,"href":"https:\/\/www.lintelligentdabidjan.info\/news\/wp-json\/wp\/v2\/posts\/476\/revisions"}],"predecessor-version":[{"id":478,"href":"https:\/\/www.lintelligentdabidjan.info\/news\/wp-json\/wp\/v2\/posts\/476\/revisions\/478"}],"wp:featuredmedia":[{"embeddable":true,"href":"https:\/\/www.lintelligentdabidjan.info\/news\/wp-json\/wp\/v2\/media\/477"}],"wp:attachment":[{"href":"https:\/\/www.lintelligentdabidjan.info\/news\/wp-json\/wp\/v2\/media?parent=476"}],"wp:term":[{"taxonomy":"category","embeddable":true,"href":"https:\/\/www.lintelligentdabidjan.info\/news\/wp-json\/wp\/v2\/categories?post=476"},{"taxonomy":"post_tag","embeddable":true,"href":"https:\/\/www.lintelligentdabidjan.info\/news\/wp-json\/wp\/v2\/tags?post=476"}],"curies":[{"name":"wp","href":"https:\/\/api.w.org\/{rel}","templated":true}]}}