{"id":483,"date":"2016-10-07T08:57:35","date_gmt":"2016-10-07T06:57:35","guid":{"rendered":"http:\/\/www.lintelligentdabidjan.info\/news\/?p=483"},"modified":"2016-10-07T16:02:16","modified_gmt":"2016-10-07T14:02:16","slug":"secteur-de-lelevage-les-autorites-veulent-mettre-de-lordre-dans-le-secteur","status":"publish","type":"post","link":"https:\/\/www.lintelligentdabidjan.info\/news\/secteur-de-lelevage-les-autorites-veulent-mettre-de-lordre-dans-le-secteur\/","title":{"rendered":"Secteur de l\u2019\u00e9levage : Les autorit\u00e9s veulent mettre de l\u2019ordre dans le secteur"},"content":{"rendered":"<p>Le minist\u00e8re des Ressources Animales et Halieutiques veut mettre de l\u2019ordre dans l\u2019activit\u00e9 de l\u2019\u00e9levage en C\u00f4te d\u2019Ivoire. Pour traduire cette volont\u00e9 en acte, un atelier de sensibilisation et d\u2019information se tient \u00e0 cet effet dans un r\u00e9ceptif h\u00f4telier dans la commune de Cocody.<!--more--><\/p>\n<p>La tenue de cet atelier qui a d\u00e9marr\u00e9  le jeudi 06 Octobre 2016 vise \u00e0 mettre en \u0153uvre selon Dr Ouattara Mamadou,  le conseiller technique en charge de la sant\u00e9 animale du ministre des Ressources Animales et Halieutiques l\u2019application enti\u00e8re du d\u00e9cret 98-70 du 13 f\u00e9vrier 1998 fixant les r\u00e8gles g\u00e9n\u00e9rales d\u2019installation des exploitations d\u2019\u00e9levage. \u00ab L\u2019\u00e9levage est devenu aujourd\u2019hui une source non n\u00e9gligeable de revenus pour les populations et un facteur de croissance. Pour arriver \u00e0 cette \u00e9tape, l\u2019Etat de C\u00f4te d\u2019Ivoire, avec le concours des partenaires au d\u00e9veloppement, a engag\u00e9 beaucoup de moyens par la cr\u00e9ation d\u2019un certain nombre de projets et s\u2019est dot\u00e9 d\u2019un cadre institutionnel et juridique. C\u2019est ainsi que devant la n\u00e9cessit\u00e9 de mieux g\u00e9rer l\u2019environnement et l\u2019espace, un d\u00e9cret a \u00e9t\u00e9 sign\u00e9 en 1998, fixant les r\u00e8gles g\u00e9n\u00e9rales d\u2019installation des \u00e9levages \u00bb a expliqu\u00e9 le conseiller technique puis d\u2019ajouter : \u00ab Malheureusement, ce d\u00e9cret n\u2019a pu \u00eatre suffisamment diffus\u00e9 et appliqu\u00e9, car le pays a travers\u00e9, \u00e0 partir de l\u2019ann\u00e9e 1999, une longue et triste p\u00e9riode d\u2019instabilit\u00e9 socio-\u00e9conomique. Pendant cette p\u00e9riode, les installations des exploitations se sont effectu\u00e9es de fa\u00e7on anarchique, allant m\u00eame jusqu\u2019\u00e0 concurrencer les zones d\u2019habitation en milieu urbain \u00bb a d\u00e9plor\u00e9 le collaborateur du ministre Kobenan Adjoumani. C\u2019est au vu de ce constat, et dans l\u2019optique de la relance du secteur de l\u2019\u00e9levage inscrit dans le plan strat\u00e9gique de d\u00e9veloppement de l\u2019\u00e9levage, de la p\u00eache et de l\u2019aquaculture 2014-2020 (PSDEPA) que cet atelier se tient selon le conseiller technique : \u00ab le pr\u00e9sident Alassane Ouattara a mis un point d\u2019honneur \u00e0 la protection de l\u2019environnement, \u00e0 la lutte contre l\u2019insalubrit\u00e9 et le d\u00e9veloppement d\u2019un cadre de vie appropri\u00e9 pour chaque Ivoirien. Nous devons donc sensibiliser et informer tous les acteurs du secteur de l\u2019\u00e9levage, afin que cette activit\u00e9 puisse se d\u00e9rouler dans l\u2019espace d\u00e9volu, car la cohabitation, voire la promiscuit\u00e9 entre l\u2019homme et l\u2019animal peut avoir des cons\u00e9quences dramatiques pour l\u2019homme dont 75% des maladies sont d\u2019origine animale \u00bb. Ce sont  environ 40 s\u00e9minaristes issus de diff\u00e9rents minist\u00e8res techniques qui prennent part \u00e0 ce s\u00e9minaire qui prend fin aujourd\u2019hui vendredi 07 Octobre. <\/p>\n<p>Ernest Famin<\/p>\n","protected":false},"excerpt":{"rendered":"<p>Le minist\u00e8re des Ressources Animales et Halieutiques veut mettre de l\u2019ordre dans l\u2019activit\u00e9 de l\u2019\u00e9levage en C\u00f4te d\u2019Ivoire. Pour traduire cette volont\u00e9 en acte, un atelier de sensibilisation et d\u2019information se tient \u00e0 cet effet dans un r\u00e9ceptif h\u00f4telier dans la commune de Cocody.<\/p>\n","protected":false},"author":2,"featured_media":484,"comment_status":"open","ping_status":"closed","sticky":false,"template":"","format":"standard","meta":{"_monsterinsights_skip_tracking":false,"_monsterinsights_sitenote_active":false,"_monsterinsights_sitenote_note":"","_monsterinsights_sitenote_category":0,"footnotes":""},"categories":[18,3],"tags":[],"class_list":["post-483","post","type-post","status-publish","format-standard","has-post-thumbnail","hentry","category-economie","category-societe"],"_links":{"self":[{"href":"https:\/\/www.lintelligentdabidjan.info\/news\/wp-json\/wp\/v2\/posts\/483","targetHints":{"allow":["GET"]}}],"collection":[{"href":"https:\/\/www.lintelligentdabidjan.info\/news\/wp-json\/wp\/v2\/posts"}],"about":[{"href":"https:\/\/www.lintelligentdabidjan.info\/news\/wp-json\/wp\/v2\/types\/post"}],"author":[{"embeddable":true,"href":"https:\/\/www.lintelligentdabidjan.info\/news\/wp-json\/wp\/v2\/users\/2"}],"replies":[{"embeddable":true,"href":"https:\/\/www.lintelligentdabidjan.info\/news\/wp-json\/wp\/v2\/comments?post=483"}],"version-history":[{"count":1,"href":"https:\/\/www.lintelligentdabidjan.info\/news\/wp-json\/wp\/v2\/posts\/483\/revisions"}],"predecessor-version":[{"id":485,"href":"https:\/\/www.lintelligentdabidjan.info\/news\/wp-json\/wp\/v2\/posts\/483\/revisions\/485"}],"wp:featuredmedia":[{"embeddable":true,"href":"https:\/\/www.lintelligentdabidjan.info\/news\/wp-json\/wp\/v2\/media\/484"}],"wp:attachment":[{"href":"https:\/\/www.lintelligentdabidjan.info\/news\/wp-json\/wp\/v2\/media?parent=483"}],"wp:term":[{"taxonomy":"category","embeddable":true,"href":"https:\/\/www.lintelligentdabidjan.info\/news\/wp-json\/wp\/v2\/categories?post=483"},{"taxonomy":"post_tag","embeddable":true,"href":"https:\/\/www.lintelligentdabidjan.info\/news\/wp-json\/wp\/v2\/tags?post=483"}],"curies":[{"name":"wp","href":"https:\/\/api.w.org\/{rel}","templated":true}]}}