{"id":4985,"date":"2017-07-22T12:26:01","date_gmt":"2017-07-22T10:26:01","guid":{"rendered":"http:\/\/www.lintelligentdabidjan.info\/news\/?p=4985"},"modified":"2017-07-22T12:27:37","modified_gmt":"2017-07-22T10:27:37","slug":"guillaume-soro-de-retour-de-leurope-jirai-demander-pardon-a-bedie-ouattara-et-gbagbo","status":"publish","type":"post","link":"https:\/\/www.lintelligentdabidjan.info\/news\/guillaume-soro-de-retour-de-leurope-jirai-demander-pardon-a-bedie-ouattara-et-gbagbo\/","title":{"rendered":"Guillaume Soro de retour de l\u2019Europe &#8220;J\u2019irai demander pardon \u00e0 B\u00e9di\u00e9, Ouattara et Gbagbo&#8221;"},"content":{"rendered":"<p>Le pr\u00e9sident de l\u2019Assembl\u00e9e nationale a rentr\u00e9 au bercail le jeudi 20 juillet 2017 apr\u00e8s une tourn\u00e9e europ\u00e9enne. <!--more-->A son arriv\u00e9e \u00e0 l\u2019A\u00e9roport, Guillaume Soro a indiqu\u00e9 qu\u2019il ira demander pardon au pr\u00e9sident de la R\u00e9publique Alassane Ouattara, au pr\u00e9sident du Pdci Henri Konan B\u00e9di\u00e9 et \u00e0 l\u2019ex-chef de l\u2019Etat Laurent Gbagbo. Ci-dessous sa d\u00e9claration :<br \/>\nMesdames et Messieurs les journalistes,<br \/>\nJe reviens d\u2019une longue mission en Europe, mission qui m\u2019a conduit respectivement en Belgique, au Luxembourg et en France. D\u2019abord, en Belgique j\u2019\u00e9tais en visite officielle au Parlement de la F\u00e9d\u00e9ration Wallonie-Bruxelles o\u00f9 j\u2019ai sign\u00e9 une convention entre nos deux institutions parlementaires.<br \/>\nEnsuite, au Luxembourg o\u00f9 j\u2019ai \u00e9t\u00e9 \u00e9lu 1er Vice-Pr\u00e9sident de l\u2019Assembl\u00e9e Parlementaire de la Francophonie et o\u00f9 j\u2019ai pu rencontrer les plus hautes autorit\u00e9s de ce beau pays.<br \/>\nEnfin, j\u2019ai \u00e9t\u00e9 \u00e0 Paris, \u00e0 l\u2019Assembl\u00e9e nationale fran\u00e7aise o\u00f9 j\u2019ai \u00e9t\u00e9 re\u00e7u par mon homologue, M. Fran\u00e7ois de RUGY, et o\u00f9 j\u2019ai pu nouer des contacts politiques importants.<br \/>\nDe retour en C\u00f4te d\u2019Ivoire, j\u2019ai pu noter des signes d&#8217;agitations. En tant qu\u2019acteur politique et au nom de la responsabilit\u00e9 qui est la mienne, je voudrais lancer un appel au calme, \u00e0 la pond\u00e9ration et \u00e0 la retenue aux uns et aux autres. Personne n\u2019a int\u00e9r\u00eat \u00e0 jouer contre la tranquillit\u00e9, la s\u00e9r\u00e9nit\u00e9 et la stabilit\u00e9 de la C\u00f4te d\u2019Ivoire.<br \/>\nNotre pays attend de chacun de nous de la mesure et de la mod\u00e9ration. Vous vous en souviendrez, le 3 avril 2017, j&#8217;ai plac\u00e9 la premi\u00e8re ann\u00e9e de cette l\u00e9gislature sous le triple sceau de la Repentance, du Pardon et de la R\u00e9conciliation. Je note aussi que l&#8217;ann\u00e9e pastorale a pour th\u00e8me : &#8220;toi, laisse-l\u00e0 ton offrande, et va te r\u00e9concilier avec ton fr\u00e8re &#8230;&#8221; Tout ceci nous invite tous, tous les acteurs politiques sans exceptions, \u00e0 faire preuve d&#8217;humilit\u00e9 et de grandeur.<br \/>\nPour ma part, j\u2019ai d\u00e9cid\u00e9 de demander, une fois de plus, pardon aux Ivoiriens, pour tout ce que, depuis 2002, j\u2019ai pu consciemment ou inconsciemment commettre comme offenses \u00e0 ce peuple qui a tant souffert. J\u2019adopterai la m\u00eame approche du Pardon et j&#8217;irai demander Pardon \u00e0 mes a\u00een\u00e9s les pr\u00e9sidents Henri Konan BEDIE, Alassane OUATTARA et aussi Laurent GBAGBO pour tous les torts, manquements ou offenses que moi-m\u00eame ou mes proches ont pu causer \u00e0 chacun d&#8217;entre eux sp\u00e9cifiquement.<br \/>\nJe demeure convaincu que toutes les filles et tous les fils de ce pays doivent r\u00e9solument emprunter le chemin de la vraie repentance et de la vraie r\u00e9conciliation. En ce qui me concerne j&#8217;ai d\u00e9j\u00e0 pardonn\u00e9 et je suis d\u00e9sormais sans rancune ni col\u00e8re.<br \/>\nJe vous en conjure, ne nous divisons pas. La division ne pourra que nous mener \u00e0 la catastrophe. Rassemblons-nous ! C\u2019est cette mission de rassemblement par le pardon et la r\u00e9conciliation que je me suis assign\u00e9 et rien ne devrait m\u2019en d\u00e9tourner. Je m&#8217;engage \u00e0 travailler davantage, et plus que par le pass\u00e9, pour reconstruire l\u2019union de toutes les filles et tous les fils de la C\u00f4te d\u2019Ivoire.<\/p>\n<p>Guillaume Kigbafori SORO<\/p>\n","protected":false},"excerpt":{"rendered":"<p>Le pr\u00e9sident de l\u2019Assembl\u00e9e nationale a rentr\u00e9 au bercail le jeudi 20 juillet 2017 apr\u00e8s une tourn\u00e9e europ\u00e9enne.<\/p>\n","protected":false},"author":2,"featured_media":4986,"comment_status":"closed","ping_status":"closed","sticky":false,"template":"","format":"standard","meta":{"_monsterinsights_skip_tracking":false,"_monsterinsights_sitenote_active":false,"_monsterinsights_sitenote_note":"","_monsterinsights_sitenote_category":0,"footnotes":""},"categories":[2,17],"tags":[35,175,146,34],"class_list":["post-4985","post","type-post","status-publish","format-standard","has-post-thumbnail","hentry","category-featured","category-politique","tag-bedie","tag-gbagbo","tag-guillaume-soro","tag-ouattara"],"_links":{"self":[{"href":"https:\/\/www.lintelligentdabidjan.info\/news\/wp-json\/wp\/v2\/posts\/4985","targetHints":{"allow":["GET"]}}],"collection":[{"href":"https:\/\/www.lintelligentdabidjan.info\/news\/wp-json\/wp\/v2\/posts"}],"about":[{"href":"https:\/\/www.lintelligentdabidjan.info\/news\/wp-json\/wp\/v2\/types\/post"}],"author":[{"embeddable":true,"href":"https:\/\/www.lintelligentdabidjan.info\/news\/wp-json\/wp\/v2\/users\/2"}],"replies":[{"embeddable":true,"href":"https:\/\/www.lintelligentdabidjan.info\/news\/wp-json\/wp\/v2\/comments?post=4985"}],"version-history":[{"count":1,"href":"https:\/\/www.lintelligentdabidjan.info\/news\/wp-json\/wp\/v2\/posts\/4985\/revisions"}],"predecessor-version":[{"id":4987,"href":"https:\/\/www.lintelligentdabidjan.info\/news\/wp-json\/wp\/v2\/posts\/4985\/revisions\/4987"}],"wp:featuredmedia":[{"embeddable":true,"href":"https:\/\/www.lintelligentdabidjan.info\/news\/wp-json\/wp\/v2\/media\/4986"}],"wp:attachment":[{"href":"https:\/\/www.lintelligentdabidjan.info\/news\/wp-json\/wp\/v2\/media?parent=4985"}],"wp:term":[{"taxonomy":"category","embeddable":true,"href":"https:\/\/www.lintelligentdabidjan.info\/news\/wp-json\/wp\/v2\/categories?post=4985"},{"taxonomy":"post_tag","embeddable":true,"href":"https:\/\/www.lintelligentdabidjan.info\/news\/wp-json\/wp\/v2\/tags?post=4985"}],"curies":[{"name":"wp","href":"https:\/\/api.w.org\/{rel}","templated":true}]}}