{"id":5078,"date":"2017-07-31T11:43:16","date_gmt":"2017-07-31T09:43:16","guid":{"rendered":"http:\/\/www.lintelligentdabidjan.info\/news\/?p=5078"},"modified":"2017-07-31T11:46:18","modified_gmt":"2017-07-31T09:46:18","slug":"exploitation-des-forets-classees-la-ferme-mise-en-garde-de-sangafowa-coulibaly","status":"publish","type":"post","link":"https:\/\/www.lintelligentdabidjan.info\/news\/exploitation-des-forets-classees-la-ferme-mise-en-garde-de-sangafowa-coulibaly\/","title":{"rendered":"Exploitation des for\u00eats class\u00e9es : La ferme mise en garde de Sangafowa Coulibaly"},"content":{"rendered":"<p>La sixi\u00e8me \u00e9dition des Journ\u00e9es de l\u2019administration agricole d\u00e9centralis\u00e9e (JAAD) s\u2019est achev\u00e9e le samedi 29 juillet 2017, par un message fort du ministre de l\u2019Agriculture et du D\u00e9veloppement rural \u00e0 l\u2019endroit des exploitants des for\u00eats class\u00e9es : \u00ab Il ne sert \u00e0 rien d\u2019aller dans les for\u00eats class\u00e9es et produire parce que quand viendra le moment de la r\u00e9pression, leurs efforts seront vains \u00bb.\u00a0<!--more--> Ouvertes jeudi dernier \u00e0 Aboisso, chef-lieu de la r\u00e9gion du Sud-Como\u00e9, les JAAD 2017 ont \u00e9t\u00e9 l\u2019occasion pour le ministre en charge de l\u2019Agriculture de rappeler que les questions li\u00e9es \u00e0 l\u2019infiltration des for\u00eats class\u00e9es par des planteurs clandestins constituent une pr\u00e9occupation aussi bien pour le gouvernement que pour les partenaires techniques et financiers de la C\u00f4te d\u2019Ivoire. C\u2019est pourquoi, au cours des nombreux \u00e9changes qu\u2019il a eus avec les autorit\u00e9s, les cadres, les \u00e9lus et les producteurs de la r\u00e9gion du Sud-Como\u00e9, le ministre de l\u2019Agriculture et du D\u00e9veloppement rural a mis le corps pr\u00e9fectoral en mission, \u00e0 l\u2019effet de \u00ab veiller \u00e0 ce que les for\u00eats class\u00e9es ne soient pas attaqu\u00e9es \u00bb. Initi\u00e9es par le ministre Sangafowa Coulibaly en 2012, les JAAD permettent, une fois par an, dans une, ou plusieurs r\u00e9gions donn\u00e9es, de rapprocher l\u2019administration agricole centrale et d\u00e9concentr\u00e9e des populations rurales. L\u2019objectif est de recueillir leurs pr\u00e9occupations pour trouver des solutions durables adapt\u00e9es \u00e0 leur contexte.<\/p>\n<p>OD avec sercom Minader<\/p>\n","protected":false},"excerpt":{"rendered":"<p>La sixi\u00e8me \u00e9dition des Journ\u00e9es de l\u2019administration agricole d\u00e9centralis\u00e9e (JAAD) s\u2019est achev\u00e9e le samedi 29 juillet 2017, par un message fort du ministre de l\u2019Agriculture et du D\u00e9veloppement rural \u00e0 l\u2019endroit des exploitants des for\u00eats class\u00e9es : \u00ab Il ne sert \u00e0 rien d\u2019aller dans les for\u00eats class\u00e9es et produire parce que quand viendra le [&hellip;]<\/p>\n","protected":false},"author":2,"featured_media":5079,"comment_status":"closed","ping_status":"closed","sticky":false,"template":"","format":"standard","meta":{"_monsterinsights_skip_tracking":false,"_monsterinsights_sitenote_active":false,"_monsterinsights_sitenote_note":"","_monsterinsights_sitenote_category":0,"footnotes":""},"categories":[2,1],"tags":[],"class_list":["post-5078","post","type-post","status-publish","format-standard","has-post-thumbnail","hentry","category-featured","category-actualites"],"_links":{"self":[{"href":"https:\/\/www.lintelligentdabidjan.info\/news\/wp-json\/wp\/v2\/posts\/5078","targetHints":{"allow":["GET"]}}],"collection":[{"href":"https:\/\/www.lintelligentdabidjan.info\/news\/wp-json\/wp\/v2\/posts"}],"about":[{"href":"https:\/\/www.lintelligentdabidjan.info\/news\/wp-json\/wp\/v2\/types\/post"}],"author":[{"embeddable":true,"href":"https:\/\/www.lintelligentdabidjan.info\/news\/wp-json\/wp\/v2\/users\/2"}],"replies":[{"embeddable":true,"href":"https:\/\/www.lintelligentdabidjan.info\/news\/wp-json\/wp\/v2\/comments?post=5078"}],"version-history":[{"count":1,"href":"https:\/\/www.lintelligentdabidjan.info\/news\/wp-json\/wp\/v2\/posts\/5078\/revisions"}],"predecessor-version":[{"id":5080,"href":"https:\/\/www.lintelligentdabidjan.info\/news\/wp-json\/wp\/v2\/posts\/5078\/revisions\/5080"}],"wp:featuredmedia":[{"embeddable":true,"href":"https:\/\/www.lintelligentdabidjan.info\/news\/wp-json\/wp\/v2\/media\/5079"}],"wp:attachment":[{"href":"https:\/\/www.lintelligentdabidjan.info\/news\/wp-json\/wp\/v2\/media?parent=5078"}],"wp:term":[{"taxonomy":"category","embeddable":true,"href":"https:\/\/www.lintelligentdabidjan.info\/news\/wp-json\/wp\/v2\/categories?post=5078"},{"taxonomy":"post_tag","embeddable":true,"href":"https:\/\/www.lintelligentdabidjan.info\/news\/wp-json\/wp\/v2\/tags?post=5078"}],"curies":[{"name":"wp","href":"https:\/\/api.w.org\/{rel}","templated":true}]}}