{"id":5092,"date":"2017-08-01T10:46:22","date_gmt":"2017-08-01T08:46:22","guid":{"rendered":"http:\/\/www.lintelligentdabidjan.info\/news\/?p=5092"},"modified":"2017-08-01T10:46:22","modified_gmt":"2017-08-01T08:46:22","slug":"aboisso-developpement-ce-qui-a-ete-decide-pour-le-palmier-a-huile-et-lhevea","status":"publish","type":"post","link":"https:\/\/www.lintelligentdabidjan.info\/news\/aboisso-developpement-ce-qui-a-ete-decide-pour-le-palmier-a-huile-et-lhevea\/","title":{"rendered":"Aboisso \/ D\u00e9veloppement : Ce qui a \u00e9t\u00e9 d\u00e9cid\u00e9 pour le palmier \u00e0 huile et l\u2019h\u00e9v\u00e9a"},"content":{"rendered":"<p>D\u2019importantes d\u00e9cisions ont \u00e9t\u00e9 prises \u00e0 Aboisso (Sud-Como\u00e9) lors des journ\u00e9es nationales de l\u2019administration agricole d\u00e9localis\u00e9es (JAAD) qui se sont d\u00e9roul\u00e9es du 27 au 29 juillet 2017. <!--more-->Le ministre Sangafowa Coulibaly, initiateur de ces journ\u00e9es a annonc\u00e9 l\u2019imminence de la mise en application de r\u00e9formes dans le secteur du palmier \u00e0 huile et de l\u2019h\u00e9v\u00e9a. \u00ab\u00a0 C\u2019est une volont\u00e9 forte du Pr\u00e9sident de la R\u00e9publique, Son Excellence M. Alassane Ouattara, qui se concr\u00e9tise. Apr\u00e8s celle (la r\u00e9forme, ndlr) les fili\u00e8res de coton, de l\u2019anacarde, palmier \u00e0 huile et h\u00e9v\u00e9a verront \u00e9galement leur structure de r\u00e9gulation \u00bb, a soulign\u00e9 le ministre Sangafowa Coulibaly. Dans son discours de cl\u00f4ture de la 6\u00e8me \u00e9dition des JAAD, le ministre a fait savoir qu\u2019il est temps que cette fili\u00e8re exemplaire, au regard des r\u00e9sultats encourageants obtenus, soit r\u00e9gul\u00e9e : \u00ab C\u2019est le moment de s\u2019assurer qu\u2019il y a un gendarme pour veiller au respect des normes pour ne pas que la fili\u00e8re p\u00e9riclite, parce que la question de d\u00e9veloppement reste l\u2019affaire des interprofessions \u00bb. La r\u00e9gion du Sud-Como\u00e9 est une grande productrice de palmier \u00e0 huile et d\u2019h\u00e9v\u00e9a, en plus des unit\u00e9s de transformation locale de la mati\u00e8re premi\u00e8re. Apr\u00e8s la r\u00e9forme de la fili\u00e8re caf\u00e9-cacao (2012) et celle du coton-anacarde engag\u00e9e en 2014, la fili\u00e8re palmier \u00e0 huile-h\u00e9v\u00e9a est en passe d\u2019\u00eatre reform\u00e9e. L\u2019avant-projet de loi relative \u00e0 cette r\u00e9forme a \u00e9t\u00e9 vot\u00e9e en commission, reste le vote en pl\u00e9ni\u00e8re pr\u00e9vue du 31 juillet au 1er ao\u00fbt 2017 \u00e0 l\u2019Assembl\u00e9e nationale. Cette r\u00e9forme devra asseoir un organe de r\u00e9gulation dans chacun de ces deux secteurs.<\/p>\n<p>OD avec sercom Minader<\/p>\n","protected":false},"excerpt":{"rendered":"<p>D\u2019importantes d\u00e9cisions ont \u00e9t\u00e9 prises \u00e0 Aboisso (Sud-Como\u00e9) lors des journ\u00e9es nationales de l\u2019administration agricole d\u00e9localis\u00e9es (JAAD) qui se sont d\u00e9roul\u00e9es du 27 au 29 juillet 2017.<\/p>\n","protected":false},"author":2,"featured_media":5093,"comment_status":"closed","ping_status":"closed","sticky":false,"template":"","format":"standard","meta":{"footnotes":""},"categories":[2,18],"tags":[205,207,206],"class_list":["post-5092","post","type-post","status-publish","format-standard","has-post-thumbnail","hentry","category-featured","category-economie","tag-aboisso","tag-hevea","tag-palmier-a-huile"],"_links":{"self":[{"href":"https:\/\/www.lintelligentdabidjan.info\/news\/wp-json\/wp\/v2\/posts\/5092","targetHints":{"allow":["GET"]}}],"collection":[{"href":"https:\/\/www.lintelligentdabidjan.info\/news\/wp-json\/wp\/v2\/posts"}],"about":[{"href":"https:\/\/www.lintelligentdabidjan.info\/news\/wp-json\/wp\/v2\/types\/post"}],"author":[{"embeddable":true,"href":"https:\/\/www.lintelligentdabidjan.info\/news\/wp-json\/wp\/v2\/users\/2"}],"replies":[{"embeddable":true,"href":"https:\/\/www.lintelligentdabidjan.info\/news\/wp-json\/wp\/v2\/comments?post=5092"}],"version-history":[{"count":1,"href":"https:\/\/www.lintelligentdabidjan.info\/news\/wp-json\/wp\/v2\/posts\/5092\/revisions"}],"predecessor-version":[{"id":5094,"href":"https:\/\/www.lintelligentdabidjan.info\/news\/wp-json\/wp\/v2\/posts\/5092\/revisions\/5094"}],"wp:featuredmedia":[{"embeddable":true,"href":"https:\/\/www.lintelligentdabidjan.info\/news\/wp-json\/wp\/v2\/media\/5093"}],"wp:attachment":[{"href":"https:\/\/www.lintelligentdabidjan.info\/news\/wp-json\/wp\/v2\/media?parent=5092"}],"wp:term":[{"taxonomy":"category","embeddable":true,"href":"https:\/\/www.lintelligentdabidjan.info\/news\/wp-json\/wp\/v2\/categories?post=5092"},{"taxonomy":"post_tag","embeddable":true,"href":"https:\/\/www.lintelligentdabidjan.info\/news\/wp-json\/wp\/v2\/tags?post=5092"}],"curies":[{"name":"wp","href":"https:\/\/api.w.org\/{rel}","templated":true}]}}