{"id":530,"date":"2016-10-09T18:40:17","date_gmt":"2016-10-09T16:40:17","guid":{"rendered":"http:\/\/www.lintelligentdabidjan.info\/news\/?p=530"},"modified":"2016-10-09T18:41:31","modified_gmt":"2016-10-09T16:41:31","slug":"le-chef-central-des-senoufo-dadjame-intronise-les-mots-dordre-du-general-issa-coulibaly-tailler-en-pieces-ce-mensonge","status":"publish","type":"post","link":"https:\/\/www.lintelligentdabidjan.info\/news\/le-chef-central-des-senoufo-dadjame-intronise-les-mots-dordre-du-general-issa-coulibaly-tailler-en-pieces-ce-mensonge\/","title":{"rendered":"Le chef central des Senoufo d&#8217;Adjam\u00e9 intronis\u00e9 : les mots d&#8217;ordre du g\u00e9n\u00e9ral Issa Coulibaly : &#8221; tailler en pi\u00e8ces ce mensonge &#8220;"},"content":{"rendered":"<p>\u00ab Le chef ne fait pas de politique politicienne. Les intrigues de bas aloi son inconnus par le chef. Mais nous sommes dans une circonstance o\u00f9 l\u2019actualit\u00e9 politique m\u2019oblige \u00e0  ouvrir une lucarne. Le chef ne fait pas de politique, mais il doit pouvoir guider. Il doit pouvoir orienter, conseiller \u00bb. <!--more--><\/p>\n<p>C\u2019est en ces termes que le g\u00e9n\u00e9ral Issa Coulibaly, le Directeur g\u00e9n\u00e9ral des Douanes, repr\u00e9sentant le samedi 8 octobre 2016 Amadou Gon Coulibaly, le ministre d\u2019Etat, Secr\u00e9taire g\u00e9n\u00e9ral de la pr\u00e9sidence de la R\u00e9publique, parrain de la c\u00e9r\u00e9monie d\u2019intronisation du chef traditionnel de la communaut\u00e9 s\u00e9noufo d\u2019Adjam\u00e9 organis\u00e9e au stade de ladite commune, a justifi\u00e9 l\u2019orientation de son discours vers l\u2019avant-projet de loi portant nouvelle Constitution.   <\/p>\n<p>Au sujet de cette Constitution dont le pr\u00e9sident de la R\u00e9publique, Alassane Ouattara, veut doter la C\u00f4te d\u2019Ivoire, le g\u00e9n\u00e9ral Issa Coulibaly a indiqu\u00e9 aux chefs traditionnels s\u00e9noufo r\u00e9unis pour l\u2019occasion, que \u00ab les proph\u00e8tes de malheurs, les cassandres disent que nous n\u2019avons pas besoin d\u2019une nouvelle Constitution \u00bb et \u00ab veulent organiser des sit-in \u00bb en plusieurs endroits. <\/p>\n<p>\u00ab Mais, vous devez tailler en pi\u00e8ces ce mensonge. Qui ne se souvient des d\u00e9chirures, de la descente aux enfers de notre pays lors des diff\u00e9rentes successions (\u00e0 la pr\u00e9sidence de la R\u00e9publique, Ndlr) ? Notre Constitution actuelle est truff\u00e9e de g\u00eanes conflig\u00e8nes qui ont plong\u00e9 le pays dans une crise sans nom dont le paroxysme a \u00e9t\u00e9 la crise post\u00e9lectorale que nous avons connue. C\u2019est de tout cela que le pr\u00e9sident Alassane Ouattara ne veut plus. (\u2026) Il s\u2019agit de donner \u00e0 notre pays une norme juridique sup\u00e9rieure qui le mette d\u00e9finitivement \u00e0 l\u2019abri des aventures, des querelles fratricides, pour lui donner un socle de paix. Car sans la paix, sans la stabilit\u00e9, rien de grand ne peut se construire. On a souvent entendu que le succ\u00e8s de ce pays repose sur l\u2019agriculture. Cela est sans doute vrai. Mais, il faut tout suite ajouter que le succ\u00e8s du pays d\u2019Houphou\u00ebt-Boigny a longtemps repos\u00e9 sur la paix, sur la stabilit\u00e9. C\u2019est cela que nous avons perdu \u00bb, a expliqu\u00e9 le Directeur g\u00e9n\u00e9ral des Douanes.  Le pr\u00e9sident Ouattara, a-t-il poursuivi, veut doter la C\u00f4te d\u2019Ivoire d\u2019une nouvelle Constitution pour mener le vrai combat qui vaille la peine d\u2019\u00eatre men\u00e9. A savoir, \u00ab le combat pour le d\u00e9veloppement, pour la prosp\u00e9rit\u00e9, le progr\u00e8s et l\u2019\u00e9mergence \u00bb.<\/p>\n<p>Au nom du Secr\u00e9taire g\u00e9n\u00e9ral de la pr\u00e9sidence, il a alors livr\u00e9 ce message aux chefs senoufo : \u00ab Lorsque cette Constitution sera soumise au vote r\u00e9f\u00e9rendaire, sortez massivement comme u seul homme pour voter \u201coui\u2019\u2019 \u00e0 cette Constitution pour la 3e R\u00e9publique. En tant que chefs, vous \u00eates les premiers en contact avec les populations, avec nos parents. C\u2019est pourquoi, vous devez leur faire comprendre, partout o\u00f9 ils sont, l\u2019opportunit\u00e9 de d\u00e9barrasser la C\u00f4te d\u2019Ivoire de cette Constitution conflig\u00e8ne, faite d\u2019exclusion. Ceci, pour doter la C\u00f4te d\u2019Ivoire d\u2019une Constitution qui l\u2019am\u00e8ne de fa\u00e7on d\u00e9finitive dans la stabilit\u00e9. \u00bb. Le g\u00e9n\u00e9ral Issa Coulibaly a, par ailleurs, salu\u00e9 l\u2019esprit d\u2019organisation de la communaut\u00e9 s\u00e9noufo dont celle d\u2019Adjam\u00e9 qui s\u2019est \u00ab librement donn(\u00e9e) un chef \u00bb, en la personne de Coulibaly Ali. Youssouf Sylla et Danho Paulin, les maires des communes d\u2019Adjam\u00e9 et d\u2019Att\u00e9coub\u00e9 comptaient parmi les personnalit\u00e9s qui ont honor\u00e9 de leur pr\u00e9sence cette c\u00e9r\u00e9monie.<\/p>\n<p>Alex Agui\u00e9<\/p>\n","protected":false},"excerpt":{"rendered":"<p>\u00ab Le chef ne fait pas de politique politicienne. Les intrigues de bas aloi son inconnus par le chef. Mais nous sommes dans une circonstance o\u00f9 l\u2019actualit\u00e9 politique m\u2019oblige \u00e0 ouvrir une lucarne. Le chef ne fait pas de politique, mais il doit pouvoir guider. Il doit pouvoir orienter, conseiller \u00bb.<\/p>\n","protected":false},"author":2,"featured_media":0,"comment_status":"closed","ping_status":"closed","sticky":false,"template":"","format":"standard","meta":{"_monsterinsights_skip_tracking":false,"_monsterinsights_sitenote_active":false,"_monsterinsights_sitenote_note":"","_monsterinsights_sitenote_category":0,"footnotes":""},"categories":[3],"tags":[],"class_list":["post-530","post","type-post","status-publish","format-standard","hentry","category-societe"],"_links":{"self":[{"href":"https:\/\/www.lintelligentdabidjan.info\/news\/wp-json\/wp\/v2\/posts\/530","targetHints":{"allow":["GET"]}}],"collection":[{"href":"https:\/\/www.lintelligentdabidjan.info\/news\/wp-json\/wp\/v2\/posts"}],"about":[{"href":"https:\/\/www.lintelligentdabidjan.info\/news\/wp-json\/wp\/v2\/types\/post"}],"author":[{"embeddable":true,"href":"https:\/\/www.lintelligentdabidjan.info\/news\/wp-json\/wp\/v2\/users\/2"}],"replies":[{"embeddable":true,"href":"https:\/\/www.lintelligentdabidjan.info\/news\/wp-json\/wp\/v2\/comments?post=530"}],"version-history":[{"count":2,"href":"https:\/\/www.lintelligentdabidjan.info\/news\/wp-json\/wp\/v2\/posts\/530\/revisions"}],"predecessor-version":[{"id":532,"href":"https:\/\/www.lintelligentdabidjan.info\/news\/wp-json\/wp\/v2\/posts\/530\/revisions\/532"}],"wp:attachment":[{"href":"https:\/\/www.lintelligentdabidjan.info\/news\/wp-json\/wp\/v2\/media?parent=530"}],"wp:term":[{"taxonomy":"category","embeddable":true,"href":"https:\/\/www.lintelligentdabidjan.info\/news\/wp-json\/wp\/v2\/categories?post=530"},{"taxonomy":"post_tag","embeddable":true,"href":"https:\/\/www.lintelligentdabidjan.info\/news\/wp-json\/wp\/v2\/tags?post=530"}],"curies":[{"name":"wp","href":"https:\/\/api.w.org\/{rel}","templated":true}]}}