{"id":5303,"date":"2017-08-21T09:56:35","date_gmt":"2017-08-21T07:56:35","guid":{"rendered":"http:\/\/www.lintelligentdabidjan.info\/news\/?p=5303"},"modified":"2017-08-21T09:58:06","modified_gmt":"2017-08-21T07:58:06","slug":"region-du-belier-meeting-de-remobilisation-en-vue-du-3e-congres-du-rdr","status":"publish","type":"post","link":"https:\/\/www.lintelligentdabidjan.info\/news\/region-du-belier-meeting-de-remobilisation-en-vue-du-3e-congres-du-rdr\/","title":{"rendered":"R\u00e9gion du B\u00e9lier : Meeting de remobilisation en vue du 3e congr\u00e8s du RDR"},"content":{"rendered":"<p>Le Ministre Diarrassouba Souleymane appelle \u00e0 l\u2019union sacr\u00e9e autour d\u2019ADO<!--more--><br \/>\nSuperviseur de la R\u00e9gion du B\u00e9lier et du District\u00a0 Autonome de Yamoussoukro, en vue du 3e Congr\u00e8s ordinaire\u00a0 du Rassemblement Des R\u00e9publicains (RDR), pr\u00e9vu les 09 et 10 septembre prochain \u00e0 Abidjan, le ministre Diarrassouba Souleymane, ministre de l\u2019Artisanat, du Commerce et de la Promotion des PME\u00a0 a anin\u00e9 un meeting le samedi 19 Ao\u00fbt dernier, \u00e0 Yamoussoukro. Et ce, devant des milliers de militants et sympathisants du parti, qui avaient pris d\u2019assaut, tr\u00e8s t\u00f4t le matin l\u2019esplanade de la Fondation F\u00e9lix Houphou\u00ebt-Boigny. Prenant la parole, l\u2019\u00e9missaire de la Direction du RDR\u00a0 a manifest\u00e9 la reconnaissance\u00a0 aux\u00a0 pionniers locaux\u00a0 du parti, disparus tr\u00e8s t\u00f4t. \u00ab Nous leur devons un hommage appuy\u00e9 pour tout ce qu\u2019ils ont apport\u00e9 pour l\u2019implantation et le rayonnement du RDR. En leur m\u00e9moire, nous devons \u00eatre des femmes et des hommes debout, fermement engag\u00e9s et d\u00e9termin\u00e9s pour la prosp\u00e9rit\u00e9 du RDR. \u00bb, a-t-il conseill\u00e9. Revenant sur le 3e Congr\u00e8s ordinaire\u00a0 du parti \u00e0 la case, RDR, le ministre Diarrassouba\u00a0 a expliqu\u00e9 le contexte dans lequel ces assises,\u00a0 devront se tenir. Selon lui, cela exige de profondes r\u00e9flexions sur le parcours commun, sur les d\u00e9fis \u00e0 relever et sur les enjeux \u00e0 venir de leur parti. Car, a-t-il\u00a0 signifi\u00e9 \u00ab\u00a0 Nous devons donc prendre appui sur notre pass\u00e9, examiner en profondeur notre pr\u00e9sent pour nous projeter sereinement sur l\u2019avenir. Hier n\u2019est pas loin ; avant-hier aussi n\u2019est pas si loin ! Hier n\u2019est pas loin d\u2019aujourd\u2019hui ; avant-hier aussi n\u2019est pas si loin d\u2019aujourd\u2019hui ! Souvenons-nous ! C\u2019est dans la douleur, au prix de mille et un sacrifices, que le RDR, notre Parti, s\u2019est construit. C\u2019est dans la foi, la d\u00e9termination et la pers\u00e9v\u00e9rance qu\u2019au fil des ann\u00e9es, il a consolid\u00e9 ses bases et son histoire pour conqu\u00e9rir le pouvoir d\u2019Etat. Souvenons-nous, car \u00ab l\u2019histoire est un t\u00e9moignage ! \u00bb a-t-il fait remarquer. Pour le secr\u00e9taire national du RDR charg\u00e9 des PME et de l\u2019artisanat, le 3e congr\u00e8s ne doit donc pas \u00eatre un cadre de division et de r\u00e8glement des comptes, mais plut\u00f4t il doit \u00eatre l\u2019occasion pour chaque militant,\u00a0 d\u2019\u0153uvrer au profit de l\u2019int\u00e9r\u00eat g\u00e9n\u00e9ral. \u00ab Nous devons d\u00e9passer nos blessures personnelles, nos frustrations m\u00eame les plus l\u00e9gitimes, nos col\u00e8res m\u00eame les plus justifi\u00e9es pour construire d\u00e8s aujourd\u2019hui des lendemains meilleurs pour nos enfants, pour les g\u00e9n\u00e9rations futures. Le congr\u00e8s\u00a0 doit servir de cadre \u00e0 la consolidation des bases de notre famille politique. Il doit nous permettre \u00e0 tous de nous accorder pour avancer en harmonie, dans la confiance et la d\u00e9termination vers des horizons bien meilleurs pour chacune et chacun de nous. C\u2019est cela notre responsabilit\u00e9 ; c\u2019est en cela que notre militantisme au RDR, a son sens. \u00bb, a-t-il indiqu\u00e9. A cet effet, il a relev\u00e9 des \u00e9normes sacrifices consentis, par le pr\u00e9sident Ouattara pour le positionnement et le rayonnement de la C\u00f4te d\u2019Ivoire, apr\u00e8s qu\u2019elle a\u00a0 travers\u00e9 une d\u00e9cennie de crise militaro-politique. \u00ab\u00a0 Le Pr\u00e9sident Alassane Ouattara avait trouv\u00e9 un pays d\u00e9chir\u00e9, et sans perspective. Les observateurs les plus avis\u00e9s pr\u00e9disaient que la C\u00f4te d\u2019Ivoire mettrait du temps \u00e0 se relever tant le chaos \u00e9tait partout pr\u00e9sent. Nous \u00e9tions en mai 2011 ! Aujourd\u2019hui, apr\u00e8s seulement six ann\u00e9es, gr\u00e2ce \u00e0 ses comp\u00e9tences, \u00e0 son leadership, son aura personnelle,\u00a0 sa farouche d\u00e9termination \u00e0 faire de la C\u00f4te d\u2019Ivoire un pays qui compte, un pays o\u00f9 il fait bon de vivre ensemble, notre pays est debout et en marche vers l\u2019\u00e9mergence. D\u2019un taux de croissance \u00e9conomique n\u00e9gatif de -4,7% en 2011, notre pays a bondi \u00e0 un taux de croissance de plus de 9% au cours des 5 derni\u00e8res ann\u00e9es. \u00bb, -t-il fait savoir. Et d\u2019ajouter : \u00ab A la d\u00e9solation ambiante, \u00e0 la d\u00e9sesp\u00e9rance partag\u00e9e, \u00e0 l\u2019abandon de soi et de ses r\u00eaves, le Pr\u00e9sident Alassane Ouattara a reconstruit les fils de l\u2019esp\u00e9rance, a r\u00e9tabli la confiance en soi chez les Ivoiriens, leur a communiqu\u00e9 la fiert\u00e9 de compter comme citoyen, d\u2019\u00eatre entendus et \u00e9cout\u00e9s, et de participer, par leurs efforts quotidiens et soutenus, au progr\u00e8s national. Gr\u00e2ce \u00e0 tous ces efforts, les Ivoiriens sont respect\u00e9s partout dans le monde. Nous devons \u00eatre fiers de ce travail merveilleux ! Aujourd\u2019hui la C\u00f4te d\u2019Ivoire a plus qu\u2019hier consolid\u00e9 ses acquis et ses indicateurs macro-\u00e9conomiques sont tous au vert. \u00bb\u00a0 .\u00a0 Aussi, a-t-il rappel\u00e9, les nombreux investissements du Pr\u00e9sident Alassane Ouattara dans son vaste programme de d\u00e9veloppement du pays, qui ont,\u00a0 am\u00e9lior\u00e9 partout le quotidien des populations. \u00ab Yamoussoukro n\u2019est pas demeur\u00e9 en reste \u00bb. Selon le ministre, C\u2019est un investissement global de plus de sept milliards et demi de francs CFA qui a \u00e9t\u00e9 fait pour la r\u00e9alisation des travaux\u00a0 d\u2019extension et de renforcement du r\u00e9seau de distribution d\u2019eau potable de la ville de Yamoussoukro \u00ab La r\u00e9alisation de ces travaux\u00a0 a rendu plus qu\u2019ais\u00e9 l\u2019acc\u00e8s \u00e0 la capitale \u00e9conomique, am\u00e9lior\u00e9 l\u2019attractivit\u00e9 de la destination Yamoussoukro et renforc\u00e9 le d\u00e9veloppement des activit\u00e9s touristiques et h\u00f4teli\u00e8res cr\u00e9atrices d\u2019emplois \u00bb, a -t-il mentionn\u00e9. Non sans indiquer les projets \u00e0 venir pour cette r\u00e9gion. Notamment le p\u00f4le agro industriel dont\u00a0 d\u2019implantation\u00a0 est en cours dans la r\u00e9gion du b\u00e9lier d\u2019un co\u00fbt total de 81 milliards francs dont b\u00e9n\u00e9ficiera 112.000 personnes d\u2019une mani\u00e8re directe, 800 jeunes dipl\u00f4m\u00e9s et 200 PME.\u00a0 C\u2019est pourquoi,\u00a0 il a appel\u00e9 l\u2019assistance en particulier et\u00a0\u00a0 tous les\u00a0 ivoiriens en g\u00e9n\u00e9ral\u00a0 \u00e0 l\u2019union\u00a0 fraternelle sacr\u00e9e autour du pr\u00e9sident. Surtout au sein du RHDP, pour\u00a0 la\u00a0 stabilit\u00e9 durable de notre pays. \u00ab\u00a0 Chaque fois que nous avons \u00e9t\u00e9 divis\u00e9s, notre pays a sombr\u00e9 dans le chaos. De 2000 \u00e0 2010, la division des Ivoiriens a conduit les ivoiriens \u00e0 la violence extr\u00eame et \u00e0 la guerre. \u00bb, a-t-il indiqu\u00e9. Par ailleurs, il a exhort\u00e9 les r\u00e9publicains \u00e0 un rassemblement\u00a0 pour la consolidation des bases du RDR.\u00a0 Il\u00a0 a invit\u00e9\u00a0 les uns et les autres\u00a0 \u00e0 prendre une part tr\u00e8s active au succ\u00e8s du 3\u00e8me Congr\u00e8s du Parti dont le th\u00e8me est : \u00ab Le RDR, pour une C\u00f4te d\u2019Ivoire Rassembl\u00e9e \u00bb.<\/p>\n<p>Kon\u00e9 Ibrahim secr\u00e9taire d\u00e9partemental RDR de Yamoussoukro<\/p>\n<p>\u00ab Jusqu\u2019\u00e0 preuve du contraire, notre candidat en 2020, c\u2019est le pr\u00e9sident Alassane Dramane Ouattara \u00bb<br \/>\nPeu avant le ministre Diarrassouba, le secr\u00e9taire d\u00e9partemental RDR de Yamoussoukro, M. Kon\u00e9 Ibrahim a r\u00e9v\u00e9l\u00e9 la consigne donn\u00e9e aux congressistes de la capitale politique, celle de soutenir la candidature du Pr\u00e9sident Ouattara aux prochaines pr\u00e9sidentielles ivoiriennes de 2020. \u00ab Jusqu\u2019\u00e0 preuve du contraire, notre candidat en 2020, c\u2019est le pr\u00e9sident Alassane Dramane Ouattara \u00bb a-t-il laiss\u00e9 entendre.<\/p>\n<p>Harry Diallo \u00e0 Yamoussoukro<\/p>\n","protected":false},"excerpt":{"rendered":"<p>Le Ministre Diarrassouba Souleymane appelle \u00e0 l\u2019union sacr\u00e9e autour d\u2019ADO<\/p>\n","protected":false},"author":2,"featured_media":5306,"comment_status":"closed","ping_status":"closed","sticky":false,"template":"","format":"standard","meta":{"_monsterinsights_skip_tracking":false,"_monsterinsights_sitenote_active":false,"_monsterinsights_sitenote_note":"","_monsterinsights_sitenote_category":0,"footnotes":""},"categories":[2,17],"tags":[39,72,144,51],"class_list":["post-5303","post","type-post","status-publish","format-standard","has-post-thumbnail","hentry","category-featured","category-politique","tag-alassane-ouattara","tag-rdr","tag-rhdp","tag-yamoussoukro"],"_links":{"self":[{"href":"https:\/\/www.lintelligentdabidjan.info\/news\/wp-json\/wp\/v2\/posts\/5303","targetHints":{"allow":["GET"]}}],"collection":[{"href":"https:\/\/www.lintelligentdabidjan.info\/news\/wp-json\/wp\/v2\/posts"}],"about":[{"href":"https:\/\/www.lintelligentdabidjan.info\/news\/wp-json\/wp\/v2\/types\/post"}],"author":[{"embeddable":true,"href":"https:\/\/www.lintelligentdabidjan.info\/news\/wp-json\/wp\/v2\/users\/2"}],"replies":[{"embeddable":true,"href":"https:\/\/www.lintelligentdabidjan.info\/news\/wp-json\/wp\/v2\/comments?post=5303"}],"version-history":[{"count":1,"href":"https:\/\/www.lintelligentdabidjan.info\/news\/wp-json\/wp\/v2\/posts\/5303\/revisions"}],"predecessor-version":[{"id":5305,"href":"https:\/\/www.lintelligentdabidjan.info\/news\/wp-json\/wp\/v2\/posts\/5303\/revisions\/5305"}],"wp:featuredmedia":[{"embeddable":true,"href":"https:\/\/www.lintelligentdabidjan.info\/news\/wp-json\/wp\/v2\/media\/5306"}],"wp:attachment":[{"href":"https:\/\/www.lintelligentdabidjan.info\/news\/wp-json\/wp\/v2\/media?parent=5303"}],"wp:term":[{"taxonomy":"category","embeddable":true,"href":"https:\/\/www.lintelligentdabidjan.info\/news\/wp-json\/wp\/v2\/categories?post=5303"},{"taxonomy":"post_tag","embeddable":true,"href":"https:\/\/www.lintelligentdabidjan.info\/news\/wp-json\/wp\/v2\/tags?post=5303"}],"curies":[{"name":"wp","href":"https:\/\/api.w.org\/{rel}","templated":true}]}}