{"id":5337,"date":"2017-08-22T09:29:43","date_gmt":"2017-08-22T07:29:43","guid":{"rendered":"http:\/\/www.lintelligentdabidjan.info\/news\/?p=5337"},"modified":"2017-08-22T09:36:03","modified_gmt":"2017-08-22T07:36:03","slug":"gestion-durable-de-la-foret-ivoirienne-des-experts-ont-reflechi-sur-le-programme-national-dinvestissement","status":"publish","type":"post","link":"https:\/\/www.lintelligentdabidjan.info\/news\/gestion-durable-de-la-foret-ivoirienne-des-experts-ont-reflechi-sur-le-programme-national-dinvestissement\/","title":{"rendered":"Gestion durable de la for\u00eat ivoirienne : Des experts ont r\u00e9fl\u00e9chi sur le programme national d\u2019investissement"},"content":{"rendered":"<p>Dans le cadre de la mise en \u0153uvre du plan de convergence forestier de l\u2019Afrique de l\u2019ouest, adopt\u00e9 le 13 septembre 2013 \u00e0 Abidjan par les ministres en charge de la for\u00eat et de la faune, le minist\u00e8re des Eaux et For\u00eats a organis\u00e9\u00a0 un atelier national de validation du programme national d\u2019investissement forestier de la R\u00e9publique de C\u00f4te d\u2019Ivoire. C\u2019\u00e9tait le mercredi 16 Ao\u00fbt 2017 dans un r\u00e9ceptif h\u00f4telier \u00e0 Cocody. <!--more--><br \/>\nDans son intervention, Koffi Bernard, repr\u00e9sentant de la commission de la communaut\u00e9 des Etats de l\u2019Afrique de l\u2019ouest (CEDEAO) a indiqu\u00e9 que cet atelier a pour objectif d\u2019examiner et d\u2019am\u00e9liorer la version provisoire\u00a0 du programme national d\u2019investissement forestier de chaque pays en vue de sa validation par les acteurs nationaux, pour son utilisation en tant qu\u2019outil de plaidoyer et de mobilisation des ressources pour la gestion durable des for\u00eats au niveau du pays. Il ajoutera que \u00ab la d\u00e9gradation des for\u00eats, et la d\u00e9forestation constituent sans nul doute les fl\u00e9aux qui affectent fortement nos \u00e9cosyst\u00e8mes forestiers dont le taux de d\u00e9boisement est donc le plus \u00e9lev\u00e9 par hectares dans le monde. La situation dans notre sous r\u00e9gion est alarmante et devrait nous interpeller pour une mobilisation et un engagement de tous, accroitre des mesures urgentes et coh\u00e9rentes pour la restauration et le maintien de l\u2019\u00e9quilibre du fonctionnement de notre \u00e9cosyst\u00e8me forestier, dans un contexte ou les effets du changement climatique sont de plus en plus perceptibles\u00bb.<br \/>\nQuand \u00e0 Jean Claude Malan, directeur de cabinet du ministre des Eaux et For\u00eats Alain Richard Donwahi, il a fait savoir que l\u2019heure de prendre des mesures urgentes est arriv\u00e9. Cela au regard de la disparition \u00e0 une vitesse vertigineuse\u00a0 du patrimoine forestier aussi bien ivoirien que celui des membres de l\u2019espace CEDEAO. \u00ab La question de la gestion durable et de la conservation de nos for\u00eats est pos\u00e9e compte tenu des superficies en question et des populations qui directement ou indirectement tirent leur revenu de ces for\u00eats \u00bb. En outre, il notera que la superficie foresti\u00e8re initiale ivoirienne a connu une perte de plus de 80%. Toute chose qui a des inconv\u00e9nients selon Jean-Paul Malan sur le climat. \u00ab Cette situation a des cons\u00e9quences perceptibles sur le climat, sur l\u2019\u00e9quilibre naturel du climat qui est modifi\u00e9. Et le climat se r\u00e9ajuste par un r\u00e9chauffement de la surface de la terre. Ce qui est valable pour l\u2019ensemble des pays de la CEDEAO. C\u2019est la raison pour laquelle nous devons tous nous mobiliser et agir vite ensemble. Tout le monde est concern\u00e9, acteurs \u00e9conomiques, d\u00e9cideurs politiques, citoyen, Ong pour adresser cette question \u00bb.<\/p>\n<p>Ernest F<\/p>\n","protected":false},"excerpt":{"rendered":"<p>Dans le cadre de la mise en \u0153uvre du plan de convergence forestier de l\u2019Afrique de l\u2019ouest, adopt\u00e9 le 13 septembre 2013 \u00e0 Abidjan par les ministres en charge de la for\u00eat et de la faune, le minist\u00e8re des Eaux et For\u00eats a organis\u00e9\u00a0 un atelier national de validation du programme national d\u2019investissement forestier de [&hellip;]<\/p>\n","protected":false},"author":2,"featured_media":5340,"comment_status":"closed","ping_status":"closed","sticky":false,"template":"","format":"standard","meta":{"_monsterinsights_skip_tracking":false,"_monsterinsights_sitenote_active":false,"_monsterinsights_sitenote_note":"","_monsterinsights_sitenote_category":0,"footnotes":""},"categories":[1,3],"tags":[],"class_list":["post-5337","post","type-post","status-publish","format-standard","has-post-thumbnail","hentry","category-actualites","category-societe"],"_links":{"self":[{"href":"https:\/\/www.lintelligentdabidjan.info\/news\/wp-json\/wp\/v2\/posts\/5337","targetHints":{"allow":["GET"]}}],"collection":[{"href":"https:\/\/www.lintelligentdabidjan.info\/news\/wp-json\/wp\/v2\/posts"}],"about":[{"href":"https:\/\/www.lintelligentdabidjan.info\/news\/wp-json\/wp\/v2\/types\/post"}],"author":[{"embeddable":true,"href":"https:\/\/www.lintelligentdabidjan.info\/news\/wp-json\/wp\/v2\/users\/2"}],"replies":[{"embeddable":true,"href":"https:\/\/www.lintelligentdabidjan.info\/news\/wp-json\/wp\/v2\/comments?post=5337"}],"version-history":[{"count":3,"href":"https:\/\/www.lintelligentdabidjan.info\/news\/wp-json\/wp\/v2\/posts\/5337\/revisions"}],"predecessor-version":[{"id":5341,"href":"https:\/\/www.lintelligentdabidjan.info\/news\/wp-json\/wp\/v2\/posts\/5337\/revisions\/5341"}],"wp:featuredmedia":[{"embeddable":true,"href":"https:\/\/www.lintelligentdabidjan.info\/news\/wp-json\/wp\/v2\/media\/5340"}],"wp:attachment":[{"href":"https:\/\/www.lintelligentdabidjan.info\/news\/wp-json\/wp\/v2\/media?parent=5337"}],"wp:term":[{"taxonomy":"category","embeddable":true,"href":"https:\/\/www.lintelligentdabidjan.info\/news\/wp-json\/wp\/v2\/categories?post=5337"},{"taxonomy":"post_tag","embeddable":true,"href":"https:\/\/www.lintelligentdabidjan.info\/news\/wp-json\/wp\/v2\/tags?post=5337"}],"curies":[{"name":"wp","href":"https:\/\/api.w.org\/{rel}","templated":true}]}}