{"id":5382,"date":"2017-08-24T11:03:31","date_gmt":"2017-08-24T09:03:31","guid":{"rendered":"http:\/\/www.lintelligentdabidjan.info\/news\/?p=5382"},"modified":"2017-08-24T11:03:31","modified_gmt":"2017-08-24T09:03:31","slug":"la-premiere-dame-a-propos-festival-dangouleme-une-belle-opportunite-pour-le-cinema-ivoirien","status":"publish","type":"post","link":"https:\/\/www.lintelligentdabidjan.info\/news\/la-premiere-dame-a-propos-festival-dangouleme-une-belle-opportunite-pour-le-cinema-ivoirien\/","title":{"rendered":"La Premi\u00e8re Dame \u00e0 propos Festival d\u2019Angoul\u00eame : &#8220;Une belle opportunit\u00e9 pour le cin\u00e9ma ivoirien&#8221;"},"content":{"rendered":"<p>Invit\u00e9e d\u2019honneur de la dixi\u00e8me \u00e9dition du festival du film francophone d\u2019Angoul\u00eame qui a d\u00e9marr\u00e9 officiellement le mardi 22 ao\u00fbt 2017, la Premi\u00e8re Dame Dominique Ouattara y \u00e9tait \u00e0 la c\u00e9r\u00e9monie d\u2019ouverture en qualit\u00e9 d\u2019invit\u00e9e sp\u00e9ciale. Celle-ci\u00a0 a \u00e9t\u00e9\u00a0 marqu\u00e9e par le grand th\u00e9\u00e2tre d\u2019Angoul\u00eame (sc\u00e8ne nationale). Dans son intervention, l\u2019\u00e9pouse du chef de l\u2019Etat ivoirien a salu\u00e9 ce festival qui a fait ses preuves.<!--more--><br \/>\n\u00ab Le Festival du film d\u2019Angoul\u00eame a acquis ses lettres de noblesse, en t\u00e9moigne la tenue de sa dixi\u00e8me \u00e9dition. Ce grand rendez-vous du septi\u00e8me art fran\u00e7ais est \u00e9galement l\u2019occasion de promouvoir la diversit\u00e9 culturelle \u00e0 travers les diff\u00e9rents pays invit\u00e9s chaque ann\u00e9e \u00bb, a d\u00e9clar\u00e9 la Premi\u00e8re Dame. Elle ajoute : \u00ab (\u2026) Durant une semaine, notre pays pr\u00e9sentera son savoir-faire cin\u00e9matographique \u00e0 travers dix longs m\u00e9trages produits par des talentueux r\u00e9alisateurs et acteurs ivoiriens dont les films seront pr\u00e9sent\u00e9s au public \u00bb, s\u2019est r\u00e9jouie la Premi\u00e8re Dame.<br \/>\nC\u2019est dans une p\u00e9riode estivale o\u00f9 les rayons de soleil\u00a0 donnent des couleurs \u00e0 la belle ville d\u2019Angoul\u00eame, situ\u00e9e dans le sud de la France, avec son relief singulier et ses angoumoisins, o\u00f9 habitants d\u2019Angoul\u00eame, particuli\u00e8rement sympathiques et chaleureux ; une myriade d\u2019\u00e9toiles, personnalit\u00e9s administratives et politiques\u00a0\u00a0 se sont retrouv\u00e9es dans le beau jardin d\u2019un complexe h\u00f4telier de la ville, pour le traditionnel cocktail d\u2019ouverture du festival.\u00a0 Angoul\u00eame n\u2019a rien \u00e0 envier \u00e0 Cannes, la ville a tout son charme.<br \/>\nSous les flashs des photographes et dans les viseurs des cam\u00e9ras, la Premi\u00e8re Dame, Dominique Ouattara, l\u2019ex-Pr\u00e9sident fran\u00e7ais, Fran\u00e7ois Hollande, la Maire de Paris, Anne Hildago, l\u2019acteur John Malkovich, les actrices Juliette Binoche, Catherine Deneuve, la pr\u00e9sentatrice Claire Chazal etc.\u2026 Autographes, interviews, retrouvailles. On est d\u00e9j\u00e0 au cin\u00e9ma.<br \/>\nLe ministre de la Culture et de la Francophonie, Maurice Kouakou Bandaman a r\u00e9affirm\u00e9 la volont\u00e9 du Pr\u00e9sident de la R\u00e9publique, Alassane Ouattara de faire de la culture un pilier essentiel de l\u2019\u00e9mergence.<br \/>\nLa pr\u00e9sentation\u00a0 et le lancement du film \u00ab Au Revoir de l\u00e0-haut \u00bb d\u2019Albert\u00a0 Dupontel (tir\u00e9 du roman de Pierre Lemaitre, Prix Goncourt 2013), ont mis fin \u00e0 cette soir\u00e9e.<br \/>\nLes tambourineuses du groupe\u00a0 ivoirien \u00abLes femmes battantes \u00bb ont assur\u00e9 la note\u00a0 artistique de la soir\u00e9e, faisant ainsi la fiert\u00e9 de la d\u00e9l\u00e9gation ivoirienne.<\/p>\n<p>EF avec Sercom<\/p>\n","protected":false},"excerpt":{"rendered":"<p>Invit\u00e9e d\u2019honneur de la dixi\u00e8me \u00e9dition du festival du film francophone d\u2019Angoul\u00eame qui a d\u00e9marr\u00e9 officiellement le mardi 22 ao\u00fbt 2017, la Premi\u00e8re Dame Dominique Ouattara y \u00e9tait \u00e0 la c\u00e9r\u00e9monie d\u2019ouverture en qualit\u00e9 d\u2019invit\u00e9e sp\u00e9ciale. Celle-ci\u00a0 a \u00e9t\u00e9\u00a0 marqu\u00e9e par le grand th\u00e9\u00e2tre d\u2019Angoul\u00eame (sc\u00e8ne nationale). Dans son intervention, l\u2019\u00e9pouse du chef de l\u2019Etat [&hellip;]<\/p>\n","protected":false},"author":2,"featured_media":5383,"comment_status":"closed","ping_status":"closed","sticky":false,"template":"","format":"standard","meta":{"_monsterinsights_skip_tracking":false,"_monsterinsights_sitenote_active":false,"_monsterinsights_sitenote_note":"","_monsterinsights_sitenote_category":0,"footnotes":""},"categories":[2],"tags":[39,318,316,189,317,319],"class_list":["post-5382","post","type-post","status-publish","format-standard","has-post-thumbnail","hentry","category-featured","tag-alassane-ouattara","tag-catherine-deneuve","tag-claire-chazal","tag-francophonie","tag-juliette-binoche","tag-maurice-kouakou-bandaman"],"_links":{"self":[{"href":"https:\/\/www.lintelligentdabidjan.info\/news\/wp-json\/wp\/v2\/posts\/5382","targetHints":{"allow":["GET"]}}],"collection":[{"href":"https:\/\/www.lintelligentdabidjan.info\/news\/wp-json\/wp\/v2\/posts"}],"about":[{"href":"https:\/\/www.lintelligentdabidjan.info\/news\/wp-json\/wp\/v2\/types\/post"}],"author":[{"embeddable":true,"href":"https:\/\/www.lintelligentdabidjan.info\/news\/wp-json\/wp\/v2\/users\/2"}],"replies":[{"embeddable":true,"href":"https:\/\/www.lintelligentdabidjan.info\/news\/wp-json\/wp\/v2\/comments?post=5382"}],"version-history":[{"count":1,"href":"https:\/\/www.lintelligentdabidjan.info\/news\/wp-json\/wp\/v2\/posts\/5382\/revisions"}],"predecessor-version":[{"id":5384,"href":"https:\/\/www.lintelligentdabidjan.info\/news\/wp-json\/wp\/v2\/posts\/5382\/revisions\/5384"}],"wp:featuredmedia":[{"embeddable":true,"href":"https:\/\/www.lintelligentdabidjan.info\/news\/wp-json\/wp\/v2\/media\/5383"}],"wp:attachment":[{"href":"https:\/\/www.lintelligentdabidjan.info\/news\/wp-json\/wp\/v2\/media?parent=5382"}],"wp:term":[{"taxonomy":"category","embeddable":true,"href":"https:\/\/www.lintelligentdabidjan.info\/news\/wp-json\/wp\/v2\/categories?post=5382"},{"taxonomy":"post_tag","embeddable":true,"href":"https:\/\/www.lintelligentdabidjan.info\/news\/wp-json\/wp\/v2\/tags?post=5382"}],"curies":[{"name":"wp","href":"https:\/\/api.w.org\/{rel}","templated":true}]}}