{"id":5385,"date":"2017-08-24T11:09:10","date_gmt":"2017-08-24T09:09:10","guid":{"rendered":"http:\/\/www.lintelligentdabidjan.info\/news\/?p=5385"},"modified":"2017-08-24T11:09:10","modified_gmt":"2017-08-24T09:09:10","slug":"deuil-le-ministre-francois-albert-amichia-chez-jean-keita","status":"publish","type":"post","link":"https:\/\/www.lintelligentdabidjan.info\/news\/deuil-le-ministre-francois-albert-amichia-chez-jean-keita\/","title":{"rendered":"Deuil : Le Ministre Fran\u00e7ois Albert Amichia chez Jean Keita"},"content":{"rendered":"<p>Le Ministre des Sports et des Loisirs Fran\u00e7ois Albert Amichia s&#8217;est rendu dans la famille de Jean Keita ex-soci\u00e9taire de l&#8217;ASEC d&#8217;Abidjan et des El\u00e9phants de C\u00f4te d\u2019Ivoire des ann\u00e9es 60\/70, d\u00e9c\u00e9d\u00e9 le mercredi 16 ao\u00fbt 2017\u00a0 des suites d&#8217;une courte maladie.\u00a0<!--more--> A la t\u00eate d&#8217;une forte d\u00e9l\u00e9gation, le 1er responsable du sport ivoirien a tenu \u00e0 rendre un vibrant hommage \u00e0 ce valeureux gardien de but qui a fait les beaux jours du sport ivoirien : &#8220;Je tiens \u00e0 marquer mon soutien \u00e0 la famille \u00e9plor\u00e9e et en particulier \u00e0 l\u2019ASEC d\u2019Abidjan et \u00e0 la F\u00e9d\u00e9ration Ivoirienne de Football qui perdent une de ces m\u00e9moires.\u00a0 Oui Jean Ke\u00efta \u00e9tait de ceux qui ont \u00e9crit les lettres de noblesse du football en C\u00f4te d&#8217;ivoire. Je pr\u00e9sente aussi les sinc\u00e8res condol\u00e9ances du Chef de l&#8217;Etat S.E.M Alassane Ouattara et ceux du chef du gouvernement Amadou Gon ainsi qu\u2019 \u00e0\u00a0 l\u2019ensemble du minist\u00e8re&#8221; L&#8217;ancien soci\u00e9taire de l&#8217;ASEC et de l&#8217;\u00e9quipe nationale de C\u00f4te d&#8217;Ivoire sera inhum\u00e9 le 09 septembre 2017.<\/p>\n<p>AK avec Sercom<\/p>\n","protected":false},"excerpt":{"rendered":"<p>Le Ministre des Sports et des Loisirs Fran\u00e7ois Albert Amichia s&#8217;est rendu dans la famille de Jean Keita ex-soci\u00e9taire de l&#8217;ASEC d&#8217;Abidjan et des El\u00e9phants de C\u00f4te d\u2019Ivoire des ann\u00e9es 60\/70, d\u00e9c\u00e9d\u00e9 le mercredi 16 ao\u00fbt 2017\u00a0 des suites d&#8217;une courte maladie.\u00a0<\/p>\n","protected":false},"author":2,"featured_media":5386,"comment_status":"closed","ping_status":"closed","sticky":false,"template":"","format":"standard","meta":{"_monsterinsights_skip_tracking":false,"_monsterinsights_sitenote_active":false,"_monsterinsights_sitenote_note":"","_monsterinsights_sitenote_category":0,"footnotes":""},"categories":[3],"tags":[39,320,265,321,322],"class_list":["post-5385","post","type-post","status-publish","format-standard","has-post-thumbnail","hentry","category-societe","tag-alassane-ouattara","tag-amadou-gon","tag-asec","tag-francois-albert-amichia","tag-jean-keita"],"_links":{"self":[{"href":"https:\/\/www.lintelligentdabidjan.info\/news\/wp-json\/wp\/v2\/posts\/5385","targetHints":{"allow":["GET"]}}],"collection":[{"href":"https:\/\/www.lintelligentdabidjan.info\/news\/wp-json\/wp\/v2\/posts"}],"about":[{"href":"https:\/\/www.lintelligentdabidjan.info\/news\/wp-json\/wp\/v2\/types\/post"}],"author":[{"embeddable":true,"href":"https:\/\/www.lintelligentdabidjan.info\/news\/wp-json\/wp\/v2\/users\/2"}],"replies":[{"embeddable":true,"href":"https:\/\/www.lintelligentdabidjan.info\/news\/wp-json\/wp\/v2\/comments?post=5385"}],"version-history":[{"count":1,"href":"https:\/\/www.lintelligentdabidjan.info\/news\/wp-json\/wp\/v2\/posts\/5385\/revisions"}],"predecessor-version":[{"id":5387,"href":"https:\/\/www.lintelligentdabidjan.info\/news\/wp-json\/wp\/v2\/posts\/5385\/revisions\/5387"}],"wp:featuredmedia":[{"embeddable":true,"href":"https:\/\/www.lintelligentdabidjan.info\/news\/wp-json\/wp\/v2\/media\/5386"}],"wp:attachment":[{"href":"https:\/\/www.lintelligentdabidjan.info\/news\/wp-json\/wp\/v2\/media?parent=5385"}],"wp:term":[{"taxonomy":"category","embeddable":true,"href":"https:\/\/www.lintelligentdabidjan.info\/news\/wp-json\/wp\/v2\/categories?post=5385"},{"taxonomy":"post_tag","embeddable":true,"href":"https:\/\/www.lintelligentdabidjan.info\/news\/wp-json\/wp\/v2\/tags?post=5385"}],"curies":[{"name":"wp","href":"https:\/\/api.w.org\/{rel}","templated":true}]}}