{"id":5422,"date":"2017-08-28T10:23:11","date_gmt":"2017-08-28T08:23:11","guid":{"rendered":"http:\/\/www.lintelligentdabidjan.info\/news\/?p=5422"},"modified":"2017-08-28T10:52:36","modified_gmt":"2017-08-28T08:52:36","slug":"gaoussou-toure-depuis-odienne-lamour-pour-ado-reste-inchange-le-denguele-sera-toujours-la","status":"publish","type":"post","link":"https:\/\/www.lintelligentdabidjan.info\/news\/gaoussou-toure-depuis-odienne-lamour-pour-ado-reste-inchange-le-denguele-sera-toujours-la\/","title":{"rendered":"Gaoussou Tour\u00e9, depuis Odienn\u00e9 : &#8220;L&#8217;amour pour Ado reste inchang\u00e9, le Dengu\u00e9l\u00e9 sera toujours l\u00e0&#8221;"},"content":{"rendered":"<p>Les cadres du RDR du District du Dengu\u00e9l\u00e9 ont r\u00e9uni au Stade Mamadou Coulibaly d\u2019Odienn\u00e9, les militants des 22 sous-pr\u00e9fectures des deux r\u00e9gions que sont le Folon et le Kabadougou pour un hommage au Pr\u00e9sident Alassane Ouattara.<!--more--><\/p>\n<p>Dans la motion qui a \u00e9t\u00e9 lue par le pr\u00e9sident du Conseil r\u00e9gional d\u2019Odienn\u00e9, Kon\u00e9 Souleymane, les populations ont exprim\u00e9 leur gratitude, leur reconnaissance et leur attachement au Pr\u00e9sident Alassane Ouattara en sollicitant son retour \u00e0 la t\u00eate du RDR. Cet attachement a \u00e9t\u00e9 expliqu\u00e9 par le ministre Gaoussou Tour\u00e9, d\u00e9put\u00e9 d\u2019Odienn\u00e9 : \u00ab Le Pr\u00e9sident Alassane Ouattara a r\u00e9ussi le second miracle de la C\u00f4te d\u2019Ivoire. Avant, le d\u00e9veloppement \u00e9tait \u00e0 Abidjan, Bouak\u00e9, San-P\u00e9dro. Mais avec ADO, le d\u00e9veloppement a touch\u00e9 toutes les r\u00e9gions de la C\u00f4te d\u2019Ivoire. Il n\u2019y a pas de r\u00e9gions o\u00f9 des actions concr\u00e8tes n\u2019ont pas \u00e9t\u00e9 pos\u00e9es au cours de ces six derni\u00e8res ann\u00e9es. Le 14 septembre encore, nous serons \u00e0 Dioulati\u00e9dougou pour l\u2019inauguration du pont de cette ville (\u2026) A Odienn\u00e9 et dans tout le Dengu\u00e9l\u00e9, l\u2019amour pour le Pr\u00e9sident Alassane Ouattara reste inchang\u00e9. Les filles et les fils du Dengu\u00e9l\u00e9 seront l\u00e0 comme ils l\u2019ont toujours \u00e9t\u00e9 et nous sommes pr\u00eats pour toutes les batailles \u00e0 venir. Pour le congr\u00e8s, nous avons d\u00e9j\u00e0 5. 000 militants inscrits, donc je demande aux autres r\u00e9gions de s\u2019appr\u00eater parce que le Dengu\u00e9l\u00e9 arrive et il vous met au d\u00e9fi qu\u2019il fera la grande mobilisation les 9 et 10 septembre 2017 \u00e0 Abidjan \u00bb.<\/p>\n<p>Le ministre de l\u2019\u00c9conomie et des Finances, Adama Kon\u00e9, le maire d\u2019Odienn\u00e9, Mme Nasseneba Tour\u00e9 Dian\u00e9 et l\u2019ensemble des responsables du RDR dans le Kabadougou et le Folon ont promis une mar\u00e9e orange de militants sur le palais de la culture en septembre prochain, lors du congr\u00e8s de leur parti. Pour sa part, Adama Bictogo s\u2019est engag\u00e9 \u00e0 prendre en charge les frais de d\u00e9placement de 1000 militants du District du Dengu\u00e9l\u00e9.<\/p>\n<p>Olivier Dion, de retour d\u2019Odienn\u00e9<\/p>\n","protected":false},"excerpt":{"rendered":"<p>Les cadres du RDR du District du Dengu\u00e9l\u00e9 ont r\u00e9uni au Stade Mamadou Coulibaly d\u2019Odienn\u00e9, les militants des 22 sous-pr\u00e9fectures des deux r\u00e9gions que sont le Folon et le Kabadougou pour un hommage au Pr\u00e9sident Alassane Ouattara.<\/p>\n","protected":false},"author":2,"featured_media":5434,"comment_status":"closed","ping_status":"closed","sticky":false,"template":"","format":"standard","meta":{"_monsterinsights_skip_tracking":false,"_monsterinsights_sitenote_active":false,"_monsterinsights_sitenote_note":"","_monsterinsights_sitenote_category":0,"footnotes":""},"categories":[2,17],"tags":[39,329,234],"class_list":["post-5422","post","type-post","status-publish","format-standard","has-post-thumbnail","hentry","category-featured","category-politique","tag-alassane-ouattara","tag-denguele","tag-odienne"],"_links":{"self":[{"href":"https:\/\/www.lintelligentdabidjan.info\/news\/wp-json\/wp\/v2\/posts\/5422","targetHints":{"allow":["GET"]}}],"collection":[{"href":"https:\/\/www.lintelligentdabidjan.info\/news\/wp-json\/wp\/v2\/posts"}],"about":[{"href":"https:\/\/www.lintelligentdabidjan.info\/news\/wp-json\/wp\/v2\/types\/post"}],"author":[{"embeddable":true,"href":"https:\/\/www.lintelligentdabidjan.info\/news\/wp-json\/wp\/v2\/users\/2"}],"replies":[{"embeddable":true,"href":"https:\/\/www.lintelligentdabidjan.info\/news\/wp-json\/wp\/v2\/comments?post=5422"}],"version-history":[{"count":1,"href":"https:\/\/www.lintelligentdabidjan.info\/news\/wp-json\/wp\/v2\/posts\/5422\/revisions"}],"predecessor-version":[{"id":5424,"href":"https:\/\/www.lintelligentdabidjan.info\/news\/wp-json\/wp\/v2\/posts\/5422\/revisions\/5424"}],"wp:featuredmedia":[{"embeddable":true,"href":"https:\/\/www.lintelligentdabidjan.info\/news\/wp-json\/wp\/v2\/media\/5434"}],"wp:attachment":[{"href":"https:\/\/www.lintelligentdabidjan.info\/news\/wp-json\/wp\/v2\/media?parent=5422"}],"wp:term":[{"taxonomy":"category","embeddable":true,"href":"https:\/\/www.lintelligentdabidjan.info\/news\/wp-json\/wp\/v2\/categories?post=5422"},{"taxonomy":"post_tag","embeddable":true,"href":"https:\/\/www.lintelligentdabidjan.info\/news\/wp-json\/wp\/v2\/tags?post=5422"}],"curies":[{"name":"wp","href":"https:\/\/api.w.org\/{rel}","templated":true}]}}