{"id":5425,"date":"2017-08-28T10:29:00","date_gmt":"2017-08-28T08:29:00","guid":{"rendered":"http:\/\/www.lintelligentdabidjan.info\/news\/?p=5425"},"modified":"2017-08-28T10:33:09","modified_gmt":"2017-08-28T08:33:09","slug":"toure-mamadou-nous-naccepterons-pas-que-des-gens-sans-histoire-avec-le-rdr-viennent-voler-notre-histoire","status":"publish","type":"post","link":"https:\/\/www.lintelligentdabidjan.info\/news\/toure-mamadou-nous-naccepterons-pas-que-des-gens-sans-histoire-avec-le-rdr-viennent-voler-notre-histoire\/","title":{"rendered":"Tour\u00e9 Mamadou : &#8220;Nous n\u2019accepterons pas que des gens sans histoire (avec le Rdr) viennent voler notre histoire&#8221;"},"content":{"rendered":"<p>Au meeting du Rassemblement des jeunes r\u00e9publicains (Rjr) organis\u00e9 le dimanche 27 ao\u00fbt 2017 au Palais de la Culture de Treichville dans le cadre de la mobilisation pour le 3eCongr\u00e8s du Rassemblement des r\u00e9publicains (Rdr) pr\u00e9vu les 9 et 10 septembre 2017, Tour\u00e9 Mamadou, le Secr\u00e9taire d\u2019\u00c9tat charg\u00e9 de l\u2019Enseignement technique et de la Formation professionnelle, a estim\u00e9 que \u00ab certains se sont servis de (leur) cause \u00bb.<!--more--><\/p>\n<p>Selon Tour\u00e9 Mamadou, le pr\u00e9sident de la R\u00e9publique Alassane Ouattara a port\u00e9 la lutte du Rdr et inspir\u00e9 les militants de ce parti. \u00ab Il a port\u00e9 notre lutte. Et notre g\u00e9n\u00e9ration est reconnaissante au pr\u00e9sident et \u00e0 tous ceux qui ont \u00e9t\u00e9 avec lui pour nous amener l\u00e0 o\u00f9 nous sommes aujourd\u2019hui. Il faut que cela soit su, nous n\u2019accepterons pas que des gens sans histoire viennent voler notre histoire. Nous n\u2019accepterons pas que des gens viennent fouler au pied notre histoire. L\u2019\u00e2me d\u2019un parti politique, c\u2019est son histoire. (\u2026) Certains parmi ceux qui parlent aujourd\u2019hui se sont servis de notre cause. O\u00f9 \u00e9taient-ils en 2006, lorsque nos militants \u00e9taient seuls, les mains nues, face \u00e0 Laurent Gbagbo et ses miliciens ? Nous demandons le respect de notre lutte. Nous demandons le respect de la lutte des militants \u00bb, a pr\u00e9cis\u00e9 le Secr\u00e9taire d\u2019Etat et cadre du Rdr. Depuis une semaine, a-t-il signifi\u00e9 auparavant, la direction et le comit\u00e9 d\u2019organisation du 3e Congr\u00e8s du Rdr font l\u2019objet d\u2019attaques parce qu\u2019ils arrivent, \u00e0 l\u2019en croire, \u00e0 mobiliser partout des milliers d\u2019Ivoiriens, semaine apr\u00e8s semaine. \u00ab Nous leur disons que le rouleau compresseur du Rdr est en marche \u00bb, a fait savoir Tour\u00e9 Mamadou. Il a ajout\u00e9 qu\u2019\u00e0 travers leur mobilisation, les jeunes du Rdr font \u00ab mentir (\u2026) ceux qui avaient mis\u00e9 sur la d\u00e9ception des militants, qui disaient que les militants n\u2019aimaient plus la direction du parti, qu\u2019Alassane Ouattara n\u2019\u00e9tait plus aim\u00e9 par les militants \u00bb. Il a, ensuite, rassur\u00e9 les jeunes militants du Rdr sur des lendemains meilleurs : \u00ab Le meilleure reste \u00e0 venir. (\u2026) Je peux vous dire qu\u2019\u00e0 partir du 9 septembre (2017), plus rien ne sera comme avant. (\u2026) Nous avons entendu ce que vous avez dit pendant les pr\u00e9-congr\u00e8s. Le changement va commencer \u00e0 partir du 10 septembre (2017). Nous prenons l\u2019engagement au nom de tous les responsables qui sont ici. Nous ferons en sorte que jour apr\u00e8s jour, mois apr\u00e8s mois, section apr\u00e8s section, bureau d\u00e9partemental apr\u00e8s bureau d\u00e9partemental, r\u00e9gional apr\u00e8s r\u00e9gional, les jeunes commencent \u00e0 sentir l\u2019effet Alassane Ouattara. \u00bb Tour\u00e9 Mamadou a clos son intervention en demandant aux Rjr de mobiliser lors du Congr\u00e8s, cinquante fois plus que la mobilisation de leur meeting du jour.<\/p>\n","protected":false},"excerpt":{"rendered":"<p>Au meeting du Rassemblement des jeunes r\u00e9publicains (Rjr) organis\u00e9 le dimanche 27 ao\u00fbt 2017 au Palais de la Culture de Treichville dans le cadre de la mobilisation pour le 3eCongr\u00e8s du Rassemblement des r\u00e9publicains (Rdr) pr\u00e9vu les 9 et 10 septembre 2017, Tour\u00e9 Mamadou, le Secr\u00e9taire d\u2019\u00c9tat charg\u00e9 de l\u2019Enseignement technique et de la Formation [&hellip;]<\/p>\n","protected":false},"author":2,"featured_media":5423,"comment_status":"closed","ping_status":"closed","sticky":false,"template":"","format":"standard","meta":{"_monsterinsights_skip_tracking":false,"_monsterinsights_sitenote_active":false,"_monsterinsights_sitenote_note":"","_monsterinsights_sitenote_category":0,"footnotes":""},"categories":[2,17],"tags":[39,149,234,72,331,330],"class_list":["post-5425","post","type-post","status-publish","format-standard","has-post-thumbnail","hentry","category-featured","category-politique","tag-alassane-ouattara","tag-laurent-gbagbo","tag-odienne","tag-rdr","tag-rjr","tag-toure-mamadou"],"_links":{"self":[{"href":"https:\/\/www.lintelligentdabidjan.info\/news\/wp-json\/wp\/v2\/posts\/5425","targetHints":{"allow":["GET"]}}],"collection":[{"href":"https:\/\/www.lintelligentdabidjan.info\/news\/wp-json\/wp\/v2\/posts"}],"about":[{"href":"https:\/\/www.lintelligentdabidjan.info\/news\/wp-json\/wp\/v2\/types\/post"}],"author":[{"embeddable":true,"href":"https:\/\/www.lintelligentdabidjan.info\/news\/wp-json\/wp\/v2\/users\/2"}],"replies":[{"embeddable":true,"href":"https:\/\/www.lintelligentdabidjan.info\/news\/wp-json\/wp\/v2\/comments?post=5425"}],"version-history":[{"count":1,"href":"https:\/\/www.lintelligentdabidjan.info\/news\/wp-json\/wp\/v2\/posts\/5425\/revisions"}],"predecessor-version":[{"id":5426,"href":"https:\/\/www.lintelligentdabidjan.info\/news\/wp-json\/wp\/v2\/posts\/5425\/revisions\/5426"}],"wp:featuredmedia":[{"embeddable":true,"href":"https:\/\/www.lintelligentdabidjan.info\/news\/wp-json\/wp\/v2\/media\/5423"}],"wp:attachment":[{"href":"https:\/\/www.lintelligentdabidjan.info\/news\/wp-json\/wp\/v2\/media?parent=5425"}],"wp:term":[{"taxonomy":"category","embeddable":true,"href":"https:\/\/www.lintelligentdabidjan.info\/news\/wp-json\/wp\/v2\/categories?post=5425"},{"taxonomy":"post_tag","embeddable":true,"href":"https:\/\/www.lintelligentdabidjan.info\/news\/wp-json\/wp\/v2\/tags?post=5425"}],"curies":[{"name":"wp","href":"https:\/\/api.w.org\/{rel}","templated":true}]}}