{"id":5438,"date":"2017-08-28T11:11:06","date_gmt":"2017-08-28T09:11:06","guid":{"rendered":"http:\/\/www.lintelligentdabidjan.info\/news\/?p=5438"},"modified":"2017-08-28T11:11:06","modified_gmt":"2017-08-28T09:11:06","slug":"3eme-congres-du-rdr-kandia-camara-appelle-bouake-a-la-mobilisation","status":"publish","type":"post","link":"https:\/\/www.lintelligentdabidjan.info\/news\/3eme-congres-du-rdr-kandia-camara-appelle-bouake-a-la-mobilisation\/","title":{"rendered":"3\u00e8me congr\u00e8s du RDR : Kandia Camara appelle Bouak\u00e9 \u00e0 la mobilisation"},"content":{"rendered":"<p>Dans le cadre des pr\u00e9paratifs du 3\u00e8me congr\u00e8s du RDR, pr\u00e9vu pour le 09 septembre prochain \u00e0 Abidjan, la ministre de l&#8217;Education Nationale, de l&#8217;Enseignement Technique et de la Formation Professionnelle, Mme Kandia Kamissoko Camara \u00e9tait \u00e0 Bouak\u00e9, le samedi 26 ao\u00fbt 2017. <!--more-->A cette occasion, elle salu\u00e9 la forte mobilisation des militants du parti \u00e0 Bouak\u00e9 qui veulent faire de ce congr\u00e8s, une r\u00e9ussite. \u00ab Je vous salue pour votre mobilisation exceptionnelle et votre d\u00e9termination \u00e0 faire de ce congr\u00e8s, une r\u00e9ussite. A Bouak\u00e9, nous le savons tous apr\u00e8s le RDR, il y \u2018\u2019\u00e0 likefi\u2019\u2019 (Ndrl: il n\u2019y a rien)\u00bb, a-t-elle d\u00e9clar\u00e9 au palais de carnaval. Exprimant\u00a0 aussi le v\u0153u que ce congr\u00e8s soit un congr\u00e8s historique. \u00ab Personne ne doit rater ce rendez-vous. Tout le monde doit se rendre \u00e0 Abidjan afin de d\u00e9montrer au Pr\u00e9sident Alassane Ouattara qu&#8217;hier, nous \u00e9tions avec lui, aujourd&#8217;hui, nous le sommes et demain, nous serons avec lui. Nous allons l&#8217;encourager \u00e0 continuer \u00e0 travailler pour tous les Ivoiriens. Nous allons montrer aux Ivoiriens ce jour qu&#8217;au RDR, nous sommes unis \u00bb, a-t-elle soulign\u00e9. Avant d&#8217;appeler les militants venus de toute la r\u00e9gion de Gb\u00eak\u00ea \u00e0 maintenir la confiance dans le RDR et au Pr\u00e9sident Alassane Ouattara. Tout en rassurant ceux-ci que toutes leurs pr\u00e9occupations exprim\u00e9es lors des pr\u00e9-congr\u00e8s seront prises en compte lors de ce 3\u00e8me congr\u00e8s pour la bonne marche du RDR. C&#8217;\u00e9tait en pr\u00e9sence de Bah Karamoko, Secr\u00e9taire d\u00e9partemental du RDR \u00e0 Bouak\u00e9. \u00ab Au RDR, il n&#8217;y aura jamais rien tant que nous sommes unis et solidaires. Le RDR est un grand parti et il doit le rester. Demeurons unis car le RDR est notre \u2018\u2019b\u00e9b\u00e9\u2019\u2019. Nous allons d\u00e9montrer qu&#8217;il y a l&#8217;amour entre nous. Que nous nous aimons et que nous avons un chef que nous appr\u00e9cions et que nous \u00e9coutons \u00bb, a pr\u00e9cis\u00e9 Kandia Camara.\u00a0 Abordant les questions de l&#8217;alternance, elle, s&#8217;est voulue claire. \u00ab Pour 2020, nous allons appliquer la d\u00e9cision qui sera prise par le Pr\u00e9sident Alassane Ouattara et son a\u00een\u00e9 Henri Konan Bedi\u00e9, en qui, nous avons confiance\u00bb, a-t-elle conclu. Mais avant, elle a rendu un hommage \u00e0 Fanny Ibrahima, Dr Idrissa Diabat\u00e9, capitaine Tour\u00e9 Mamadou et Hamadou Bamba, pour leurs r\u00f4les d\u00e9terminants dans le positionnement du parti dans l\u2019ex- r\u00e9gion de la Vall\u00e9e du Bandama (Gb\u00eak\u00ea).<\/p>\n<p>Aboubacar Al Syddick \u00e0 Bouak\u00e9<\/p>\n","protected":false},"excerpt":{"rendered":"<p>Dans le cadre des pr\u00e9paratifs du 3\u00e8me congr\u00e8s du RDR, pr\u00e9vu pour le 09 septembre prochain \u00e0 Abidjan, la ministre de l&#8217;Education Nationale, de l&#8217;Enseignement Technique et de la Formation Professionnelle, Mme Kandia Kamissoko Camara \u00e9tait \u00e0 Bouak\u00e9, le samedi 26 ao\u00fbt 2017.<\/p>\n","protected":false},"author":2,"featured_media":5439,"comment_status":"closed","ping_status":"closed","sticky":false,"template":"","format":"standard","meta":{"_monsterinsights_skip_tracking":false,"_monsterinsights_sitenote_active":false,"_monsterinsights_sitenote_note":"","_monsterinsights_sitenote_category":0,"footnotes":""},"categories":[17],"tags":[337,39,338,336,72],"class_list":["post-5438","post","type-post","status-publish","format-standard","has-post-thumbnail","hentry","category-politique","tag-3eme-congres","tag-alassane-ouattara","tag-gbeke","tag-kandia-camara","tag-rdr"],"_links":{"self":[{"href":"https:\/\/www.lintelligentdabidjan.info\/news\/wp-json\/wp\/v2\/posts\/5438","targetHints":{"allow":["GET"]}}],"collection":[{"href":"https:\/\/www.lintelligentdabidjan.info\/news\/wp-json\/wp\/v2\/posts"}],"about":[{"href":"https:\/\/www.lintelligentdabidjan.info\/news\/wp-json\/wp\/v2\/types\/post"}],"author":[{"embeddable":true,"href":"https:\/\/www.lintelligentdabidjan.info\/news\/wp-json\/wp\/v2\/users\/2"}],"replies":[{"embeddable":true,"href":"https:\/\/www.lintelligentdabidjan.info\/news\/wp-json\/wp\/v2\/comments?post=5438"}],"version-history":[{"count":1,"href":"https:\/\/www.lintelligentdabidjan.info\/news\/wp-json\/wp\/v2\/posts\/5438\/revisions"}],"predecessor-version":[{"id":5440,"href":"https:\/\/www.lintelligentdabidjan.info\/news\/wp-json\/wp\/v2\/posts\/5438\/revisions\/5440"}],"wp:featuredmedia":[{"embeddable":true,"href":"https:\/\/www.lintelligentdabidjan.info\/news\/wp-json\/wp\/v2\/media\/5439"}],"wp:attachment":[{"href":"https:\/\/www.lintelligentdabidjan.info\/news\/wp-json\/wp\/v2\/media?parent=5438"}],"wp:term":[{"taxonomy":"category","embeddable":true,"href":"https:\/\/www.lintelligentdabidjan.info\/news\/wp-json\/wp\/v2\/categories?post=5438"},{"taxonomy":"post_tag","embeddable":true,"href":"https:\/\/www.lintelligentdabidjan.info\/news\/wp-json\/wp\/v2\/tags?post=5438"}],"curies":[{"name":"wp","href":"https:\/\/api.w.org\/{rel}","templated":true}]}}