{"id":5453,"date":"2017-08-29T10:24:56","date_gmt":"2017-08-29T08:24:56","guid":{"rendered":"http:\/\/www.lintelligentdabidjan.info\/news\/?p=5453"},"modified":"2017-08-29T10:24:56","modified_gmt":"2017-08-29T08:24:56","slug":"depuis-paris-des-partisans-de-ouattara-lui-demandent-un-troisieme-mandat","status":"publish","type":"post","link":"https:\/\/www.lintelligentdabidjan.info\/news\/depuis-paris-des-partisans-de-ouattara-lui-demandent-un-troisieme-mandat\/","title":{"rendered":"Depuis Paris : Des partisans de Ouattara lui demandent  un troisi\u00e8me mandat"},"content":{"rendered":"<p>Le samedi 26 ao\u00fbt dernier, le groupe de r\u00e9flexion ivoirien \u2018\u2019Marcoussis-Paris\u2019\u2019 a, lors d\u2019une d\u00e9claration demand\u00e9 au pr\u00e9sident Alassane Ouattara de rempiler pour un troisi\u00e8me mandat \u00e0 la t\u00eate de la R\u00e9publique de C\u00f4te d\u2019Ivoire. <!--more-->Estimant que la situation sociopolitique ivoirienne n\u2019\u00e9tant pas reluisante, Djah Kon\u00e9, le pr\u00e9sident de \u2018\u2019Marcoussis-Paris\u2019\u2019 a d\u00e9clar\u00e9 que seul un troisi\u00e8me mandat de l\u2019actuel chef de l\u2019Etat ivoirien pouvait garantir la s\u00e9curit\u00e9 et la paix en C\u00f4te d\u2019Ivoire. Nous vous livrons l\u2019int\u00e9gralit\u00e9 de la d\u00e9claration de M. Djah Kon\u00e9.<br \/>\n\u00ab Consid\u00e9rant que le d\u00e9veloppement de tout Etat et le bien-\u00eatre de sa population, requi\u00e8rent\u00a0 un climat de paix et de stabilit\u00e9 politique. L\u2019actualit\u00e9 politique en C\u00f4te d\u2019Ivoire n\u2019est aucunement reluisante \u00e0 la lecture du barom\u00e8tre des acteurs de la vie politique et de la vie publique.\u00a0\u00a0 Ceci impacte \u00e0 n\u2019en point douter le climat social et \u00e9conomique.<br \/>\nConsid\u00e9rant, que la majorit\u00e9 pr\u00e9sidentielle r\u00e9unie au sein du RHDP (Rassemblement des Houphou\u00e9tistes pour la Paix) est devenue \u00e0 ce jour une v\u00e9ritable poudri\u00e8re, au regard des antagonismes internes exacerb\u00e9s et justifi\u00e9s \u00e7\u00e0 et l\u00e0. Le RHDP avec un tel disfonctionnement ne peut \u00eatre qualifi\u00e9 de symbole fort\u00a0 pouvant garantir la stabilit\u00e9 politique et la s\u00e9curit\u00e9 nationale de notre pays.<br \/>\nConsid\u00e9rant, que nous avons connu par le pass\u00e9 la peur, la frustration et pire des pertes en vies humaines et mat\u00e9rielles ; que l\u2019accession au pouvoir d\u2019Etat de M. Alassane OUATTARA a propuls\u00e9 le destin \u00e0 tourner cette page sombre et triste de notre histoire. En effet, La volont\u00e9 politique du pr\u00e9sident\u00a0 Alassane Ouattara se conjugue avec l\u2019envie du peuple ivoirien de vivre ensemble, quand bien m\u00eame que le chemin de la r\u00e9conciliation nationale soit truff\u00e9 d&#8217;emb\u00fbches. Sinon qu\u2019il tarde tout petit peu de produire ses fruits \u00e0 l\u2019unisson total de tous les Ivoiriens pour la m\u00e8re patrie. Il\u00a0 faut noter tout de m\u00eame, une nette avanc\u00e9e du processus pour nous qui avons v\u00e9cu les p\u00e9riodes troubles de cette derni\u00e8re d\u00e9cennie. Pour ainsi dire, on constate un v\u00e9ritable regain de \u00ab l\u2019affectio societatis \u00bb de la population ivoirienne, c\u2019est-\u00e0-dire la manifestation d\u2019appartenir \u00e0 la m\u00eame patrie, la m\u00eame nation pour vivre ensemble sans exclusion aucune.<br \/>\nConsid\u00e9rant, que le Pr\u00e9sident Alassane Ouattara a su redonner de l\u2019espoir aux Ivoiriens par le travail avec des chantiers tous azimuts pour la reconstruction du pays. Ce faisant, il a relanc\u00e9 l\u2019\u00e9conomie et redor\u00e9 l\u2019image de la C\u00f4te d\u2019Ivoire sur l\u2019\u00e9chiquier international. Aussi la diplomatie ivoirienne est-elle devenue tr\u00e8s influente et le pays est-il d\u00e9sormais convoit\u00e9 par de nombreux investisseurs et op\u00e9rateurs \u00e9conomiques.<br \/>\nLa pr\u00e9sence du Pr\u00e9sident Alassane OUATTARA \u00e0 la t\u00eate de la C\u00f4te d\u2019Ivoire est l\u2019amortisseur du brasier pendent \u00e0 l\u2019instar d\u2019une \u00e9p\u00e9e de Damocl\u00e8s sur le navire ivoire.<br \/>\nQuelque fois des bruits de bottes de la grande muette ont simul\u00e9 un sentiment d\u2019instabilit\u00e9 ; ce qui est davantage une dure \u00e9preuve de nerf pour cette population ivoirienne apeur\u00e9e et meurtrie. Une population qui a \u00e9t\u00e9 prise en otage tant\u00f4t par un endoctrinement funeste, tant\u00f4t par des informations invraisemblables et apocalyptiques ; que l\u2019arm\u00e9e ivoirienne est aujourd\u2019hui rentr\u00e9e dans une phase de restructuration et de restauration in\u00e9dite pour que l\u2019Etat puisse r\u00e9pondre pleinement de sa mission r\u00e9galienne, \u00e0 savoir la protection des personnes, des biens et des services.<br \/>\nConsid\u00e9rant, que le Pr\u00e9sident Alassane Ouattara, est celui-l\u00e0 m\u00eame qui a dot\u00e9 notre pays d\u2019une troisi\u00e8me constitution actuellement en cours dans ses dispositions transitoires, qu&#8217;il est l\u00e9gitime que la mise en \u0153uvre de celle-ci soit effective avant toute alternance politique.<br \/>\nConsid\u00e9rant qu\u2019il ne faut point n\u00e9gocier, que c\u2019est un devoir, un imp\u00e9ratif pour le Congr\u00e8s du RDR en gestation, d\u2019accorder non seulement la Pr\u00e9sidence du RDR au pr\u00e9sident Alassane Ouattara, le mieux indiqu\u00e9 \u00e0 corriger les malentendus internes de ce groupement politique ; que la consolidation de ce parti politique serait aussi un v\u00e9ritable gage de paix sociale pour tout le pays.<br \/>\nPar cons\u00e9quent, l\u2019association Marcoussis Paris lance un appel solennel d\u2019une part aux chefs coutumiers et\u00a0 traditionnels, aux responsables religieux et \u00e0 la soci\u00e9t\u00e9 civile de faire injonction au Pr\u00e9sident Alassane Ouattara de revenir sur sa d\u00e9cision en fin mandat et faire don de soi pour la C\u00f4te d\u2019Ivoire.<br \/>\nD\u2019autre part l&#8217;association Marcoussis Paris soutient et lance un vibrant appel au Pr\u00e9sident Alassane Ouattara, d\u2019\u00eatre candidat \u00e0 sa propre succession pour les \u00e9lections pr\u00e9sidentielles pr\u00e9vues pour 2020, parce qu\u2019il y a n\u00e9cessit\u00e9 et int\u00e9r\u00eat national \u00e0 consolider les institutions de la R\u00e9publique, la s\u00e9curit\u00e9 nationale, la croissance \u00e9conomique et la paix sociale en C\u00f4te d\u2019Ivoire.<\/p>\n<p>Vive la r\u00e9publique! !\u00a0\u00a0\u00a0\u00a0\u00a0\u00a0\u00a0\u00a0\u00a0\u00a0\u00a0\u00a0\u00a0\u00a0\u00a0\u00a0\u00a0\u00a0\u00a0\u00a0\u00a0\u00a0\u00a0\u00a0\u00a0\u00a0\u00a0\u00a0\u00a0\u00a0\u00a0\u00a0\u00a0\u00a0\u00a0\u00a0\u00a0\u00a0\u00a0\u00a0\u00a0\u00a0\u00a0\u00a0\u00a0\u00a0\u00a0\u00a0\u00a0\u00a0\u00a0\u00a0\u00a0\u00a0\u00a0\u00a0\u00a0\u00a0\u00a0\u00a0\u00a0\u00a0\u00a0\u00a0\u00a0\u00a0\u00a0\u00a0\u00a0\u00a0\u00a0\u00a0\u00a0\u00a0\u00a0\u00a0\u00a0\u00a0\u00a0\u00a0\u00a0\u00a0\u00a0\u00a0\u00a0\u00a0\u00a0\u00a0\u00a0\u00a0\u00a0\u00a0\u00a0\u00a0\u00a0\u00a0\u00a0\u00a0\u00a0\u00a0\u00a0\u00a0\u00a0\u00a0\u00a0\u00a0\u00a0\u00a0\u00a0\u00a0\u00a0\u00a0\u00a0\u00a0\u00a0\u00a0\u00a0\u00a0\u00a0\u00a0\u00a0\u00a0\u00a0\u00a0\u00a0\u00a0\u00a0\u00a0\u00a0\u00a0 Vive la C\u00f4te d\u2019Ivoire !<\/p>\n<p>Vive la Paix!<br \/>\nFait \u00e0 Paris le samedi 26 ao\u00fbt 2017.<br \/>\nLe pr\u00e9sident MARCOUSSIS PARIS\u00a0\u00a0\u00a0\u00a0\u00a0\u00a0\u00a0\u00a0\u00a0\u00a0\u00a0\u00a0\u00a0\u00a0\u00a0\u00a0\u00a0\u00a0\u00a0\u00a0\u00a0\u00a0\u00a0\u00a0\u00a0\u00a0\u00a0\u00a0\u00a0\u00a0\u00a0\u00a0\u00a0\u00a0\u00a0\u00a0\u00a0\u00a0\u00a0\u00a0\u00a0\u00a0\u00a0\u00a0\u00a0\u00a0\u00a0\u00a0\u00a0\u00a0\u00a0\u00a0\u00a0\u00a0\u00a0\u00a0\u00a0\u00a0\u00a0\u00a0\u00a0\u00a0\u00a0\u00a0\u00a0\u00a0\u00a0\u00a0\u00a0\u00a0\u00a0\u00a0\u00a0\u00a0\u00a0\u00a0\u00a0\u00a0\u00a0\u00a0\u00a0\u00a0\u00a0\u00a0\u00a0\u00a0\u00a0\u00a0\u00a0\u00a0\u00a0\u00a0\u00a0\u00a0\u00a0\u00a0\u00a0\u00a0\u00a0\u00a0\u00a0\u00a0\u00a0\u00a0\u00a0\u00a0\u00a0\u00a0\u00a0\u00a0\u00a0\u00a0\u00a0\u00a0\u00a0\u00a0\u00a0\u00a0\u00a0\u00a0\u00a0\u00a0 KONE Djah<\/p>\n","protected":false},"excerpt":{"rendered":"<p>Le samedi 26 ao\u00fbt dernier, le groupe de r\u00e9flexion ivoirien \u2018\u2019Marcoussis-Paris\u2019\u2019 a, lors d\u2019une d\u00e9claration demand\u00e9 au pr\u00e9sident Alassane Ouattara de rempiler pour un troisi\u00e8me mandat \u00e0 la t\u00eate de la R\u00e9publique de C\u00f4te d\u2019Ivoire.<\/p>\n","protected":false},"author":2,"featured_media":5454,"comment_status":"closed","ping_status":"closed","sticky":false,"template":"","format":"standard","meta":{"_monsterinsights_skip_tracking":false,"_monsterinsights_sitenote_active":false,"_monsterinsights_sitenote_note":"","_monsterinsights_sitenote_category":0,"footnotes":""},"categories":[2,17],"tags":[39,348,72],"class_list":["post-5453","post","type-post","status-publish","format-standard","has-post-thumbnail","hentry","category-featured","category-politique","tag-alassane-ouattara","tag-marcoussis","tag-rdr"],"_links":{"self":[{"href":"https:\/\/www.lintelligentdabidjan.info\/news\/wp-json\/wp\/v2\/posts\/5453","targetHints":{"allow":["GET"]}}],"collection":[{"href":"https:\/\/www.lintelligentdabidjan.info\/news\/wp-json\/wp\/v2\/posts"}],"about":[{"href":"https:\/\/www.lintelligentdabidjan.info\/news\/wp-json\/wp\/v2\/types\/post"}],"author":[{"embeddable":true,"href":"https:\/\/www.lintelligentdabidjan.info\/news\/wp-json\/wp\/v2\/users\/2"}],"replies":[{"embeddable":true,"href":"https:\/\/www.lintelligentdabidjan.info\/news\/wp-json\/wp\/v2\/comments?post=5453"}],"version-history":[{"count":1,"href":"https:\/\/www.lintelligentdabidjan.info\/news\/wp-json\/wp\/v2\/posts\/5453\/revisions"}],"predecessor-version":[{"id":5455,"href":"https:\/\/www.lintelligentdabidjan.info\/news\/wp-json\/wp\/v2\/posts\/5453\/revisions\/5455"}],"wp:featuredmedia":[{"embeddable":true,"href":"https:\/\/www.lintelligentdabidjan.info\/news\/wp-json\/wp\/v2\/media\/5454"}],"wp:attachment":[{"href":"https:\/\/www.lintelligentdabidjan.info\/news\/wp-json\/wp\/v2\/media?parent=5453"}],"wp:term":[{"taxonomy":"category","embeddable":true,"href":"https:\/\/www.lintelligentdabidjan.info\/news\/wp-json\/wp\/v2\/categories?post=5453"},{"taxonomy":"post_tag","embeddable":true,"href":"https:\/\/www.lintelligentdabidjan.info\/news\/wp-json\/wp\/v2\/tags?post=5453"}],"curies":[{"name":"wp","href":"https:\/\/api.w.org\/{rel}","templated":true}]}}