{"id":546,"date":"2016-10-10T10:59:51","date_gmt":"2016-10-10T08:59:51","guid":{"rendered":"http:\/\/www.lintelligentdabidjan.info\/news\/?p=546"},"modified":"2016-10-10T10:59:51","modified_gmt":"2016-10-10T08:59:51","slug":"education-de-base-euphrasie-yao-lance-la-rentree-scolaire-dans-les-structures-de-formation","status":"publish","type":"post","link":"https:\/\/www.lintelligentdabidjan.info\/news\/education-de-base-euphrasie-yao-lance-la-rentree-scolaire-dans-les-structures-de-formation\/","title":{"rendered":"Education de Base : Euphrasie Yao lance la rentr\u00e9e scolaire dans les structures de formation"},"content":{"rendered":"<p>Le lancement officiel de la rentr\u00e9e scolaire 2016-2017 dans les structures et formation de base s\u2019est d\u00e9roul\u00e9 le jeudi 7 octobre 2016 \u00e0 Moossou \u00e0 Grand Bassam.<!--more--><\/p>\n<p>\u00abLa rentr\u00e9e scolaire est sp\u00e9ciale, elle ne doit pas \u00eatre pass\u00e9e sous silence \u00bb, a d\u00e9clar\u00e9 Euphrasie Yao, ministre de la Promotion de la Femme, de la Famille et de l\u2019Enfant. Selon elle, le choix port\u00e9 sur Grand-Bassam est \u00e0 dessein, car pour l\u2019histoire de l\u2019Ecole Ivoirienne, cette ville est historique: \u00ab C\u2019est ici qu\u2019a d\u00e9but\u00e9 l\u2019Ecole en C\u00f4te d\u2019Ivoire, c\u2019est donc \u00e0 juste titre que nous avons fait ce choix \u00bb a-t-elle indiqu\u00e9. Parlant des Centres de Protection de la Petite Enfance  (Cppe), la ministre a signifi\u00e9 qu&#8217;ils (Ndlr Cppe) garantissent  un parcours scolaire r\u00e9ussi. Elle a, en cons\u00e9quence, invit\u00e9 les parents d\u2019\u00e9l\u00e8ves  \u00e0 emmener les enfants dans ces centres. Concernant les Institutions de Formation et d&#8217;Education F\u00e9minine (Ifef), la ministre a rappel\u00e9 que l\u2019objectif est de former et \u00e9duquer la population f\u00e9minine afin d\u2019assurer son int\u00e9gration et sa pleine participation au d\u00e9veloppement \u00e9conomique et social de la C\u00f4te d\u2019Ivoire. Aussi, a-t-elle insist\u00e9 sur les axes d\u2019intervention qui gravitent autour de la lutte contre l\u2019analphab\u00e9tisme, le rapprochement de l\u2019offre service par l\u2019animation communautaire et surtout l\u2019alphab\u00e9tisation et les comp\u00e9tences de vie, l\u2019autonomisation \u00e9conomique des femmes \u00e0 travers la formation et le r\u00e9seautage, l\u2019apprentissage de m\u00e9tiers. Poursuivant, Euphrasie Yao a demand\u00e9 aux auditrices des Structures de Formation et d\u2019Education de Base de pr\u00f4ner les valeurs telles que l\u2019amour, la d\u00e9termination et l\u2019audace. Pour elle, ces valeurs pourront permettre aux \u00e9l\u00e8ves d\u2019\u00eatre des \u2018\u2019citoyens nouveaux\u2019\u2019. \u00ab Chaque femme doit \u00eatre autonome, chaque famille de C\u00f4te d\u2019Ivoire, doit \u00eatre actrice de d\u00e9veloppement, chacun doit travailler pour que chaque enfant soit heureux \u00bb, a-t-elle indiqu\u00e9. Pour finir, elle a adress\u00e9 ses remerciements au Roi de Moossou pour l\u2019accueil qui leur a \u00e9t\u00e9 r\u00e9serv\u00e9:\u00ab merci, sa majest\u00e9, veuillez recevoir toute ma reconnaissance pour la disponibilit\u00e9 dont vous avez fait preuve \u00bb, a-t-elle signifi\u00e9.<br \/>\nJean-Louis Moulot, parrain de la c\u00e9r\u00e9monie lors de son intervention a salu\u00e9 cette initiative avant d\u2019indiquer que cette action r\u00e9v\u00e8le du symbolisme qui explique le bien-fond\u00e9 de l\u2019\u00e9cole et de la formation. Il a pris l\u2019engagement, avec tout le conseil r\u00e9gional de veiller \u00e0 ce que dans la r\u00e9gion du Sud-como\u00e9 les Cppe et les Ifef soient des maillons forts de d\u00e9veloppement. Cette c\u00e9r\u00e9monie s\u2019est d\u00e9roul\u00e9e en pr\u00e9sence de personnalit\u00e9s politiques, administratives et religieuses.<\/p>\n<p>O.R, envoy\u00e9e sp\u00e9cial<\/p>\n","protected":false},"excerpt":{"rendered":"<p>Le lancement officiel de la rentr\u00e9e scolaire 2016-2017 dans les structures et formation de base s\u2019est d\u00e9roul\u00e9 le jeudi 7 octobre 2016 \u00e0 Moossou \u00e0 Grand Bassam.<\/p>\n","protected":false},"author":2,"featured_media":547,"comment_status":"closed","ping_status":"closed","sticky":false,"template":"","format":"standard","meta":{"_monsterinsights_skip_tracking":false,"_monsterinsights_sitenote_active":false,"_monsterinsights_sitenote_note":"","_monsterinsights_sitenote_category":0,"footnotes":""},"categories":[3],"tags":[],"class_list":["post-546","post","type-post","status-publish","format-standard","has-post-thumbnail","hentry","category-societe"],"_links":{"self":[{"href":"https:\/\/www.lintelligentdabidjan.info\/news\/wp-json\/wp\/v2\/posts\/546","targetHints":{"allow":["GET"]}}],"collection":[{"href":"https:\/\/www.lintelligentdabidjan.info\/news\/wp-json\/wp\/v2\/posts"}],"about":[{"href":"https:\/\/www.lintelligentdabidjan.info\/news\/wp-json\/wp\/v2\/types\/post"}],"author":[{"embeddable":true,"href":"https:\/\/www.lintelligentdabidjan.info\/news\/wp-json\/wp\/v2\/users\/2"}],"replies":[{"embeddable":true,"href":"https:\/\/www.lintelligentdabidjan.info\/news\/wp-json\/wp\/v2\/comments?post=546"}],"version-history":[{"count":1,"href":"https:\/\/www.lintelligentdabidjan.info\/news\/wp-json\/wp\/v2\/posts\/546\/revisions"}],"predecessor-version":[{"id":548,"href":"https:\/\/www.lintelligentdabidjan.info\/news\/wp-json\/wp\/v2\/posts\/546\/revisions\/548"}],"wp:featuredmedia":[{"embeddable":true,"href":"https:\/\/www.lintelligentdabidjan.info\/news\/wp-json\/wp\/v2\/media\/547"}],"wp:attachment":[{"href":"https:\/\/www.lintelligentdabidjan.info\/news\/wp-json\/wp\/v2\/media?parent=546"}],"wp:term":[{"taxonomy":"category","embeddable":true,"href":"https:\/\/www.lintelligentdabidjan.info\/news\/wp-json\/wp\/v2\/categories?post=546"},{"taxonomy":"post_tag","embeddable":true,"href":"https:\/\/www.lintelligentdabidjan.info\/news\/wp-json\/wp\/v2\/tags?post=546"}],"curies":[{"name":"wp","href":"https:\/\/api.w.org\/{rel}","templated":true}]}}