{"id":5463,"date":"2017-08-30T10:36:18","date_gmt":"2017-08-30T08:36:18","guid":{"rendered":"http:\/\/www.lintelligentdabidjan.info\/news\/?p=5463"},"modified":"2017-08-30T10:36:18","modified_gmt":"2017-08-30T08:36:18","slug":"cafe-cacao-les-paysans-exhortes-a-se-mettre-ensemble","status":"publish","type":"post","link":"https:\/\/www.lintelligentdabidjan.info\/news\/cafe-cacao-les-paysans-exhortes-a-se-mettre-ensemble\/","title":{"rendered":"Caf\u00e9-Cacao : Les paysans exhort\u00e9s \u00e0 se mettre ensemble"},"content":{"rendered":"<p>La premi\u00e8re r\u00e9union du Comit\u00e9 de conciliation pour la constitution du Coll\u00e8ge des producteurs de caf\u00e9 et cacao en vue de la mise en place de l\u2019Organisation Interprofessionnelle Agricole (OIA), s\u2019est tenue le jeudi 17 ao\u00fbt 2017 \u00e0 la mairie d\u2019Abidjan-Cocody.<!--more--><br \/>\nLe pr\u00e9sident de la R\u00e9publique Ivoirien d\u00e8s son accession au pouvoir a pris l\u2019ordonnance N\u00b02011- 473 du 21 d\u00e9cembre 2011 r\u00e9gissant les Organisations Interprofessionnelles Agricoles (OIA) et l\u2019arr\u00eat\u00e9 interminist\u00e9riel fixant les conditions de cr\u00e9ation, de reconnaissance et les modalit\u00e9s de fonctionnement des OIA. Des ann\u00e9es apr\u00e8s la prise de cette d\u00e9cision, les producteurs de caf\u00e9-cacao se sont dit pr\u00eats pour la mise sur pied du coll\u00e8ge des producteurs afin d\u2019aboutir \u00e0 celle\u00a0 d\u2019une Organisation Interprofessionnelle. Le responsable du Comit\u00e9 de conciliation \u00e0 la fois, pr\u00e9sident de l\u2019Association nationale des organisations professionnelles agricoles de C\u00f4te d\u2019Ivoire (Anopaci) et maire de la commune de Cocody, Mathias N\u2019Gouan Aka, a exhort\u00e9 les paysans \u00e0 se mettre ensemble afin de lutter contre la pauvret\u00e9. Pour cela, il a dit : \u00ab Il n\u2019est pas normal que l\u00e0 o\u00f9 se cr\u00e9e la richesse du pays, se trouve une frange la plus pauvre. Il faut aider les producteurs. Faisons la le\u00e7on \u00e0 ceux qui pensent que les producteurs de cacao ne peuvent pas se mettre ensemble \u00bb. Notons que des missions pr\u00e9cises on \u00e9t\u00e9 attribu\u00e9es \u00e0 chaque membre du bureau de ce coll\u00e8ge. Il s\u2019agit entre autres, de la conduite des activit\u00e9s telles que d\u00e9finies dans la feuille de route de la mise en place du coll\u00e8ge des producteurs, l\u2019organisation des campagnes d\u2019information et de sensibilisation des dirigeants des OPA et des producteurs individuels sur le cadre juridique des OIA et des producteurs de base, membres et non-membres des OPA de la fili\u00e8re.<\/p>\n<p>OD avec AS (Sercom) \u00ad\u00ad<\/p>\n","protected":false},"excerpt":{"rendered":"<p>La premi\u00e8re r\u00e9union du Comit\u00e9 de conciliation pour la constitution du Coll\u00e8ge des producteurs de caf\u00e9 et cacao en vue de la mise en place de l\u2019Organisation Interprofessionnelle Agricole (OIA), s\u2019est tenue le jeudi 17 ao\u00fbt 2017 \u00e0 la mairie d\u2019Abidjan-Cocody.<\/p>\n","protected":false},"author":2,"featured_media":5464,"comment_status":"closed","ping_status":"closed","sticky":false,"template":"","format":"standard","meta":{"footnotes":""},"categories":[18],"tags":[],"class_list":["post-5463","post","type-post","status-publish","format-standard","has-post-thumbnail","hentry","category-economie"],"_links":{"self":[{"href":"https:\/\/www.lintelligentdabidjan.info\/news\/wp-json\/wp\/v2\/posts\/5463","targetHints":{"allow":["GET"]}}],"collection":[{"href":"https:\/\/www.lintelligentdabidjan.info\/news\/wp-json\/wp\/v2\/posts"}],"about":[{"href":"https:\/\/www.lintelligentdabidjan.info\/news\/wp-json\/wp\/v2\/types\/post"}],"author":[{"embeddable":true,"href":"https:\/\/www.lintelligentdabidjan.info\/news\/wp-json\/wp\/v2\/users\/2"}],"replies":[{"embeddable":true,"href":"https:\/\/www.lintelligentdabidjan.info\/news\/wp-json\/wp\/v2\/comments?post=5463"}],"version-history":[{"count":1,"href":"https:\/\/www.lintelligentdabidjan.info\/news\/wp-json\/wp\/v2\/posts\/5463\/revisions"}],"predecessor-version":[{"id":5465,"href":"https:\/\/www.lintelligentdabidjan.info\/news\/wp-json\/wp\/v2\/posts\/5463\/revisions\/5465"}],"wp:featuredmedia":[{"embeddable":true,"href":"https:\/\/www.lintelligentdabidjan.info\/news\/wp-json\/wp\/v2\/media\/5464"}],"wp:attachment":[{"href":"https:\/\/www.lintelligentdabidjan.info\/news\/wp-json\/wp\/v2\/media?parent=5463"}],"wp:term":[{"taxonomy":"category","embeddable":true,"href":"https:\/\/www.lintelligentdabidjan.info\/news\/wp-json\/wp\/v2\/categories?post=5463"},{"taxonomy":"post_tag","embeddable":true,"href":"https:\/\/www.lintelligentdabidjan.info\/news\/wp-json\/wp\/v2\/tags?post=5463"}],"curies":[{"name":"wp","href":"https:\/\/api.w.org\/{rel}","templated":true}]}}