{"id":5487,"date":"2017-09-02T18:52:53","date_gmt":"2017-09-02T16:52:53","guid":{"rendered":"http:\/\/www.lintelligentdabidjan.info\/news\/?p=5487"},"modified":"2017-09-02T18:52:53","modified_gmt":"2017-09-02T16:52:53","slug":"insecurite-a-agboville-qui-a-tue-traore-amadou-a-coup-de-kalach","status":"publish","type":"post","link":"https:\/\/www.lintelligentdabidjan.info\/news\/insecurite-a-agboville-qui-a-tue-traore-amadou-a-coup-de-kalach\/","title":{"rendered":"Ins\u00e9curit\u00e9 \u00e0 Agboville : qui a tu\u00e9 Traor\u00e9 Amadou \u00e0 coup de kalach"},"content":{"rendered":"<p id=\"yui_3_16_0_1_1504349632545_38886\" class=\"yiv7117412312s8\"><span id=\"yui_3_16_0_1_1504349632545_38889\"><span id=\"yui_3_16_0_1_1504349632545_38888\" class=\"yiv7117412312s7\"><span id=\"yui_3_16_0_1_1504349632545_38887\" class=\"yiv7117412312bumpedFont15\">Un corps sans vie, mis \u00e0 poil avait \u00e9t\u00e9 d\u00e9couvert il y&#8217;a quelques temps par la gendarmerie d\u2019<\/span><\/span><span class=\"yiv7117412312s7\"><span class=\"yiv7117412312bumpedFont15\">Agboville\u00a0<\/span><\/span><span class=\"yiv7117412312s7\"><span class=\"yiv7117412312bumpedFont15\">sur l\u2019axe\u00a0<\/span><\/span><span class=\"yiv7117412312s7\"><span class=\"yiv7117412312bumpedFont15\">Erymakougui\u00e9<\/span><\/span><span class=\"yiv7117412312s7\"><span class=\"yiv7117412312bumpedFont15\">\u00a01-Agboville.\u00a0<\/span><\/span><\/span><!--more--><\/p>\n<p class=\"yiv7117412312s8\"><span class=\"yiv7117412312s7\"><span class=\"yiv7117412312bumpedFont15\">Alors que ce corps non encore identifi\u00e9\u00a0g\u00eet\u00a0<\/span><\/span><span id=\"yui_3_16_0_1_1504349632545_38891\" class=\"yiv7117412312s7\"><span id=\"yui_3_16_0_1_1504349632545_38890\" class=\"yiv7117412312bumpedFont15\">\u00e0 la morgue de la ville, un jeune homme a \u00e9t\u00e9 abattu \u00e0 l\u2019aide d\u2019une kalachnikov selon un expert en balistique, le jeudi 31 ao\u00fbt 2017.\u00a0<\/span><\/span><\/p>\n<p class=\"yiv7117412312s8\"><span class=\"yiv7117412312s7\"><span class=\"yiv7117412312bumpedFont15\">Qui a tu\u00e9\u00a0<\/span><\/span><span class=\"yiv7117412312s9\"><span class=\"yiv7117412312bumpedFont15\">Traor\u00e9 Amadou\u00a0<\/span><\/span><span class=\"yiv7117412312s7\"><span class=\"yiv7117412312bumpedFont15\">?\u00a0<\/span><\/span><\/p>\n<p id=\"yui_3_16_0_1_1504349632545_38933\" class=\"yiv7117412312s8\"><span class=\"yiv7117412312s7\"><span class=\"yiv7117412312bumpedFont15\">\u00c0 la veille de la f\u00eate de Tabaski le jeudi 31 Ao\u00fbt 2017 \u00e0 21 heures, Traor\u00e9 Amadou\u00a0ferronnier de<\/span><\/span><span class=\"yiv7117412312s7\"><span class=\"yiv7117412312bumpedFont15\">\u00a0profession se rendait \u00e0\u00a0<\/span><\/span><span class=\"yiv7117412312s7\"><span class=\"yiv7117412312bumpedFont15\">Oss\u00e9gnon,\u00a0<\/span><\/span><span class=\"yiv7117412312s7\"><span class=\"yiv7117412312bumpedFont15\">village de la\u00a0<\/span><\/span><span class=\"yiv7117412312s7\"><span class=\"yiv7117412312bumpedFont15\">sous-pr\u00e9fecture<\/span><\/span><span class=\"yiv7117412312s7\"><span class=\"yiv7117412312bumpedFont15\">\u00a0d\u2019<\/span><\/span><span class=\"yiv7117412312s7\"><span class=\"yiv7117412312bumpedFont15\">Agboville<\/span><\/span><span class=\"yiv7117412312s7\"><span class=\"yiv7117412312bumpedFont15\">, pour dit-on, c\u00e9l\u00e9br\u00e9 la f\u00eate de\u00a0<\/span><\/span><span class=\"yiv7117412312s9\"><span class=\"yiv7117412312bumpedFont15\">l\u2019<\/span><\/span><span class=\"yiv7117412312s9\"><span class=\"yiv7117412312bumpedFont15\">Aid-el-kabir<\/span><\/span><span class=\"yiv7117412312s7\"><span class=\"yiv7117412312bumpedFont15\">\u00a0(Tabaski) avec ses parents.\u00a0Or <\/span><\/span><span class=\"yiv7117412312s7\"><span class=\"yiv7117412312bumpedFont15\">le jeune\u00a0<\/span><\/span><span class=\"yiv7117412312s7\"><span class=\"yiv7117412312bumpedFont15\">ferronnier<\/span><\/span><span class=\"yiv7117412312s7\"><span class=\"yiv7117412312bumpedFont15\">\u00a0prenait rendez-vous non avec la f\u00eate , mais plut\u00f4t avec une mort atroce.\u00a0<\/span><\/span><span class=\"yiv7117412312s7\"><span class=\"yiv7117412312bumpedFont15\">Selon les informations recueillies sur le lieu du crime, Traor\u00e9 Amadou roulait \u00e0 vive allure sur sa moto, apr\u00e8s avoir travers\u00e9 le village\u00a0<\/span><\/span><span class=\"yiv7117412312s7\"><span class=\"yiv7117412312bumpedFont15\">Offoumpo<\/span><\/span><span class=\"yiv7117412312s7\"><span class=\"yiv7117412312bumpedFont15\">\u00a0pour se rendre \u00e0\u00a0<\/span><\/span><span class=\"yiv7117412312s7\"><span class=\"yiv7117412312bumpedFont15\">Oss\u00e9gnon<\/span><\/span><span class=\"yiv7117412312s7\"><span class=\"yiv7117412312bumpedFont15\">\u00a0o\u00f9 r\u00e9side ses parents depuis belle lurette, lorsqu&#8217;il s&#8217;est\u00a0<\/span><\/span><span class=\"yiv7117412312s7\"><span class=\"yiv7117412312bumpedFont15\">heurt\u00e9 \u00e0 un barrage de tronc d\u2019arbre dress\u00e9 par des hommes en arme. Un proche de la victime explique : \u00a0<\/span><\/span><span class=\"yiv7117412312s9\"><span class=\"yiv7117412312bumpedFont15\">\u00ab\u00a0Mon ami Traor\u00e9 Amadou a \u00e9t\u00e9 stopp\u00e9 par des hommes en arme sur l\u2019axe\u00a0<\/span><\/span><span class=\"yiv7117412312s9\"><span class=\"yiv7117412312bumpedFont15\">Offoumpo-Oss\u00e9gnon. Un\u00a0<\/span><\/span><span class=\"yiv7117412312s9\"><span class=\"yiv7117412312bumpedFont15\">barrage de tronc d\u2019arbre avait \u00e9t\u00e9 plac\u00e9 par eux, alors \u00e9tait 21 heures. Apr\u00e8s une vive altercation sans doute, il a \u00e9t\u00e9 conduit dans un champ de cacaoyer qui est \u00e0 3 m\u00e8tres de la chauss\u00e9e avant d\u2019\u00eatre abattu froidement\u00a0\u00bb.\u00a0<\/span><\/span><\/p>\n<p id=\"yui_3_16_0_1_1504349632545_38944\" class=\"yiv7117412312s8\"><span class=\"yiv7117412312s7\"><span class=\"yiv7117412312bumpedFont15\">Un t\u00e9moin\u00a0<\/span><\/span><span class=\"yiv7117412312s7\"><span class=\"yiv7117412312bumpedFont15\">du nom de\u00a0<\/span><\/span><span class=\"yiv7117412312s7\"><span class=\"yiv7117412312bumpedFont15\">Gnaly<\/span><\/span><span class=\"yiv7117412312s7\"><span class=\"yiv7117412312bumpedFont15\">\u00a0S\u00e9raphin dit ceci :<\/span><\/span><span class=\"yiv7117412312s9\"><span class=\"yiv7117412312bumpedFont15\">\u00a0\u00ab Nous avons entendu des coups de feu, notre\u00a0<\/span><\/span><span id=\"yui_3_16_0_1_1504349632545_38948\" class=\"yiv7117412312s9\"><span id=\"yui_3_16_0_1_1504349632545_38947\" class=\"yiv7117412312bumpedFont15\">ami Traor\u00e9 Amadou nous a d\u00e9pass\u00e9s \u00e0 moto \u00e0 moins de 30 minutes. Les jeunes du village et moi avions pris notre courage \u00e0 deux mains, et en d\u00e9pit des coups de feu qui ont \u00e9t\u00e9 entendus, nous nous somme rendu sur le lieu du drame. Nous avons trouv\u00e9 Traor\u00e9 couch\u00e9 dans le champ de cacaoyer. Il gisait dans\u00a0<\/span><\/span><a rel=\"nofollow\" name=\"_GoBack\"><\/a><span class=\"yiv7117412312s9\"><span class=\"yiv7117412312bumpedFont15\">une\u00a0<\/span><\/span><span class=\"yiv7117412312s9\"><span class=\"yiv7117412312bumpedFont15\">ma<\/span><\/span><span class=\"yiv7117412312s9\"><span class=\"yiv7117412312bumpedFont15\">r<\/span><\/span><span class=\"yiv7117412312s9\"><span class=\"yiv7117412312bumpedFont15\">re<\/span><\/span><span id=\"yui_3_16_0_1_1504349632545_38946\" class=\"yiv7117412312s9\"><span id=\"yui_3_16_0_1_1504349632545_38945\" class=\"yiv7117412312bumpedFont15\">\u00a0de sang, \u00a0nous l\u2019avons transport\u00e9 au dispensaire de\u00a0<\/span><\/span><span class=\"yiv7117412312s9\"><span class=\"yiv7117412312bumpedFont15\">Offoumpo<\/span><\/span><span class=\"yiv7117412312s9\"><span class=\"yiv7117412312bumpedFont15\">,<\/span><\/span><span class=\"yiv7117412312s9\"><span class=\"yiv7117412312bumpedFont15\">\u00a0il respirait encore, il disait sauvez-moi, sauvez-moi . Arriv\u00e9s au dispensaire, il a rendu l\u2019\u00e2me\u00a0\u00bb.\u00a0<\/span><\/span><\/p>\n<p id=\"yui_3_16_0_1_1504349632545_38938\" class=\"yiv7117412312s8\"><span id=\"yui_3_16_0_1_1504349632545_38937\"><span class=\"yiv7117412312s7\"><span class=\"yiv7117412312bumpedFont15\">Le jeune\u00a0<\/span><\/span><span class=\"yiv7117412312s7\"><span class=\"yiv7117412312bumpedFont15\">ferronnier<\/span><\/span><span id=\"yui_3_16_0_1_1504349632545_38943\" class=\"yiv7117412312s7\"><span id=\"yui_3_16_0_1_1504349632545_38942\" class=\"yiv7117412312bumpedFont15\">\u00a0a\u00a0rendu l\u2019\u00e2me \u00e0 2 heures du matin au dispensaire de\u00a0<\/span><\/span><span class=\"yiv7117412312s7\"><span class=\"yiv7117412312bumpedFont15\">Offoumpo<\/span><\/span><span class=\"yiv7117412312s7\"><span class=\"yiv7117412312bumpedFont15\">.<\/span><\/span><span id=\"yui_3_16_0_1_1504349632545_38936\" class=\"yiv7117412312s7\"><span id=\"yui_3_16_0_1_1504349632545_38935\" class=\"yiv7117412312bumpedFont15\">\u00a0Il a \u00e9t\u00e9\u00a0conduit \u00e0 sa derni\u00e8re demeure le vendredi 01 Septembre 2017, laissant derri\u00e8re lui une veuve et deux prog\u00e9nitures.<\/span><\/span><span class=\"yiv7117412312s7\"><span class=\"yiv7117412312bumpedFont15\">\u00a0<\/span><\/span><span class=\"yiv7117412312s7\"><span class=\"yiv7117412312bumpedFont15\">La gendarmerie s&#8217;est d\u00e9port\u00e9 sur le lieu du drame,et a ouvert une enqu\u00eate.\u00a0<\/span><\/span><\/span><\/p>\n<p id=\"yui_3_16_0_1_1504349632545_38939\" class=\"yiv7117412312s8\">\n<p id=\"yui_3_16_0_1_1504349632545_38940\" class=\"yiv7117412312s10\"><span class=\"yiv7117412312s7\"><span class=\"yiv7117412312bumpedFont15\">Consty<\/span><\/span><span class=\"yiv7117412312s7\"><span class=\"yiv7117412312bumpedFont15\">\u00a0\u00e0<\/span><\/span><span class=\"yiv7117412312s7\"><span class=\"yiv7117412312bumpedFont15\">\u00a0<\/span><\/span><span class=\"yiv7117412312s7\"><span class=\"yiv7117412312bumpedFont15\">Agboville<\/span><\/span><\/p>\n","protected":false},"excerpt":{"rendered":"<p>Un corps sans vie, mis \u00e0 poil avait \u00e9t\u00e9 d\u00e9couvert il y&#8217;a quelques temps par la gendarmerie d\u2019Agboville\u00a0sur l\u2019axe\u00a0Erymakougui\u00e9\u00a01-Agboville.\u00a0<\/p>\n","protected":false},"author":2,"featured_media":4997,"comment_status":"closed","ping_status":"closed","sticky":false,"template":"","format":"standard","meta":{"_monsterinsights_skip_tracking":false,"_monsterinsights_sitenote_active":false,"_monsterinsights_sitenote_note":"","_monsterinsights_sitenote_category":0,"footnotes":""},"categories":[2,3],"tags":[255],"class_list":["post-5487","post","type-post","status-publish","format-standard","has-post-thumbnail","hentry","category-featured","category-societe","tag-agboville"],"_links":{"self":[{"href":"https:\/\/www.lintelligentdabidjan.info\/news\/wp-json\/wp\/v2\/posts\/5487","targetHints":{"allow":["GET"]}}],"collection":[{"href":"https:\/\/www.lintelligentdabidjan.info\/news\/wp-json\/wp\/v2\/posts"}],"about":[{"href":"https:\/\/www.lintelligentdabidjan.info\/news\/wp-json\/wp\/v2\/types\/post"}],"author":[{"embeddable":true,"href":"https:\/\/www.lintelligentdabidjan.info\/news\/wp-json\/wp\/v2\/users\/2"}],"replies":[{"embeddable":true,"href":"https:\/\/www.lintelligentdabidjan.info\/news\/wp-json\/wp\/v2\/comments?post=5487"}],"version-history":[{"count":1,"href":"https:\/\/www.lintelligentdabidjan.info\/news\/wp-json\/wp\/v2\/posts\/5487\/revisions"}],"predecessor-version":[{"id":5488,"href":"https:\/\/www.lintelligentdabidjan.info\/news\/wp-json\/wp\/v2\/posts\/5487\/revisions\/5488"}],"wp:featuredmedia":[{"embeddable":true,"href":"https:\/\/www.lintelligentdabidjan.info\/news\/wp-json\/wp\/v2\/media\/4997"}],"wp:attachment":[{"href":"https:\/\/www.lintelligentdabidjan.info\/news\/wp-json\/wp\/v2\/media?parent=5487"}],"wp:term":[{"taxonomy":"category","embeddable":true,"href":"https:\/\/www.lintelligentdabidjan.info\/news\/wp-json\/wp\/v2\/categories?post=5487"},{"taxonomy":"post_tag","embeddable":true,"href":"https:\/\/www.lintelligentdabidjan.info\/news\/wp-json\/wp\/v2\/tags?post=5487"}],"curies":[{"name":"wp","href":"https:\/\/api.w.org\/{rel}","templated":true}]}}