{"id":5519,"date":"2017-09-05T12:30:26","date_gmt":"2017-09-05T10:30:26","guid":{"rendered":"http:\/\/www.lintelligentdabidjan.info\/news\/?p=5519"},"modified":"2017-09-05T12:30:26","modified_gmt":"2017-09-05T10:30:26","slug":"merci-a-ces-ex-dp-redacteurs-en-chef-ou-sg-qui-ont-fait-lintelligent-dabidjan","status":"publish","type":"post","link":"https:\/\/www.lintelligentdabidjan.info\/news\/merci-a-ces-ex-dp-redacteurs-en-chef-ou-sg-qui-ont-fait-lintelligent-dabidjan\/","title":{"rendered":"Merci \u00e0 ces ex-DP, r\u00e9dacteurs en chef ou Sg qui ont fait L\u2019Intelligent d\u2019Abidjan"},"content":{"rendered":"<p>L\u2019aventure commence le 3 septembre 2003 \u00e0 Cocody Angr\u00e9-Petro Ivoire \u00e0 la villa N\u00b0 12 de la Cit\u00e9 Batim 4.<!--more--><br \/>\nLe quotidien, L\u2019Intelligent d\u2019Abidjan venait d\u2019\u00eatre lanc\u00e9 par son jeune directeur g\u00e9n\u00e9ral, alors \u00e2g\u00e9 de 32 ans ( un des plus jeunes patron de presse de l\u2019\u00e9poque apr\u00e8s avoir \u00e9t\u00e9 quelques ann\u00e9es plus t\u00f4t, l\u2019un des plus jeunes r\u00e9dacteurs en chef de sa g\u00e9n\u00e9ration) Alaf\u00e9 Wakili devant un parterre de journalistes. Pour tenir la drag\u00e9e haute dans un monde concurrentiel, il a fallu des plumes de qualit\u00e9 pour encadrer et diriger la jeune R\u00e9daction.<br \/>\nAinsi, les responsabilit\u00e9s de premier r\u00e9dacteur en chef de L\u2019Intelligent d\u2019Abidjan reviennent \u00e0 Charles Gba. Il fait fort en pla\u00e7ant la barre \u00e0 un haut niveau de d\u00e9ontologie et d\u2019\u00e9thique. Apr\u00e8s un an d\u2019exercice, la chance lui sourit puisqu\u2019il est appel\u00e9 pour travailler en R\u00e9publique d\u00e9mocratique du Congo (Rdc) pour le compte de l\u2019Onu. Ainsi, il sera remplac\u00e9 respectivement par Claude Wakis, Bertrand Kouyo, Laurent Nahounou, Laurent Okou\u00e9, Valery Foungb\u00e9, Huberson Digbeu, Wangu\u00e9 Maxime, Souvaine Doudou et Dosso villard(Sg). Hommage \u00e0 eux !!!!\u00a0 Hommage \u00e0 ces Anciens parce que chacun, \u00e0 son niveau, a su apporter sa touche personnelle et surtout grav\u00e9 dans le marbre ses empreintes journalistiques. Pendant 14 ans, le temps de leurs services, ils ont donn\u00e9 \u00e0 donner de la contenance aux contenus de l\u2019Intelligent d\u2019Abidjan qui se positionne aujourd\u2019hui, parmi les meilleurs organes de presse en C\u00f4te d\u2019Ivoire.\u00a0 Hommage \u00e0 eux !!!! Hommage \u00e0 eux pour leur loyaut\u00e9 \u00e0 L\u2019Intelligent d\u2019Abidjan qu\u2019ils ont port\u00e9 \u00e0 bras-le-corps pour aller glaner des Prix CNP (Conseil nationale de la presse). Hommage \u00e0 ces anciens r\u00e9dacteurs pour avoir fait de l\u2019Intelligent d\u2019Abidjan, un journal s\u00e9rieux par la qualit\u00e9 des informations publi\u00e9es, par la pertinence de ses scoops.\u00a0\u00a0 Ces pionniers, quoiqu\u2019on dise ou quoiqu\u2019on fasse, leurs noms sont grav\u00e9s en bonne place au fronton de l\u2019histoire de L\u2019Intelligent d\u2019Abidjan.\u00a0\u00a0 La direction g\u00e9n\u00e9rale de L\u2019Intelligent d\u2019Abidjan saura, un jour leur rendre solennellement hommage pour services rendus.<\/p>\n<p><strong>Au-del\u00e0 de l\u2019hommage aux anciens r\u00e9dacteurs en chef, comment oublier les anciens Directeurs de Publication (DP)?<\/strong><br \/>\nLe premier DP a \u00e9t\u00e9 Tour\u00e9 Youssouf. Il a tenu le gouvernail du 3 septembre 2003 jusqu\u2019en mars 2012. Il a \u00e9t\u00e9 remplac\u00e9 par Coulibaly Hamadou (2012-2014). Ces deux DP ont eu souvent \u00e0 r\u00e9pondre des actes des journalistes devant la justice. C\u2019est pourquoi, il faut leur rendre hommage pour leur abn\u00e9gation. Si l\u2019Intelligent d\u2019Abidjan a 14 ans, c\u2019est gr\u00e2ce aussi \u00e0 eux. C\u2019est \u00e0 tous ces Anciens qu\u2019il faut dire urbi et orbi hommage \u00e0 vous !<\/p>\n<p>M. Ouattara<\/p>\n","protected":false},"excerpt":{"rendered":"<p>L\u2019aventure commence le 3 septembre 2003 \u00e0 Cocody Angr\u00e9-Petro Ivoire \u00e0 la villa N\u00b0 12 de la Cit\u00e9 Batim 4.<\/p>\n","protected":false},"author":2,"featured_media":5520,"comment_status":"closed","ping_status":"closed","sticky":false,"template":"","format":"standard","meta":{"footnotes":""},"categories":[2,18],"tags":[365,364],"class_list":["post-5519","post","type-post","status-publish","format-standard","has-post-thumbnail","hentry","category-featured","category-economie","tag-ia","tag-lintelligent-dabidjan"],"_links":{"self":[{"href":"https:\/\/www.lintelligentdabidjan.info\/news\/wp-json\/wp\/v2\/posts\/5519","targetHints":{"allow":["GET"]}}],"collection":[{"href":"https:\/\/www.lintelligentdabidjan.info\/news\/wp-json\/wp\/v2\/posts"}],"about":[{"href":"https:\/\/www.lintelligentdabidjan.info\/news\/wp-json\/wp\/v2\/types\/post"}],"author":[{"embeddable":true,"href":"https:\/\/www.lintelligentdabidjan.info\/news\/wp-json\/wp\/v2\/users\/2"}],"replies":[{"embeddable":true,"href":"https:\/\/www.lintelligentdabidjan.info\/news\/wp-json\/wp\/v2\/comments?post=5519"}],"version-history":[{"count":1,"href":"https:\/\/www.lintelligentdabidjan.info\/news\/wp-json\/wp\/v2\/posts\/5519\/revisions"}],"predecessor-version":[{"id":5521,"href":"https:\/\/www.lintelligentdabidjan.info\/news\/wp-json\/wp\/v2\/posts\/5519\/revisions\/5521"}],"wp:featuredmedia":[{"embeddable":true,"href":"https:\/\/www.lintelligentdabidjan.info\/news\/wp-json\/wp\/v2\/media\/5520"}],"wp:attachment":[{"href":"https:\/\/www.lintelligentdabidjan.info\/news\/wp-json\/wp\/v2\/media?parent=5519"}],"wp:term":[{"taxonomy":"category","embeddable":true,"href":"https:\/\/www.lintelligentdabidjan.info\/news\/wp-json\/wp\/v2\/categories?post=5519"},{"taxonomy":"post_tag","embeddable":true,"href":"https:\/\/www.lintelligentdabidjan.info\/news\/wp-json\/wp\/v2\/tags?post=5519"}],"curies":[{"name":"wp","href":"https:\/\/api.w.org\/{rel}","templated":true}]}}