{"id":5528,"date":"2017-09-05T15:32:38","date_gmt":"2017-09-05T13:32:38","guid":{"rendered":"http:\/\/www.lintelligentdabidjan.info\/news\/?p=5528"},"modified":"2017-09-05T15:32:38","modified_gmt":"2017-09-05T13:32:38","slug":"inauguration-du-chateau-deau-de-koyekro-dominique-ouattara-fait-des-dons-aux-populations","status":"publish","type":"post","link":"https:\/\/www.lintelligentdabidjan.info\/news\/inauguration-du-chateau-deau-de-koyekro-dominique-ouattara-fait-des-dons-aux-populations\/","title":{"rendered":"Inauguration du ch\u00e2teau d\u2019eau de Koyekro : Dominique Ouattara fait des dons aux populations"},"content":{"rendered":"<p>Koyekro, village situ\u00e9 dans la sous-pr\u00e9fecture de Morekro, \u00e0 une trentaine de kilom\u00e8tre de Tiassal\u00e9 a d\u00e9sormais un ch\u00e2teau d\u2019eau.\u00a0 Afin de\u00a0 traduire leur joie pour avoir b\u00e9n\u00e9ficier de cet outil, les populations de cette localit\u00e9 \u00e0 travers la Mutuelle d\u2019Actions Positives (MAP) ont organis\u00e9 une c\u00e9r\u00e9monie festive. <!--more-->C\u2019\u00e9tait le dimanche 03 septembre 2017 avec pour invit\u00e9e d\u2019honneur la Premi\u00e8re Dame Dominique Ouattara, signe de reconnaissance pour ses nombreuses actions en faveur des populations.<br \/>\nCette c\u00e9r\u00e9monie \u00e9tait plac\u00e9e sous le patronage du premier ministre Amadou Gon Coulibaly, le parrainage de Am\u00e9d\u00e9e Kouakou, Ministre des Infrastructures Economiques et de Maurice Kouakou Bamdama, Ministre de la Culture et de la Francophonie et co-parrain de l\u2019\u00e9v\u00e9nement.<br \/>\nMadame Chantal Poity, conseill\u00e8re de la Premi\u00e8re Dame a au nom de celle-ci offert des dons en nature d\u2019une valeur de plus de 6 millions F CFA en vue de l\u2019aider \u00e0 am\u00e9liorer leur condition de vie.\u00a0 En effet, Madame Dominique Ouattara a offert une motobagage, une broyeuse, 20 machines \u00e0 coudre, 100 pulv\u00e9risateurs, 200 arrosoirs, 200 machettes\u00a0 et 200 limes aux populations. La repr\u00e9sentante de la Premi\u00e8re Dame s\u2019est r\u00e9jouie de l\u2019inauguration de ce ch\u00e2teau d\u2019eau. Selon Madame Chantal Poity, cet \u00e9difice permettra \u00e0 n\u2019en point douter \u00e0 am\u00e9liorer la condition de vie des populations de Koy\u00e9kro. \u00ab Elle est d\u2019autant plus heureuse qu\u2019avoir un ch\u00e2teau d\u2019eau dans une localit\u00e9 comme koy\u00e9kro, apporte un rayonnement particulier \u00e0 la ferveur des populations, am\u00e9liorant la qualit\u00e9 de vie des personnes, en mettant fin \u00e0 certaines corv\u00e9es de nos mamans, notamment aller \u00e0 la rivi\u00e8re pour puiser de l\u2019eau, et en \u00e9vitant certaines maladies li\u00e9es \u00e0 l\u2019eau non potable. L\u2019eau est \u00e0 n\u2019en point douter, source de vie \u00bb, s\u2019est r\u00e9jouie Madame Chantal Poity qui repr\u00e9sentait l\u2019\u00e9pouse du chef de l\u2019Etat ivoirien.<br \/>\nMaurice Kouakou Bandama, Ministre de la Culture et de la Francophonie a r\u00e9it\u00e9r\u00e9 la volont\u00e9 du Pr\u00e9sident Alassane Ouattara \u00e0 am\u00e9liorer les conditions de vie des populations en facilitant l\u2019acc\u00e8s \u00e0 l\u2019eau potable. Il a ensuite appel\u00e9\u00a0 les populations de cette localit\u00e9 \u00e0 la solidarit\u00e9 et \u00e0 l\u2019union.<br \/>\nAntoine Assal\u00e9 Ti\u00e9moko, Pr\u00e9sident de la Mutuelle d\u2019Actions Positives de Koy\u00e9kro\u00a0 et Pr\u00e9sident du Comit\u00e9 d\u2019organisation a remerci\u00e9 la Premi\u00e8re Dame pour ses nombreuses actions en faveur des populations de la localit\u00e9. Il a rappel\u00e9 que c\u2019est d\u2019ailleurs au nom de sa g\u00e9n\u00e9rosit\u00e9 que ce nouveau ch\u00e2teau d\u2019eau porte son nom.<\/p>\n<p>EF avec Sercom<\/p>\n","protected":false},"excerpt":{"rendered":"<p>Koyekro, village situ\u00e9 dans la sous-pr\u00e9fecture de Morekro, \u00e0 une trentaine de kilom\u00e8tre de Tiassal\u00e9 a d\u00e9sormais un ch\u00e2teau d\u2019eau.\u00a0 Afin de\u00a0 traduire leur joie pour avoir b\u00e9n\u00e9ficier de cet outil, les populations de cette localit\u00e9 \u00e0 travers la Mutuelle d\u2019Actions Positives (MAP) ont organis\u00e9 une c\u00e9r\u00e9monie festive.<\/p>\n","protected":false},"author":2,"featured_media":5529,"comment_status":"closed","ping_status":"closed","sticky":false,"template":"","format":"standard","meta":{"_monsterinsights_skip_tracking":false,"_monsterinsights_sitenote_active":false,"_monsterinsights_sitenote_note":"","_monsterinsights_sitenote_category":0,"footnotes":""},"categories":[3],"tags":[39,238,368,194,366,367],"class_list":["post-5528","post","type-post","status-publish","format-standard","has-post-thumbnail","hentry","category-societe","tag-alassane-ouattara","tag-amadou-gon-coulibaly","tag-antoine-assale-tiemoko","tag-dominique-ouattara","tag-koyekro","tag-tiassale"],"_links":{"self":[{"href":"https:\/\/www.lintelligentdabidjan.info\/news\/wp-json\/wp\/v2\/posts\/5528","targetHints":{"allow":["GET"]}}],"collection":[{"href":"https:\/\/www.lintelligentdabidjan.info\/news\/wp-json\/wp\/v2\/posts"}],"about":[{"href":"https:\/\/www.lintelligentdabidjan.info\/news\/wp-json\/wp\/v2\/types\/post"}],"author":[{"embeddable":true,"href":"https:\/\/www.lintelligentdabidjan.info\/news\/wp-json\/wp\/v2\/users\/2"}],"replies":[{"embeddable":true,"href":"https:\/\/www.lintelligentdabidjan.info\/news\/wp-json\/wp\/v2\/comments?post=5528"}],"version-history":[{"count":1,"href":"https:\/\/www.lintelligentdabidjan.info\/news\/wp-json\/wp\/v2\/posts\/5528\/revisions"}],"predecessor-version":[{"id":5530,"href":"https:\/\/www.lintelligentdabidjan.info\/news\/wp-json\/wp\/v2\/posts\/5528\/revisions\/5530"}],"wp:featuredmedia":[{"embeddable":true,"href":"https:\/\/www.lintelligentdabidjan.info\/news\/wp-json\/wp\/v2\/media\/5529"}],"wp:attachment":[{"href":"https:\/\/www.lintelligentdabidjan.info\/news\/wp-json\/wp\/v2\/media?parent=5528"}],"wp:term":[{"taxonomy":"category","embeddable":true,"href":"https:\/\/www.lintelligentdabidjan.info\/news\/wp-json\/wp\/v2\/categories?post=5528"},{"taxonomy":"post_tag","embeddable":true,"href":"https:\/\/www.lintelligentdabidjan.info\/news\/wp-json\/wp\/v2\/tags?post=5528"}],"curies":[{"name":"wp","href":"https:\/\/api.w.org\/{rel}","templated":true}]}}