{"id":5540,"date":"2017-09-06T10:34:22","date_gmt":"2017-09-06T08:34:22","guid":{"rendered":"http:\/\/www.lintelligentdabidjan.info\/news\/?p=5540"},"modified":"2017-09-06T10:49:40","modified_gmt":"2017-09-06T08:49:40","slug":"merite-professionnel-adou-ignace-distingue-pour-la-3e-fois","status":"publish","type":"post","link":"https:\/\/www.lintelligentdabidjan.info\/news\/merite-professionnel-adou-ignace-distingue-pour-la-3e-fois\/","title":{"rendered":"M\u00e9rite Professionnel : Adou Ignace distingu\u00e9 pour la 3\u00e8 fois"},"content":{"rendered":"<p>Apr\u00e8s 2002 et 2007, les membres du comit\u00e9 de gestion du Fond de d\u00e9veloppement de la formation professionnelle (FDFP), ont r\u00e9cemment d\u00e9cern\u00e9, \u00e0 l\u2019unanimit\u00e9, la m\u00e9daille d\u2019or du travail \u00e0 Adou Ignace, responsable de la\u00a0 gestion des collettes et\u00a0 des taxes. <!--more-->C\u2019\u00e9tait lors de la traditionnelle journ\u00e9e du m\u00e9rite organis\u00e9e par le Fond de d\u00e9veloppement de la formation professionnelle \u00e0 Abidjan-Cocody. Le r\u00e9cipiendaire a justifi\u00e9 cette reconnaissance:<br \/>\n\u00abC\u2019est un travail collectif mais surtout, le soutien de nos responsables qui nous ont\u00a0 permis d\u2019atteindre ce r\u00e9sultat. Aujourd\u2019hui, la Nation enti\u00e8re reconna\u00eet nos efforts. Le moins qu\u2019on puisse dire, c\u2019est que, nous avons contribu\u00e9 et accompagn\u00e9 des comp\u00e9tences et des politiques \u00e0 se mettre en place et \u00e0 se d\u00e9velopper pour le rayonnement \u00e9conomique de la C\u00f4te d\u2019Ivoire \u00bb. Adou Ignace qui est\u00a0 arriv\u00e9 en 1993 au Fond de D\u00e9veloppement de Formation Professionnelle pour le compte des imp\u00f4ts\u00a0 a retrac\u00e9 son parcours. Il a not\u00e9 des difficult\u00e9s et retenu des exp\u00e9riences. Aussi a-t-il exhort\u00e9 les nouveaux fonctionnaires et cadres \u00e0 cultiver l\u2019humilit\u00e9, l\u2019abn\u00e9gation et le go\u00fbt du travail bien fait. Car selon lui : \u00ab Cela nous a beaucoup aid\u00e9 \u00e0 l\u2019\u00e9poque. Nous \u00e9tions dispos\u00e9s \u00e0 toutes les t\u00e2ches. Cela nous a rendu op\u00e9rationnels dans tous les secteurs d\u2019activit\u00e9s\u00bb. Adou Ignace a d\u00e9di\u00e9 son prix \u00e0 Phillipe Meyer, secr\u00e9taire g\u00e9n\u00e9ral de l\u2019UPACI, Pierre Henry Coffie, Feh Kess\u00e9, Ouattara Si\u00e9 actuel directeur g\u00e9n\u00e9ral des imp\u00f4ts, Andr\u00e9 Blohorn et Aka Anghui pour avoir contribu\u00e9 \u00e0 sa formation et \u00e0 son encadrement professionnel.<br \/>\nEF avec EA<\/p>\n","protected":false},"excerpt":{"rendered":"<p>Apr\u00e8s 2002 et 2007, les membres du comit\u00e9 de gestion du Fond de d\u00e9veloppement de la formation professionnelle (FDFP), ont r\u00e9cemment d\u00e9cern\u00e9, \u00e0 l\u2019unanimit\u00e9, la m\u00e9daille d\u2019or du travail \u00e0 Adou Ignace, responsable de la\u00a0 gestion des collettes et\u00a0 des taxes.<\/p>\n","protected":false},"author":2,"featured_media":5545,"comment_status":"closed","ping_status":"closed","sticky":false,"template":"","format":"standard","meta":{"footnotes":""},"categories":[18],"tags":[378,379,380],"class_list":["post-5540","post","type-post","status-publish","format-standard","has-post-thumbnail","hentry","category-economie","tag-adou-ignace","tag-fdfp","tag-feh-kesse"],"_links":{"self":[{"href":"https:\/\/www.lintelligentdabidjan.info\/news\/wp-json\/wp\/v2\/posts\/5540","targetHints":{"allow":["GET"]}}],"collection":[{"href":"https:\/\/www.lintelligentdabidjan.info\/news\/wp-json\/wp\/v2\/posts"}],"about":[{"href":"https:\/\/www.lintelligentdabidjan.info\/news\/wp-json\/wp\/v2\/types\/post"}],"author":[{"embeddable":true,"href":"https:\/\/www.lintelligentdabidjan.info\/news\/wp-json\/wp\/v2\/users\/2"}],"replies":[{"embeddable":true,"href":"https:\/\/www.lintelligentdabidjan.info\/news\/wp-json\/wp\/v2\/comments?post=5540"}],"version-history":[{"count":1,"href":"https:\/\/www.lintelligentdabidjan.info\/news\/wp-json\/wp\/v2\/posts\/5540\/revisions"}],"predecessor-version":[{"id":5541,"href":"https:\/\/www.lintelligentdabidjan.info\/news\/wp-json\/wp\/v2\/posts\/5540\/revisions\/5541"}],"wp:featuredmedia":[{"embeddable":true,"href":"https:\/\/www.lintelligentdabidjan.info\/news\/wp-json\/wp\/v2\/media\/5545"}],"wp:attachment":[{"href":"https:\/\/www.lintelligentdabidjan.info\/news\/wp-json\/wp\/v2\/media?parent=5540"}],"wp:term":[{"taxonomy":"category","embeddable":true,"href":"https:\/\/www.lintelligentdabidjan.info\/news\/wp-json\/wp\/v2\/categories?post=5540"},{"taxonomy":"post_tag","embeddable":true,"href":"https:\/\/www.lintelligentdabidjan.info\/news\/wp-json\/wp\/v2\/tags?post=5540"}],"curies":[{"name":"wp","href":"https:\/\/api.w.org\/{rel}","templated":true}]}}