{"id":5552,"date":"2017-09-07T10:50:18","date_gmt":"2017-09-07T08:50:18","guid":{"rendered":"http:\/\/www.lintelligentdabidjan.info\/news\/?p=5552"},"modified":"2017-09-07T10:50:18","modified_gmt":"2017-09-07T08:50:18","slug":"developpement-agricole-en-afrique-ouattara-et-sirleaf-reiterent-leurs-engagements-en-faveur-dune-prosperite-economique-partagee","status":"publish","type":"post","link":"https:\/\/www.lintelligentdabidjan.info\/news\/developpement-agricole-en-afrique-ouattara-et-sirleaf-reiterent-leurs-engagements-en-faveur-dune-prosperite-economique-partagee\/","title":{"rendered":"D\u00e9veloppement agricole en Afrique : Ouattara et Sirleaf r\u00e9it\u00e8rent leurs engagements en faveur d\u2019une prosp\u00e9rit\u00e9 \u00e9conomique partag\u00e9e"},"content":{"rendered":"<p>Le Pr\u00e9sident de la R\u00e9publique de C\u00f4te d\u2019Ivoire, Alassane Ouattara et son homologue du Lib\u00e9ria, H\u00e9l\u00e8ne Jonhson Sirleaf ont rehauss\u00e9 de leur pr\u00e9sence, la c\u00e9r\u00e9monie officielle du Forum sur la r\u00e9volution verte en Afrique (AGRF), le mercredi 6 septembre 2017 \u00e0 Sofitel h\u00f4tel Ivoire-Abidjan. <!--more-->Devant le parterre de personnalit\u00e9s pr\u00e9sentes, Alassane Ouattara et Mme Sirleaf ont r\u00e9affirm\u00e9 l\u2019engagement de leurs pays respectifs en faveur du secteur agricole, qui repr\u00e9sente 16% du PIB et occupe 60% de la population ivoirienne. La tribune de la 7\u00e8me \u00e9dition de ce forum dont le th\u00e8me est : \u00ab Acc\u00e9l\u00e9rer la marche de l\u2019Afrique vers la prosp\u00e9rit\u00e9 : contribuer \u00e0 la croissance d\u2019\u00e9conomies inclusives et \u00e0 la cr\u00e9ation d\u2019emplois \u00e0 travers l\u2019agriculture \u00bb, a permis au chef de l\u2019Etat ivoirien de faire l\u2019\u00e9tat des lieux de la performance de l\u2019agriculture en C\u00f4te d\u2019Ivoire : \u00ab La production globale de la C\u00f4te d\u2019Ivoire qui \u00e9tait de 16 millions de tonnes en 2011 est pass\u00e9e \u00e0 24 millions de tonnes en 2016. La C\u00f4te d\u2019Ivoire est le 1er producteur mondial de cacao avec 2 millions de tonnes, 1er producteur mondial d\u2019anacarde et de noix de cola ; 1er producteur africain d\u2019h\u00e9v\u00e9a, 1er exportateur africain d\u2019huile de palme, 1er exportateur africain de banane dessert, 1er exportateur africain de mangue. Les revenus distribu\u00e9s aux producteurs sont pass\u00e9s de 3. 000 milliards de FCFA en 2011 \u00e0 6. 000 milliards de FCFA en 2016. Ces performances d\u00e9montrent que le choix qui a \u00e9t\u00e9 fait par le p\u00e8re-fondateur de la nation ivoirienne depuis 1960 a \u00e9t\u00e9 le meilleur, parce que quand l\u2019agriculture va, le reste avance en Afrique. La C\u00f4te d\u2019Ivoire respectera ses engagements en mati\u00e8re de financement de l\u2019agriculture, d\u2019autant plus que nous avons d\u00e9j\u00e0 d\u00e9gag\u00e9 une enveloppe de 100 milliards de FCFA pour soutenir le secteur agricole \u00bb. Mme H\u00e9l\u00e8ne Jonhson a, quant \u00e0 elle, insist\u00e9 sur la n\u00e9cessit\u00e9 \u00ab d\u2019attaquer l\u2019urgence alimentaire \u00bb en Afrique, en notant les progr\u00e8s r\u00e9alis\u00e9s dans nombre de pays africains et en pr\u00e9sentant les d\u00e9fis \u00e0 relever : \u00ab Ce forum devrait mettre l\u2019accent sur les progr\u00e8s r\u00e9alis\u00e9s dans les pays africains et les mesures qui vont acc\u00e9l\u00e9rer les programmes et les politiques de l\u2019Alliance pour la r\u00e9volution verte en Afrique (AGRA) (\u2026) L\u2019AGRA est en train de changer le visage de l\u2019agriculture de l\u2019Afrique\u00bb.<\/p>\n<p><strong>De nouveaux engagements pris par les partenaires au d\u00e9veloppement<\/strong><br \/>\nLors de la derni\u00e8re \u00e9dition de l\u2019AGRF, les engagements financiers des partenaires s\u2019\u00e9levaient \u00e0 30 millions de dollars. Pour cette \u00e9dition qui se tient \u00e0 Abidjan jusqu\u2019au vendredi 8 septembre 2017, les partenaires financiers ont annonc\u00e9 de nouveaux engagements en vue de permettre \u00e0 l\u2019Alliance pour la r\u00e9volution verte en Afrique (AGRA) de soutenir le d\u00e9veloppement agricole et contribuer \u00e0 la croissance d\u2019\u00e9conomies inclusives et \u00e0 la cr\u00e9ation d\u2019emplois en Afrique.<\/p>\n<p>Olivier Dion<\/p>\n","protected":false},"excerpt":{"rendered":"<p>Le Pr\u00e9sident de la R\u00e9publique de C\u00f4te d\u2019Ivoire, Alassane Ouattara et son homologue du Lib\u00e9ria, H\u00e9l\u00e8ne Jonhson Sirleaf ont rehauss\u00e9 de leur pr\u00e9sence, la c\u00e9r\u00e9monie officielle du Forum sur la r\u00e9volution verte en Afrique (AGRF), le mercredi 6 septembre 2017 \u00e0 Sofitel h\u00f4tel Ivoire-Abidjan.<\/p>\n","protected":false},"author":2,"featured_media":5554,"comment_status":"closed","ping_status":"closed","sticky":false,"template":"","format":"standard","meta":{"_monsterinsights_skip_tracking":false,"_monsterinsights_sitenote_active":false,"_monsterinsights_sitenote_note":"","_monsterinsights_sitenote_category":0,"footnotes":""},"categories":[2,18],"tags":[39,387],"class_list":["post-5552","post","type-post","status-publish","format-standard","has-post-thumbnail","hentry","category-featured","category-economie","tag-alassane-ouattara","tag-sirleaf"],"_links":{"self":[{"href":"https:\/\/www.lintelligentdabidjan.info\/news\/wp-json\/wp\/v2\/posts\/5552","targetHints":{"allow":["GET"]}}],"collection":[{"href":"https:\/\/www.lintelligentdabidjan.info\/news\/wp-json\/wp\/v2\/posts"}],"about":[{"href":"https:\/\/www.lintelligentdabidjan.info\/news\/wp-json\/wp\/v2\/types\/post"}],"author":[{"embeddable":true,"href":"https:\/\/www.lintelligentdabidjan.info\/news\/wp-json\/wp\/v2\/users\/2"}],"replies":[{"embeddable":true,"href":"https:\/\/www.lintelligentdabidjan.info\/news\/wp-json\/wp\/v2\/comments?post=5552"}],"version-history":[{"count":1,"href":"https:\/\/www.lintelligentdabidjan.info\/news\/wp-json\/wp\/v2\/posts\/5552\/revisions"}],"predecessor-version":[{"id":5555,"href":"https:\/\/www.lintelligentdabidjan.info\/news\/wp-json\/wp\/v2\/posts\/5552\/revisions\/5555"}],"wp:featuredmedia":[{"embeddable":true,"href":"https:\/\/www.lintelligentdabidjan.info\/news\/wp-json\/wp\/v2\/media\/5554"}],"wp:attachment":[{"href":"https:\/\/www.lintelligentdabidjan.info\/news\/wp-json\/wp\/v2\/media?parent=5552"}],"wp:term":[{"taxonomy":"category","embeddable":true,"href":"https:\/\/www.lintelligentdabidjan.info\/news\/wp-json\/wp\/v2\/categories?post=5552"},{"taxonomy":"post_tag","embeddable":true,"href":"https:\/\/www.lintelligentdabidjan.info\/news\/wp-json\/wp\/v2\/tags?post=5552"}],"curies":[{"name":"wp","href":"https:\/\/api.w.org\/{rel}","templated":true}]}}