{"id":5566,"date":"2017-09-08T23:04:12","date_gmt":"2017-09-08T21:04:12","guid":{"rendered":"http:\/\/www.lintelligentdabidjan.info\/news\/?p=5566"},"modified":"2017-09-08T23:08:44","modified_gmt":"2017-09-08T21:08:44","slug":"troisieme-congres-ordinaire-du-rdr-les-9-et-10-septembre-2017-communique-de-presse-de-m-guillaume-kigbafori-soro","status":"publish","type":"post","link":"https:\/\/www.lintelligentdabidjan.info\/news\/troisieme-congres-ordinaire-du-rdr-les-9-et-10-septembre-2017-communique-de-presse-de-m-guillaume-kigbafori-soro\/","title":{"rendered":"Troisie\u0300me Congre\u0300s Ordinaire du RDR les 9 et 10 septembre 2017 : COMMUNIQUE DE PRESSE DE M. GUILLAUME KIGBAFORI SORO"},"content":{"rendered":"<div class=\"page\" title=\"Page 1\">\n<div class=\"section\">\n<div class=\"layoutArea\">\n<div class=\"column\">\n<div dir=\"ltr\">Son repr\u00e9sentant au Congr\u00e8s RDR d\u00e9sign\u00e9,Soro justifie son absence, revendique toujours son adh\u00e9sion au parti<\/div>\n<div dir=\"ltr\">\n<p><!--more--><\/p>\n<\/div>\n<div dir=\"ltr\">Ci dessous le communiqu\u00e9 annonc\u00e9 depuis plusieurs jours par le site Afrikipresse, relativement \u00e0 la participation de Guillaume Soro au Congr\u00e8s du RDR. Selon nos informations, le Pr\u00e9sident de l&#8217;Assembl\u00e9e nationale sera repr\u00e9sent\u00e9 par le d\u00e9put\u00e9 Oula Privat, vice-pr\u00e9sident qui n&#8217;a aucun lien militant avec le RDR, m\u00eame si dans sa d\u00e9claration, Guillaume Soro assure \u00eatre toujours militant du RDR.<\/div>\n<p>&nbsp;<\/p>\n<p>Ivoiriennes, Ivoiriens, Militantes et militants du RDR, Chers Amis de la Co\u0302te d\u2019Ivoire,<\/p>\n<p>Le Rassemblement des Re\u0301publicains (RDR) tiendra son troisie\u0300me congre\u0300s ordinaire les 9 et 10 septembre 2017 a\u0300 Abidjan.<\/p>\n<\/div>\n<div class=\"column\">\n<p>En ma qualite\u0301 de militant et d\u2019e\u0301lu de cette formation politique, je salue la tenue de cet e\u0301ve\u0301nement statutaire, qui intervient a\u0300 un moment particulier et de\u0301licat de la vie de notre parti.Tout parti politique a besoin de tels moments de rassemblement pour re\u0301fle\u0301chir sur son parcours, e\u0302tre attentif a\u0300 son pre\u0301sent, identifier les de\u0301fis futurs et renouveler ses instances.<\/p>\n<\/div>\n<\/div>\n<\/div>\n<\/div>\n<div class=\"page\" title=\"Page 2\">\n<div class=\"section\">\n<div class=\"layoutArea\">\n<div class=\"column\">\n<p>Devant cet enjeu ine\u0301luctable d\u2019e\u0301dification d\u2019un nouveau projet politique collectif, il est de coutume d\u2019associer toutes les forces vives du parti a\u0300 la pre\u0301paration de ces assises et de veiller a\u0300 la participation de tous, sans exclusion.<\/p>\n<p>Toutefois, bien qu\u2019ayant e\u0301te\u0301 Pre\u0301sident du Conseil politique de la campagne du Pre\u0301sident Alassane OUATTARA en 2015, et en ma qualite\u0301 de De\u0301pute\u0301 de la Circonscription e\u0301lectorale de Ferkesse\u0301dougou- Commune, e\u0301lu sous la bannie\u0300re du RDR, Pre\u0301sident de l\u2019Assemble\u0301e nationale sur proposition du RDR et, enfin, membre du Haut Conseil politique du RDR, je n\u2019ai, a\u0300 aucun moment, e\u0301te\u0301 associe\u0301 aux travaux pre\u0301paratoires du congre\u0300s.<\/p>\n<p>Je n\u2019ai rec\u0327u communication d\u2019aucun document officiel du Congre\u0300s encore moins pris connaissance des recommandations pre\u0301alables issues des pre\u0301-Congre\u0300s, qui feront pourtant l\u2019objet d\u2019une validation par l\u2019ensemble des militants.<\/p>\n<p>N\u2019ayant de ce fait e\u0301te\u0301 associe\u0301, ni en amont ni en aval, par les actuels responsables de l\u2019organisation de ce congre\u0300s, c\u2019est avec un triste regret que j\u2019en prends acte.<br \/>\nDans le contexte actuel fait de frictions, de suspicions et ou\u0300 des lignes de fractures e\u0301videntes sont apparues au sein de notre famille politique, qui peut de\u0301cliner l&#8217;impe\u0301rieuse ne\u0301cessite\u0301 de rassemblement de tous ?<\/p>\n<p>Fort heureusement, ce n\u2019est qu\u2019un congre\u0300s ; d\u2019autres congre\u0300s ordinaires se tiendront immanquablement. Au surplus, des congre\u0300s extraordinaires pourraient, en cas de besoin, avoir lieu. J\u2019imagine donc qu\u2019a\u0300 tout moment, de nouvelles occasions pourraient m&#8217;e\u0302tre offertes de contribuer significativement a\u0300 la vie du parti.<\/p>\n<p>C&#8217;est le lieu de souhaiter que la nouvelle direction du RDR qui sortira de ce congre\u0300s des 9 et 10 septembre 2017, puisse travailler, sans rela\u0302che, au rassemblement de toutes les forces vives du parti.<\/p>\n<p>Je forme le v\u0153u que les re\u0301solutions issues de ces travaux concourent a\u0300 la consolidation de la paix, la stabilite\u0301 et au progre\u0300s de la C\u00f4te d\u2019Ivoire.<br \/>\nJe me tiens d\u2019ores et de\u0301ja\u0300 a\u0300 la disposition de la future direction du parti pour \u0153uvrer a\u0300 la concorde entre les militants, a\u0300 la re\u0301conciliation et a\u0300 la fe\u0301de\u0301ration des e\u0301nergies en vue d\u2019aborder dans l\u2019unite\u0301 et dans l\u2019union les e\u0301che\u0301ances futures.<\/p>\n<p>Vive le RDR !<br \/>\nVive la Re\u0301publique ! Vive la Co\u0302te d\u2019Ivoire !<\/p>\n<p>Guillaume Kigbafori SORO<\/p>\n<\/div>\n<\/div>\n<\/div>\n<\/div>\n","protected":false},"excerpt":{"rendered":"<p>Son repr\u00e9sentant au Congr\u00e8s RDR d\u00e9sign\u00e9,Soro justifie son absence, revendique toujours son adh\u00e9sion au parti<\/p>\n","protected":false},"author":2,"featured_media":5567,"comment_status":"closed","ping_status":"closed","sticky":false,"template":"","format":"standard","meta":{"_monsterinsights_skip_tracking":false,"_monsterinsights_sitenote_active":false,"_monsterinsights_sitenote_note":"","_monsterinsights_sitenote_category":0,"footnotes":""},"categories":[2,17],"tags":[39,390,72],"class_list":["post-5566","post","type-post","status-publish","format-standard","has-post-thumbnail","hentry","category-featured","category-politique","tag-alassane-ouattara","tag-guillaume-kigbafori-soro","tag-rdr"],"_links":{"self":[{"href":"https:\/\/www.lintelligentdabidjan.info\/news\/wp-json\/wp\/v2\/posts\/5566","targetHints":{"allow":["GET"]}}],"collection":[{"href":"https:\/\/www.lintelligentdabidjan.info\/news\/wp-json\/wp\/v2\/posts"}],"about":[{"href":"https:\/\/www.lintelligentdabidjan.info\/news\/wp-json\/wp\/v2\/types\/post"}],"author":[{"embeddable":true,"href":"https:\/\/www.lintelligentdabidjan.info\/news\/wp-json\/wp\/v2\/users\/2"}],"replies":[{"embeddable":true,"href":"https:\/\/www.lintelligentdabidjan.info\/news\/wp-json\/wp\/v2\/comments?post=5566"}],"version-history":[{"count":3,"href":"https:\/\/www.lintelligentdabidjan.info\/news\/wp-json\/wp\/v2\/posts\/5566\/revisions"}],"predecessor-version":[{"id":5570,"href":"https:\/\/www.lintelligentdabidjan.info\/news\/wp-json\/wp\/v2\/posts\/5566\/revisions\/5570"}],"wp:featuredmedia":[{"embeddable":true,"href":"https:\/\/www.lintelligentdabidjan.info\/news\/wp-json\/wp\/v2\/media\/5567"}],"wp:attachment":[{"href":"https:\/\/www.lintelligentdabidjan.info\/news\/wp-json\/wp\/v2\/media?parent=5566"}],"wp:term":[{"taxonomy":"category","embeddable":true,"href":"https:\/\/www.lintelligentdabidjan.info\/news\/wp-json\/wp\/v2\/categories?post=5566"},{"taxonomy":"post_tag","embeddable":true,"href":"https:\/\/www.lintelligentdabidjan.info\/news\/wp-json\/wp\/v2\/tags?post=5566"}],"curies":[{"name":"wp","href":"https:\/\/api.w.org\/{rel}","templated":true}]}}