{"id":575,"date":"2016-10-11T01:24:19","date_gmt":"2016-10-10T23:24:19","guid":{"rendered":"http:\/\/www.lintelligentdabidjan.info\/news\/?p=575"},"modified":"2016-10-11T01:24:19","modified_gmt":"2016-10-10T23:24:19","slug":"deuil-dans-le-monde-de-la-culture-la-premiere-dame-dominique-ouattara-presente-les-condoleances-du-couple-presidentiel-a-la-famille-bitty","status":"publish","type":"post","link":"https:\/\/www.lintelligentdabidjan.info\/news\/deuil-dans-le-monde-de-la-culture-la-premiere-dame-dominique-ouattara-presente-les-condoleances-du-couple-presidentiel-a-la-famille-bitty\/","title":{"rendered":"Deuil dans le monde de la culture : La Premi\u00e8re Dame, Dominique Ouattara pr\u00e9sente les condol\u00e9ances du couple pr\u00e9sidentiel \u00e0 la famille Bitty"},"content":{"rendered":"<p>La famille du doyen Bitty Moro, c\u00e9l\u00e8bre acteur de la culture ivoirienne est frapp\u00e9e par le deuil suite au d\u00e9c\u00e8s de madame Bitty Delphine Y\u00e9hi n\u00e9e Kassi, le dimanche 18 septembre 2016 \u00e0 Abidjan.<!--more--><\/p>\n<p> Face \u00e0 la douleur, la Premi\u00e8re Dame, Dominique Ouattara a tenu \u00e0 t\u00e9moigner son soutien et celui de son \u00e9poux, le Pr\u00e9sident Alassane Ouattara,  \u00e0 la famille \u00e9plor\u00e9e, le lundi 10 octobre 2016. Accompagn\u00e9e de Maurice Kouakou Bandama, ministre de la Culture et de la Francophonie, du Dr Diakit\u00e9  Coty Souleymane, Pr\u00e9sident du conseil d\u2019administration du Fonds d\u2019Entretien Routier (FER) et de bien d\u2019autres personnalit\u00e9s, l\u2019\u00e9pouse du chef de l\u2019Etat s\u2019est rendue au domicile familial de la famille Bitty \u00e0 Cocody,  pour jouer sa partition,  selon la pure tradition Agni. C\u2019est Maurice Kouakou Bandama, porte-parole de la Premi\u00e8re Dame,  qui a donn\u00e9 les nouvelles de la pr\u00e9sence de l\u2019\u00e9pouse du chef de l\u2019Etat aux c\u00f4t\u00e9s de la famille de la disparue. \u00ab Les nouvelles ne sont pas bonnes.  Elles ne sont pas bonnes parce que notre maman Bitty Delphine est d\u00e9c\u00e9d\u00e9e. La Premi\u00e8re Dame est amie \u00e0 la famille. C\u2019est une amiti\u00e9 qui date de longtemps. En pareille circonstance, la s\u0153ur qu\u2019elle est a tenu \u00e0 venir en son nom personnel, mais aussi, au nom de son \u00e9poux, le Pr\u00e9sident de la R\u00e9publique, de venir vous saluer et vous pr\u00e9senter ses sinc\u00e8res condol\u00e9ances. Elle veut vous dire que cette douleur est aussi la sienne en raison des liens qui la lient \u00e0 la famille Bitty et aussi, de l\u2019affection qu\u2019elle \u00e9prouve pour le doyen Bitty Moro, grand acteur de notre culture. Elle est donc venue pour dire yako \u00e0 ses s\u0153urs, \u00e0 ses fr\u00e8res et pleurer avec eux puisque ces obs\u00e8ques sont aussi les siennes et celles de son \u00e9poux le Pr\u00e9sident Alassane Ouattara \u00bb, a expliqu\u00e9 Maurice Kouakou Bandama.  Joignant l\u2019acte \u00e0 la parole, Madame Dominique Ouattara a remis une enveloppe de cinq (05) millions F CFA, au nom du couple pr\u00e9sidentiel,  pour aider la famille dans l\u2019organisation de ces obs\u00e8ques. Un geste d\u2019une grande port\u00e9e affective qui a  touch\u00e9 l\u2019ensemble des membres de la famille Bitty.   Ces derniers ont tenu d\u2019ailleurs \u00e0 le signifier \u00e0 leur invit\u00e9 par la voix de M. BittyYoman, porte-parole de la famille. En outre, ce dernier a pr\u00e9sent\u00e9 la suite du programme des obs\u00e8ques \u00e0 la Premi\u00e8re Dame et aux membres de sa d\u00e9l\u00e9gation.  Ainsi, le mardi 11 octobre 2016,  la famille organise une veill\u00e9e d\u2019hommage au domicile familial de Cocody. Elle sera suivie d\u2019une veill\u00e9e religieuse, le mercredi 12 octobre 2016, \u00e0 la paroisse Saint-Jean de Cocody. La lev\u00e9e de corps est pr\u00e9vue le vendredi 14 octobre 2016 \u00e0 la salle F\u00e9lix Houphou\u00ebt-Boigny d\u2019IVOSEP \u00e0 Treichville suivi du transfert de la d\u00e9pouille mortelle \u00e0 Tiassal\u00e9. Madame Bitty Delphine sera inhum\u00e9e le samedi  22 octobre 2016 \u00e0 Tiassal\u00e9. <\/p>\n<p>Ernest Famin avec Sercom<\/p>\n","protected":false},"excerpt":{"rendered":"<p>La famille du doyen Bitty Moro, c\u00e9l\u00e8bre acteur de la culture ivoirienne est frapp\u00e9e par le deuil suite au d\u00e9c\u00e8s de madame Bitty Delphine Y\u00e9hi n\u00e9e Kassi, le dimanche 18 septembre 2016 \u00e0 Abidjan.<\/p>\n","protected":false},"author":2,"featured_media":576,"comment_status":"closed","ping_status":"closed","sticky":false,"template":"","format":"standard","meta":{"_monsterinsights_skip_tracking":false,"_monsterinsights_sitenote_active":false,"_monsterinsights_sitenote_note":"","_monsterinsights_sitenote_category":0,"footnotes":""},"categories":[1,20],"tags":[],"class_list":["post-575","post","type-post","status-publish","format-standard","has-post-thumbnail","hentry","category-actualites","category-art-et-culture"],"_links":{"self":[{"href":"https:\/\/www.lintelligentdabidjan.info\/news\/wp-json\/wp\/v2\/posts\/575","targetHints":{"allow":["GET"]}}],"collection":[{"href":"https:\/\/www.lintelligentdabidjan.info\/news\/wp-json\/wp\/v2\/posts"}],"about":[{"href":"https:\/\/www.lintelligentdabidjan.info\/news\/wp-json\/wp\/v2\/types\/post"}],"author":[{"embeddable":true,"href":"https:\/\/www.lintelligentdabidjan.info\/news\/wp-json\/wp\/v2\/users\/2"}],"replies":[{"embeddable":true,"href":"https:\/\/www.lintelligentdabidjan.info\/news\/wp-json\/wp\/v2\/comments?post=575"}],"version-history":[{"count":1,"href":"https:\/\/www.lintelligentdabidjan.info\/news\/wp-json\/wp\/v2\/posts\/575\/revisions"}],"predecessor-version":[{"id":577,"href":"https:\/\/www.lintelligentdabidjan.info\/news\/wp-json\/wp\/v2\/posts\/575\/revisions\/577"}],"wp:featuredmedia":[{"embeddable":true,"href":"https:\/\/www.lintelligentdabidjan.info\/news\/wp-json\/wp\/v2\/media\/576"}],"wp:attachment":[{"href":"https:\/\/www.lintelligentdabidjan.info\/news\/wp-json\/wp\/v2\/media?parent=575"}],"wp:term":[{"taxonomy":"category","embeddable":true,"href":"https:\/\/www.lintelligentdabidjan.info\/news\/wp-json\/wp\/v2\/categories?post=575"},{"taxonomy":"post_tag","embeddable":true,"href":"https:\/\/www.lintelligentdabidjan.info\/news\/wp-json\/wp\/v2\/tags?post=575"}],"curies":[{"name":"wp","href":"https:\/\/api.w.org\/{rel}","templated":true}]}}