{"id":584,"date":"2016-10-11T01:44:49","date_gmt":"2016-10-10T23:44:49","guid":{"rendered":"http:\/\/www.lintelligentdabidjan.info\/news\/?p=584"},"modified":"2016-10-11T01:44:49","modified_gmt":"2016-10-10T23:44:49","slug":"entretien-fossou-francois-commissaire-general-du-festival-national-des-arts-et-de-la-culture-en-milieu-scolaire-le-prochain-festival-souvrira-sur-les-15-pays-de-la-cedeao","status":"publish","type":"post","link":"https:\/\/www.lintelligentdabidjan.info\/news\/entretien-fossou-francois-commissaire-general-du-festival-national-des-arts-et-de-la-culture-en-milieu-scolaire-le-prochain-festival-souvrira-sur-les-15-pays-de-la-cedeao\/","title":{"rendered":"Entretien \/ Fossou Fran\u00e7ois : Commissaire g\u00e9n\u00e9ral du Festival National des Arts et de la Culture en Milieu Scolaire : &#8220;Le prochain festival s\u2019ouvrira sur les 15 pays de la Cedeao&#8221;"},"content":{"rendered":"<p> Fossou Fran\u00e7ois parle des Arts et de la culture en milieu scolaire. Professeur certifi\u00e9 des lyc\u00e9es et coll\u00e8ges, l\u2019homme est dot\u00e9 d\u2019une culture des festivals \u00e0 la direction de la vie scolaire. Dans cet entretien, Foussou Fran\u00e7ois dit tout dans les d\u00e9tails.  <!--more--><\/p>\n<p>En tant que commissaire g\u00e9n\u00e9ral du Festival National des Arts et de la Culture en milieu scolaire, \u00eates-vous soumis \u00e0 une obligation de r\u00e9sultats vis-\u00e0-vis du ministre de l\u2019Education nationale ?<br \/>\nJe suis soumis \u00e0 une obligation de r\u00e9sultats. Quand on parle du ministre de l\u2019Education nationale, la question des enfants devient une pr\u00e9occupation de toutes les institutions en C\u00f4te d\u2019Ivoire. C\u2019est pourquoi, neuf autres minist\u00e8res appuient le minist\u00e8re de l\u2019Education nationale.<\/p>\n<p><strong>Que recouvre pour vous, la notion de culture en milieu scolaire ?<\/strong><br \/>\nLa culture est le sens m\u00eame de notre existence. Dans le milieu de la jeunesse, nous nous sommes rendu compte qu\u2019il y avait  de nombreux d\u00e9rapages. La jeunesse perdait ses rep\u00e8res. La culture fait rena\u00eetre des valeurs chez les enfants. Et le Festival National de la Culture que nous dirigeons, leur permet de s\u2019exprimer, de faire valoir leurs talents.<\/p>\n<p><strong>Qu\u2019est-ce qui a chang\u00e9 depuis que vous \u00eates au commissariat g\u00e9n\u00e9ral du Festival national et  de la Culture en milieu scolaire ?<\/strong><br \/>\nBeaucoup de choses ont chang\u00e9. Particuli\u00e8rement l\u2019engouement au niveau de toutes les 36 directions r\u00e9gionales du festival. Notre action s\u2019\u00e9tend aujourd\u2019hui du primaire au secondaire. Et cette ann\u00e9e 2016, nous couvrons l\u2019enseignement technique. Il y a le minist\u00e8re des Eaux et For\u00eats qui nous propose une \u00e9cole de 5 hectares. Avec ce projet nous apprenons aux enfants \u00e0 contribuer au reboisement.<br \/>\ny a-t-il un v\u00e9ritable changement ?<br \/>\nLe minist\u00e8re de l\u2019Economie est entr\u00e9 dans la danse, avec la direction g\u00e9n\u00e9rale des Imp\u00f4ts. Il est important d\u2019inculquer aux enfants la culture aussi, avec la direction \u2018\u2019C\u00f4te d\u2019Ivoire tourisme\u2019\u2019. C\u2019est une v\u00e9ritable coh\u00e9sion sociale que nous enseignons aux enfants. <\/p>\n<p><strong>Les grandes compagnies du th\u00e9\u00e2tre ivoirien s\u2019int\u00e9ressent-elles au Festival National des Arts et Culture en milieu scolaire ?<\/strong><br \/>\nRegardez ces grands noms : Doh Kanon dit Mana Kamp\u00e8s, Yao Bernard dit Agoul\u00e9, Gbizi\u00e9 dit Zoumana. Ceux-l\u00e0 sont des transfuges de l\u2019\u00e9cole de th\u00e9\u00e2tre scolaire. Ils travaillent \u00e0 la direction de la vie scolaire. Il y a aussi Ouattara Yao Joachim, Kouya Gnepa dit Gbi de fer, Paul Wasssaba, Th\u00e9r\u00e8se Gbaz\u00e9. Ils apportent leurs appuis, parfois comme jur\u00e9s. Sans oublier le Cenac, Centre National des Arts et Culture qui apporte son aide. <\/p>\n<p><strong>Quel avantage le ministre de l\u2019Education nationale tire-t-il du Festival National des arts et Culture en milieu scolaire ?<\/strong><br \/>\nEn dehors du volet p\u00e9dagogique, le festival d\u00e9veloppe une formation compl\u00e8te de l\u2019enfant : savoir, savoir-\u00eatre et savoir-faire. Nous sommes tr\u00e8s heureux que neuf minist\u00e8res du gouvernement ivoirien r\u00e9fl\u00e9chissent et agissent avec nous, pour le bonheur des enfants.<\/p>\n<p><strong>A votre avis, que doit \u00eatre une compagnie de th\u00e9\u00e2tre national ?<\/strong><br \/>\nNous attendons d\u2019une  bonne compagnie nationale de th\u00e9\u00e2tre, une formation compl\u00e8te. Surtout, une compagnie pleine d\u2019exemples de valeurs : le langage, les gestes. Une compagnie bien structur\u00e9e et bien g\u00e9r\u00e9e, o\u00f9 les artistes doivent profiter de leurs productions. En quelque sorte, une compagnie nationale de th\u00e9\u00e2tre doit \u00eatre bien g\u00e9r\u00e9e comme les micro-entreprises. <\/p>\n<p><strong>Etes-vous  tr\u00e8s passionn\u00e9 de l\u2019art et de la culture ?<\/strong><br \/>\nTr\u00e8s passionn\u00e9. J\u2019ai \u00e9t\u00e9 assistant et manager du groupe musical Zogan de Fr\u00e9deric Meway. J\u2019ai \u00e9t\u00e9 producteur du groupe zouglou comme esprit de Yop, les Zos. Sans oublier \u2018\u2019St\u00e9phanie Musica\u2019\u2019 d\u2019Accra, un groupe qui fait l\u2019Afro-Music. Et autre formation musicale togolaise, le Jabron, qui faisait de la rumba. <\/p>\n<p><strong>Quel bilan peut-on dresser aujourd\u2019hui de la politique des festivals des arts et de la culture ?<\/strong><br \/>\nNous sommes satisfaits de la mission que nous avons assign\u00e9e aux festivals qui, r\u00e9pondent aujourd\u2019hui aux consignes, qui sont le civisme, et l\u2019expression des talents artistiques et culturels des enfants. Dans quelques mois, nous partons pour la 6\u00e8me \u00e9dition quoi co\u00efncidera avec les Jeux de la Francophonie en C\u00f4te d\u2019Ivoire. <\/p>\n<p><strong>Y a-t-il une particularit\u00e9 pour cette sixi\u00e8me \u00e9dition ? <\/strong><br \/>\nLe sixi\u00e8me Festival National des Arts et de la  Culture s\u2019ouvrira sur les 15 pays de la Cedeao. L\u2019ext\u00e9rieur appr\u00e9ciera, et le monde entier aussi, du travail qui a \u00e9t\u00e9 fait en C\u00f4te d\u2019Ivoire. Les laur\u00e9ats, du festival scolaire ivoirien ont du talent culturel et artistique. Et, ils vont l\u2019exprimer sur des sites \u00e9clat\u00e9s.<br \/>\nBen Isma\u00ebl<\/p>\n","protected":false},"excerpt":{"rendered":"<p>Fossou Fran\u00e7ois parle des Arts et de la culture en milieu scolaire. Professeur certifi\u00e9 des lyc\u00e9es et coll\u00e8ges, l\u2019homme est dot\u00e9 d\u2019une culture des festivals \u00e0 la direction de la vie scolaire. Dans cet entretien, Foussou Fran\u00e7ois dit tout dans les d\u00e9tails.<\/p>\n","protected":false},"author":2,"featured_media":0,"comment_status":"closed","ping_status":"closed","sticky":false,"template":"","format":"standard","meta":{"_monsterinsights_skip_tracking":false,"_monsterinsights_sitenote_active":false,"_monsterinsights_sitenote_note":"","_monsterinsights_sitenote_category":0,"footnotes":""},"categories":[3],"tags":[],"class_list":["post-584","post","type-post","status-publish","format-standard","hentry","category-societe"],"_links":{"self":[{"href":"https:\/\/www.lintelligentdabidjan.info\/news\/wp-json\/wp\/v2\/posts\/584","targetHints":{"allow":["GET"]}}],"collection":[{"href":"https:\/\/www.lintelligentdabidjan.info\/news\/wp-json\/wp\/v2\/posts"}],"about":[{"href":"https:\/\/www.lintelligentdabidjan.info\/news\/wp-json\/wp\/v2\/types\/post"}],"author":[{"embeddable":true,"href":"https:\/\/www.lintelligentdabidjan.info\/news\/wp-json\/wp\/v2\/users\/2"}],"replies":[{"embeddable":true,"href":"https:\/\/www.lintelligentdabidjan.info\/news\/wp-json\/wp\/v2\/comments?post=584"}],"version-history":[{"count":1,"href":"https:\/\/www.lintelligentdabidjan.info\/news\/wp-json\/wp\/v2\/posts\/584\/revisions"}],"predecessor-version":[{"id":585,"href":"https:\/\/www.lintelligentdabidjan.info\/news\/wp-json\/wp\/v2\/posts\/584\/revisions\/585"}],"wp:attachment":[{"href":"https:\/\/www.lintelligentdabidjan.info\/news\/wp-json\/wp\/v2\/media?parent=584"}],"wp:term":[{"taxonomy":"category","embeddable":true,"href":"https:\/\/www.lintelligentdabidjan.info\/news\/wp-json\/wp\/v2\/categories?post=584"},{"taxonomy":"post_tag","embeddable":true,"href":"https:\/\/www.lintelligentdabidjan.info\/news\/wp-json\/wp\/v2\/tags?post=584"}],"curies":[{"name":"wp","href":"https:\/\/api.w.org\/{rel}","templated":true}]}}