{"id":653,"date":"2016-10-14T00:55:17","date_gmt":"2016-10-13T22:55:17","guid":{"rendered":"http:\/\/www.lintelligentdabidjan.info\/news\/?p=653"},"modified":"2016-10-14T00:55:17","modified_gmt":"2016-10-13T22:55:17","slug":"euphrasie-yao-encourage-la-promotion-de-la-femme","status":"publish","type":"post","link":"https:\/\/www.lintelligentdabidjan.info\/news\/euphrasie-yao-encourage-la-promotion-de-la-femme\/","title":{"rendered":"Euphrasie Yao encourage  la promotion de la femme"},"content":{"rendered":"<p>Avant ce spectacle, la marraine Euphrasie Yao Kouassi, ministre de la Promotion de la Femme, de la Famille et de la Protection de l\u2019Enfant, a f\u00e9licit\u00e9 Isabelle Anoh, organisatrice de l\u2019\u00e9v\u00e8nement, pour son esprit d\u2019initiative et son courage pour la promotion et l\u2019autonomisation de la femme.<!--more--><\/p>\n<p> \u00ab En femme battante, elle a su transformer sa passion en un rendez-vous international. Un \u00e9v\u00e8nement annuel qui fait de notre pays une destination de choix (\u2026) J\u2019encourage les femmes \u00e0 saisir les opportunit\u00e9s de leur autonomisation car c\u2019est \u00e0 cette condition que nous parviendrons \u00e0 la parit\u00e9 \u00bb, a-t-elle invit\u00e9. Avant de clore par cette citation de la styliste Anne Clan : \u00ab Les v\u00eatements ne vont pas changer le monde, les femmes qui les portent, oui !!! \u00bb.<br \/>\nAvant elle, la directrice d\u2019Avant-Garde production, Isabelle Anoh a r\u00e9it\u00e9r\u00e9 ses remerciements \u00e0 tous ses partenaires, en particulier la presse. Pour elle, il \u00e9tait question de d\u00e9montrer la force de la g\u00e9n\u00e9ration montante des cr\u00e9ateurs dans l\u2019espace francophone et en C\u00f4te d\u2019Ivoire. \u00ab L\u2019an dernier, nous avons c\u00e9l\u00e9br\u00e9 la 10\u00e8me \u00e9dition de l\u2019\u00e9v\u00e8nement de r\u00e9f\u00e9rence en mati\u00e8re de mode en Afrique de l\u2019Ouest. 10 ans pendant lesquels, nous avons glan\u00e9 des lauriers, relev\u00e9 des d\u00e9fis (\u2026) Nous avons permis \u00e0  certains stylistes africains ou europ\u00e9ens, de fouler pour la 1\u00e8re fois le sol ivoirien (\u2026) Apr\u00e8s tous ces challenges, Afrik Fashion Show va \u00e0 nouveau braquer ses projecteurs sur les cr\u00e9ateurs d\u2019ici et d\u2019ailleurs (\u2026) Cette ann\u00e9e nous vous permettrons de d\u00e9couvrir de jeunes cr\u00e9ateurs talentueux dont nous observions l\u2019\u00e9closion depuis des ann\u00e9es d\u00e9j\u00e0 \u00bb, a-t-elle expliqu\u00e9.<\/p>\n<p>ROK<\/p>\n","protected":false},"excerpt":{"rendered":"<p>Avant ce spectacle, la marraine Euphrasie Yao Kouassi, ministre de la Promotion de la Femme, de la Famille et de la Protection de l\u2019Enfant, a f\u00e9licit\u00e9 Isabelle Anoh, organisatrice de l\u2019\u00e9v\u00e8nement, pour son esprit d\u2019initiative et son courage pour la promotion et l\u2019autonomisation de la femme.<\/p>\n","protected":false},"author":2,"featured_media":654,"comment_status":"closed","ping_status":"closed","sticky":false,"template":"","format":"standard","meta":{"_monsterinsights_skip_tracking":false,"_monsterinsights_sitenote_active":false,"_monsterinsights_sitenote_note":"","_monsterinsights_sitenote_category":0,"footnotes":""},"categories":[17,3],"tags":[],"class_list":["post-653","post","type-post","status-publish","format-standard","has-post-thumbnail","hentry","category-politique","category-societe"],"_links":{"self":[{"href":"https:\/\/www.lintelligentdabidjan.info\/news\/wp-json\/wp\/v2\/posts\/653","targetHints":{"allow":["GET"]}}],"collection":[{"href":"https:\/\/www.lintelligentdabidjan.info\/news\/wp-json\/wp\/v2\/posts"}],"about":[{"href":"https:\/\/www.lintelligentdabidjan.info\/news\/wp-json\/wp\/v2\/types\/post"}],"author":[{"embeddable":true,"href":"https:\/\/www.lintelligentdabidjan.info\/news\/wp-json\/wp\/v2\/users\/2"}],"replies":[{"embeddable":true,"href":"https:\/\/www.lintelligentdabidjan.info\/news\/wp-json\/wp\/v2\/comments?post=653"}],"version-history":[{"count":1,"href":"https:\/\/www.lintelligentdabidjan.info\/news\/wp-json\/wp\/v2\/posts\/653\/revisions"}],"predecessor-version":[{"id":655,"href":"https:\/\/www.lintelligentdabidjan.info\/news\/wp-json\/wp\/v2\/posts\/653\/revisions\/655"}],"wp:featuredmedia":[{"embeddable":true,"href":"https:\/\/www.lintelligentdabidjan.info\/news\/wp-json\/wp\/v2\/media\/654"}],"wp:attachment":[{"href":"https:\/\/www.lintelligentdabidjan.info\/news\/wp-json\/wp\/v2\/media?parent=653"}],"wp:term":[{"taxonomy":"category","embeddable":true,"href":"https:\/\/www.lintelligentdabidjan.info\/news\/wp-json\/wp\/v2\/categories?post=653"},{"taxonomy":"post_tag","embeddable":true,"href":"https:\/\/www.lintelligentdabidjan.info\/news\/wp-json\/wp\/v2\/tags?post=653"}],"curies":[{"name":"wp","href":"https:\/\/api.w.org\/{rel}","templated":true}]}}