{"id":6844,"date":"2017-12-29T11:14:56","date_gmt":"2017-12-29T10:14:56","guid":{"rendered":"http:\/\/www.lintelligentdabidjan.info\/news\/?p=6844"},"modified":"2017-12-29T11:14:56","modified_gmt":"2017-12-29T10:14:56","slug":"toumodi-le-chef-de-village-dakouekouadiokro-intronise","status":"publish","type":"post","link":"https:\/\/www.lintelligentdabidjan.info\/news\/toumodi-le-chef-de-village-dakouekouadiokro-intronise\/","title":{"rendered":"Toumodi : Le  chef de village d\u2019Akou\u00e8kouadiokro intronis\u00e9"},"content":{"rendered":"<p style=\"text-align: justify;\">Le\u00a0 village d\u2019Akou\u00e8kouadiokro situ\u00e9 \u00e0 25 km de Toumodi a v\u00e9cu r\u00e9cemment\u00a0 une atmosph\u00e8re de f\u00eate .\u00a0 Et\u00a0 pour cause, ce jour l\u00e0, il y avait l\u2019intronisation du nouveau chef de village, Nanan Kouassi Koko Bertin \u00e0 la grande place publique du village.<!--more--><\/p>\n<p style=\"text-align: justify;\">Un public tr\u00e8s nombreux avait fait le d\u00e9placement pour assister \u00e0 ce moment m\u00e9morable que personne ne voulait se faire conter. L\u2019on pouvait noter la pr\u00e9sence de plusieurs personnalit\u00e9s administratives et politiques conduites par le sous-pr\u00e9fet central de Toumodi Mme Y\u00e9maffou Ines. Apr\u00e8s les diff\u00e9rentes allocutions, le sous-pr\u00e9fet de Toumodi est pass\u00e9 \u00e0 la lecture de l\u2019Arr\u00eat\u00e9 de nomination qui consacrait d\u00e9sormais officiellement Nanan Kouassi Koko Bertin chef de village d\u2019Akou\u00e8kouadiokro. En outre,\u00a0 le sous-pr\u00e9fet a d\u00e9clar\u00e9 : \u00ab C\u2019est un plaisir pour nous de nous mobiliser pour satisfaire \u00e0 ce devoir. Nanan Kouassi Koko Bertin est officiellement intronis\u00e9. Populations d\u2019Akou\u00e8kouadiokro, soyez unis autour du chef que vous vous \u00eates vous-m\u00eames choisis. Un chef, \u00e7a se respecte \u00bb. \u00bb Puis d\u2019inviter le nouveau chef \u00e0 \u00eatre un vecteur de paix, celui qui rassemble, un mod\u00e8le d\u2019\u00e9quit\u00e9 et de probit\u00e9. Il est bon de signaler que c\u2019est l\u2019ex-ministre Allah Kouadio R\u00e9mi qui a accompagn\u00e9 le nouveau chef vers le lieu de l\u2019intronisation en sa qualit\u00e9 de petit-fils du patriarche Nanan Akou\u00e8kouadio. Le chef intronis\u00e9 est directeur r\u00e9gional du Plan \u00e0 Odienn\u00e9 o\u00f9 il sert\u00a0 depuis plusieurs ann\u00e9es. \u00c0 cette c\u00e9r\u00e9monie, les\u00a0 maires de Cocody et\u00a0 d\u2019Odienn\u00e9 \u00e9taient les invit\u00e9s sp\u00e9ciaux.<\/p>\n<p style=\"text-align: justify;\"><strong>Sosth\u00e8ne \u00e0 Toumodi<\/strong><\/p>\n","protected":false},"excerpt":{"rendered":"<p>Le\u00a0 village d\u2019Akou\u00e8kouadiokro situ\u00e9 \u00e0 25 km de Toumodi a v\u00e9cu r\u00e9cemment\u00a0 une atmosph\u00e8re de f\u00eate .\u00a0 Et\u00a0 pour cause, ce jour l\u00e0, il y avait l\u2019intronisation du nouveau chef de village, Nanan Kouassi Koko Bertin \u00e0 la grande place publique du village.<\/p>\n","protected":false},"author":2,"featured_media":0,"comment_status":"closed","ping_status":"closed","sticky":false,"template":"","format":"standard","meta":{"_monsterinsights_skip_tracking":false,"_monsterinsights_sitenote_active":false,"_monsterinsights_sitenote_note":"","_monsterinsights_sitenote_category":0,"footnotes":""},"categories":[3],"tags":[],"class_list":["post-6844","post","type-post","status-publish","format-standard","hentry","category-societe"],"_links":{"self":[{"href":"https:\/\/www.lintelligentdabidjan.info\/news\/wp-json\/wp\/v2\/posts\/6844","targetHints":{"allow":["GET"]}}],"collection":[{"href":"https:\/\/www.lintelligentdabidjan.info\/news\/wp-json\/wp\/v2\/posts"}],"about":[{"href":"https:\/\/www.lintelligentdabidjan.info\/news\/wp-json\/wp\/v2\/types\/post"}],"author":[{"embeddable":true,"href":"https:\/\/www.lintelligentdabidjan.info\/news\/wp-json\/wp\/v2\/users\/2"}],"replies":[{"embeddable":true,"href":"https:\/\/www.lintelligentdabidjan.info\/news\/wp-json\/wp\/v2\/comments?post=6844"}],"version-history":[{"count":1,"href":"https:\/\/www.lintelligentdabidjan.info\/news\/wp-json\/wp\/v2\/posts\/6844\/revisions"}],"predecessor-version":[{"id":6845,"href":"https:\/\/www.lintelligentdabidjan.info\/news\/wp-json\/wp\/v2\/posts\/6844\/revisions\/6845"}],"wp:attachment":[{"href":"https:\/\/www.lintelligentdabidjan.info\/news\/wp-json\/wp\/v2\/media?parent=6844"}],"wp:term":[{"taxonomy":"category","embeddable":true,"href":"https:\/\/www.lintelligentdabidjan.info\/news\/wp-json\/wp\/v2\/categories?post=6844"},{"taxonomy":"post_tag","embeddable":true,"href":"https:\/\/www.lintelligentdabidjan.info\/news\/wp-json\/wp\/v2\/tags?post=6844"}],"curies":[{"name":"wp","href":"https:\/\/api.w.org\/{rel}","templated":true}]}}