{"id":6921,"date":"2018-01-11T13:05:24","date_gmt":"2018-01-11T12:05:24","guid":{"rendered":"http:\/\/www.lintelligentdabidjan.info\/news\/?p=6921"},"modified":"2018-01-12T11:10:00","modified_gmt":"2018-01-12T10:10:00","slug":"interview-franck-sego-lutte-23-fois-a-la-haye-pour-gbagbo-mais-pas-anti-gbagbo","status":"publish","type":"post","link":"https:\/\/www.lintelligentdabidjan.info\/news\/interview-franck-sego-lutte-23-fois-a-la-haye-pour-gbagbo-mais-pas-anti-gbagbo\/","title":{"rendered":"Interview &#8211; Franck Sego Lutt\u00e9 : \u00ab 23 fois \u00e0 la Haye pour Gbagbo mais pas anti-Ouattara \u00bb"},"content":{"rendered":"<p>Franck Lutt\u00e9 est le pr\u00e9sident du mouvement diaspo pour la r\u00e9conciliation et la paix en C\u00f4te d\u2019Ivoire. On l\u2019appelle \u00a0\u00e9galement le Perroquet international. Dans un extrait de cette interview publi\u00e9e dans l\u2019\u00e9dition de l\u2019IA du jour, il parle de la r\u00e9conciliation, des exil\u00e9s et de Laurent Gbagbo. L\u2019int\u00e9gralit\u00e9 \u00e0 lire dans la version papier. <!--more--><\/p>\n<p><strong>Comment vous d\u00e9finissez-vous\u00a0?<\/strong><\/p>\n<p>Je \u00a0suis un r\u00e9sistant et j\u2019ai parcouru toute l\u2019Europe. J\u2019ai effectu\u00e9 vingt-trois fois le voyage de la\u00a0Haye \u00e0 la CPI avec des amis. Tout \u00a0le monde me conna\u00eet . Que ce soit sur Youtube, partout\u00a0o\u00f9 vous tapez mon nom, tout le monde sait que c\u2019est un homme de Gbagbo. Je suis revenu en C\u00f4te d\u2019Ivoire et pendant un an je suis rest\u00e9 sans bruit. J\u2019ai voyag\u00e9 et \u00e9cout\u00e9 les gens. J\u2019ai compris \u00a0que les Ivoiriens \u00a0aspiraient \u00e0 autre chose. Et pour moi, si nous sommes fatigu\u00e9s, je pense qu\u2019il est temps pour nous qu\u2019on puisse se pardonner. C\u2019est pour cela que nous sommes en C\u00f4te d\u2019Ivoire avec des \u00a0amis de diaspora qui\u00a0\u00a0m\u2019accompagnent dans cette action en C\u00f4te d\u2019Ivoire. La \u00a0diaspora veut apporter sa contribution \u00e0 la r\u00e9conciliation en C\u00f4te d\u2019Ivoire.<\/p>\n<p><strong>Quand vous rentriez en C\u00f4te d\u2019Ivoire, n\u2019aviez-vous pas eu peur en tant que pro-Gbagbo\u00a0?<\/strong><\/p>\n<p>Quand je devais rentrer en C\u00f4te d\u2019Ivoire, beaucoup racontaient que\u00a0 j\u2019 ai \u00e9t\u00e9 achet\u00e9. On disait\u00a0: &#8220;Ouattara lui a donn\u00e9 de l\u2019argent, il mange avec Affi N\u2019guessan, il est avec Hamed Bakayoko&#8221;. J\u2019\u00e9tais avec tout le monde finalement en C\u00f4te d\u2019Ivoire. Dieu merci je n\u2019ai pas \u00e9t\u00e9 inqui\u00e9t\u00e9 parce que je n\u2019ai rien \u00e0 me reprocher. Peut-\u00eatre ceux qui ont des choses \u00e0 se reprocher ou qui craignent pour certaine choses d\u00e9noncent-ils notre d\u00e9marche. Je n\u2019ai n\u00e9goci\u00e9 aucun retour. Je \u00a0suis rentr\u00e9 en tant qu\u2019Ivoirien pour m\u2019enqu\u00e9rir des nouvelles de mon pays, pour vivre la r\u00e9alit\u00e9 de mon pays, et essayer de comprendre de quelle fa\u00e7on , je apporter ma contribution.<\/p>\n<p><strong>Que pouvez-vous dire aux pro-Gbagbo qui se trouvent en exil pour les rassurer\u00a0?<\/strong><\/p>\n<p>Ce que je peux leur dire, c\u2019est d\u00e9j\u00e0 ma pr\u00e9sence en C\u00f4te d\u2019Ivoire qui devrait rassurer certaines personnes. Il y\u2019a toujours des oiseaux de mauvaise augure qui viendront dire que si Franck est \u00e0 Abidjan et qu\u2019il n\u2019est pas en prison, c\u2019est bien parce qu\u2019il a n\u00e9goci\u00e9 quelque chose. Il y\u2019a beaucoup qui auraient bien voulu que je sois arr\u00eat\u00e9 pour qu\u2019ils fassent un petit boucan en disant :\u00a0\u00ab Lib\u00e9rez Francky de Paris.\u00a0 Vous avez vu, Franck est all\u00e9 \u00e0 Abidjan pour faire la r\u00e9conciliation et Ouattara l\u2019a mis en prison\u00a0\u00bb. Malheureusement, ils n\u2019ont pas \u00e9t\u00e9 servis, et je tiens \u00e0 remercier les autorit\u00e9s ivoiriennes de nous laisser quand m\u00eame rentrer chez nous. De plus, sans \u00eatre inqui\u00e9t\u00e9, pour cela je salue l\u2019action du minist\u00e8re de l\u2019Int\u00e9rieur, du minist\u00e8re de la D\u00e9fense.\u00a0 Je \u00a0suis l\u00e0 tranquillement sans \u00eatre inqui\u00e9t\u00e9 parce que je n\u2019inqui\u00e8te personne.<\/p>\n<p><strong>Mais vous parlez de pardon, peut-on pardonner sans justice\u00a0? (\u2026.) Que r\u00e9pondez- vous aux pro-Gbagbo qui disent que c\u2019est la justice des vainqueurs qui r\u00e8gne en C\u00f4te d\u2019Ivoire?(\u2026) Vous parlez de r\u00e9conciliation en tant que \u00a0pro-Gbagbo, alors que Madame Simone Gbagbo est en prison et le pr\u00e9sident Gbagbo est \u00e0 La Haye. Alors quel commentaire faites-vous sur cette remarque \u00a0? (\u2026) Ne pensez-vous pas que vous allez pr\u00eacher dans le d\u00e9sert\u00a0? Au moment o\u00f9 vous parlez de pardon, le commandant Jean-No\u00ebl Ab\u00e9hi est devant la justice\u00a0? Si vous rencontrez le pr\u00e9sident Ouattara, ne craignez-vous pas que des pro-Gbagbo disent que vous \u00eates all\u00e9 \u00e0 la rencontre de celui qui est \u00e0 la base de leurs souffrances ?<\/strong><\/p>\n<p>Rencontrer le\u00a0 pr\u00e9sident Ouattara, c\u2019est une chose l\u00e9gitime pour tout Ivoirien. \u00a0On peut \u00eatre un pro-Gbagbo comme moi, sans \u00eatre anti-Ouattara. Donc, je ne vais pas me focaliser sur les propos de quartiers. Je vais rencontrer le pr\u00e9sident Ouattara, au nom de la C\u00f4te d\u2019Ivoire et de la paix. Et non en tant que Franck qui vient pour\u00a0gribouiller \u00a0quoi que ce soit. Je viens porter une information au pr\u00e9sident de la R\u00e9publique. Il \u00a0n\u2019y a pas de drame \u00e0 cela. Il est le pr\u00e9sident de la C\u00f4te d\u2019Ivoire. Nous ne pouvons poser des actes pareils en C\u00f4te d\u2019 Ivoire sans l\u2019onction du Chef de l\u2019\u00c9tat. Notre ambition, c\u2019est de faire une cause nationale. Et non ma cause et celle de mes amis. Ce n\u2019est pas \u00e7a le but du jeu.<\/p>\n<p>R\u00e9alis\u00e9e M. Ouattara<\/p>\n","protected":false},"excerpt":{"rendered":"<p>Franck Lutt\u00e9 est le pr\u00e9sident du mouvement diaspo pour la r\u00e9conciliation et la paix en C\u00f4te d\u2019Ivoire. On l\u2019appelle \u00a0\u00e9galement le Perroquet international. Dans un extrait de cette interview publi\u00e9e dans l\u2019\u00e9dition de l\u2019IA du jour, il parle de la r\u00e9conciliation, des exil\u00e9s et de Laurent Gbagbo. L\u2019int\u00e9gralit\u00e9 \u00e0 lire dans la version papier.<\/p>\n","protected":false},"author":2,"featured_media":6922,"comment_status":"closed","ping_status":"closed","sticky":false,"template":"","format":"standard","meta":{"_monsterinsights_skip_tracking":false,"_monsterinsights_sitenote_active":false,"_monsterinsights_sitenote_note":"","_monsterinsights_sitenote_category":0,"footnotes":""},"categories":[2,17],"tags":[30,405,67,149,404],"class_list":["post-6921","post","type-post","status-publish","format-standard","has-post-thumbnail","hentry","category-featured","category-politique","tag-affi-nguessan","tag-franck-lutte","tag-hamed-bakayoko","tag-laurent-gbagbo","tag-pro-gbagbo"],"_links":{"self":[{"href":"https:\/\/www.lintelligentdabidjan.info\/news\/wp-json\/wp\/v2\/posts\/6921","targetHints":{"allow":["GET"]}}],"collection":[{"href":"https:\/\/www.lintelligentdabidjan.info\/news\/wp-json\/wp\/v2\/posts"}],"about":[{"href":"https:\/\/www.lintelligentdabidjan.info\/news\/wp-json\/wp\/v2\/types\/post"}],"author":[{"embeddable":true,"href":"https:\/\/www.lintelligentdabidjan.info\/news\/wp-json\/wp\/v2\/users\/2"}],"replies":[{"embeddable":true,"href":"https:\/\/www.lintelligentdabidjan.info\/news\/wp-json\/wp\/v2\/comments?post=6921"}],"version-history":[{"count":2,"href":"https:\/\/www.lintelligentdabidjan.info\/news\/wp-json\/wp\/v2\/posts\/6921\/revisions"}],"predecessor-version":[{"id":6933,"href":"https:\/\/www.lintelligentdabidjan.info\/news\/wp-json\/wp\/v2\/posts\/6921\/revisions\/6933"}],"wp:featuredmedia":[{"embeddable":true,"href":"https:\/\/www.lintelligentdabidjan.info\/news\/wp-json\/wp\/v2\/media\/6922"}],"wp:attachment":[{"href":"https:\/\/www.lintelligentdabidjan.info\/news\/wp-json\/wp\/v2\/media?parent=6921"}],"wp:term":[{"taxonomy":"category","embeddable":true,"href":"https:\/\/www.lintelligentdabidjan.info\/news\/wp-json\/wp\/v2\/categories?post=6921"},{"taxonomy":"post_tag","embeddable":true,"href":"https:\/\/www.lintelligentdabidjan.info\/news\/wp-json\/wp\/v2\/tags?post=6921"}],"curies":[{"name":"wp","href":"https:\/\/api.w.org\/{rel}","templated":true}]}}