{"id":7204,"date":"2018-02-21T13:55:36","date_gmt":"2018-02-21T12:55:36","guid":{"rendered":"http:\/\/www.lintelligentdabidjan.info\/news\/?p=7204"},"modified":"2018-02-21T13:55:36","modified_gmt":"2018-02-21T12:55:36","slug":"cote-divoire-commission-electorale-independante-attention-lheure-est-vraiment-grave","status":"publish","type":"post","link":"https:\/\/www.lintelligentdabidjan.info\/news\/cote-divoire-commission-electorale-independante-attention-lheure-est-vraiment-grave\/","title":{"rendered":"C\u00f4te d\u2019Ivoire &#8211; Commission \u00e9lectorale ind\u00e9pendante : attention, l\u2019heure est vraiment grave"},"content":{"rendered":"<p>Des partis de l\u2019opposition ont donn\u00e9 de la voix contre la Cei depuis que les s\u00e9natoriales, les municipales et les r\u00e9gionales ont \u00e9t\u00e9 annonc\u00e9es pour 2018.\u00a0<!--more--><\/p>\n<div>\n<div>En soutien \u00e0 leurs arguments, ils \u00e9voquent\u00a0\u00a0la crise post\u00e9lectorale survenue pendant qu\u2019il \u00e9tait \u00e0 la t\u00eate de l\u2019Institution, alors\u00a0que la Cei a plusieurs expliqu\u00e9 que la crise post\u00e9lectorale n\u2019est pas\u00a0\u00a0due \u00e0 sa gestion du processus \u00e9lectoral, mais\u00a0plut\u00f4t au refus de l\u2019ex-pr\u00e9sident Gbagbo de reconnaitre le r\u00e9sultats des urnes. \u00a0Ces partis qui semblent avoir essuy\u00e9 un revers au niveau de la demande du d\u00e9part de Youssouf Bakayoko de la t\u00eate de la Cei, se rabattent sur l\u2019id\u00e9e d\u2019une r\u00e9forme de l\u2019institution, comme si les deux choses \u00e9taient diff\u00e9rentes.<\/div>\n<div><\/div>\n<div>Qu\u2019est-ce que ces partis politiques\u00a0\u00a0reprochent aux membres de la Commission centrale actuelle au point de demander une r\u00e9forme de l\u2019Institution\u00a0? Dans ce dossier, nous pr\u00e9sentons\u00a0\u00a0le profil ( et le passerons au peigne fin\u00a0) de\u00a0chaque membre du bureau de l\u2019institution, pour tenter de faire ressortir le caract\u00e8re consensuel, ouvert , diversifi\u00e9 par rapport aux principales tendances politiques, et courants religieux et philosophiques, de notre pays. Si avec cette diversit\u00e9, l\u2019on doit toujours douter de la Cei, alors c\u2019est de la C\u00f4te d\u2019Ivoire qu\u2019il faut d\u00e9sesp\u00e9rer, en disant l\u2019heure est grave !!!!<\/div>\n<div><b><span lang=\"FR-CI\">\u00a0<\/span><\/b><\/div>\n<div><b><span lang=\"FR-CI\">Kon\u00e9 Sourou, le repr\u00e9sentant du Pr\u00e9sident de la R\u00e9publique\u00a0:\u00a0<\/span><\/b><\/div>\n<div><\/div>\n<div>Avant d\u2019\u00eatre nomm\u00e9 comme premier vice-pr\u00e9sident de la Cei, Sourou Kon\u00e9 a \u00e9t\u00e9 maire de Kolia. \u00c0 ce titre, il avait pr\u00e9sid\u00e9 le\u00a0\u00a0comit\u00e9 de pilotage\u00a0du \u00ab\u00a0Projet de D\u00e9veloppement de l&#8217;intercommunalit\u00e9 en C\u00f4te d&#8217;Ivoire\u00a0\u00bb, de l\u2019Union des villes et communes de C\u00f4te d\u2019Ivoire. Il repr\u00e9sente le Pr\u00e9sident de la R\u00e9publique. Le fait qu\u2019il ne soit pas le Pr\u00e9sident de l\u2019institution est un signe d\u2019ouverture de la part du Rdr, qui n\u2019a pas cherch\u00e9 \u00e0 abuser du principe de la majorit\u00e9 m\u00e9canique.<\/div>\n<div><b><span lang=\"FR-CI\">\u00a0<\/span><\/b><\/div>\n<div><b><span lang=\"FR-CI\">L\u2019Imam Diakit\u00e9 Ousmane, repr\u00e9sentant du Conseil sup\u00e9rieur des Imams\u00a0: \u00a0\u00a0<\/span><\/b><\/div>\n<div><\/div>\n<div>L\u2019Imam Diakit\u00e9 Ousmane est le secr\u00e9taire ex\u00e9cutif du Cosim. Il repr\u00e9sente le pr\u00e9sident de ce Conseil le cheick Bouakary Fofana \u00e0 plusieurs activit\u00e9s. Il proc\u00e8de \u00e9galement \u00e0 l\u2019intronisation des imams. C\u2019est le guide religieux qui n\u2019a pas sa langue dans sa\u00a0poche. C\u2019est lui qui a anim\u00e9 une conf\u00e9rence qui avait fait le buzz, parce qu\u2019il avait d\u00e9nonc\u00e9 , devant les plus hautes autorit\u00e9s du pays l\u2019enrichissement illicite et la corruption .\u00a0On ne peut l\u2019avoir applaudi, et croire qu\u2019il va se foutre des aspirations du peuple , au sein de la Cei.<\/div>\n<div><b><span lang=\"FR-CI\">\u00a0<\/span><\/b><\/div>\n<div><b><span lang=\"FR-CI\">L\u2019Abb\u00e9 Boni Boni Martial repr\u00e9sentant\u00a0\u00a0<\/span><\/b><b>de la Conf\u00e9rence des Ev\u00eaques Catholiques de C\u00f4te d\u2019Ivoire.\u00a0<\/b><\/div>\n<div><\/div>\n<div>L\u2019abb\u00e9 Boni Boni Martial a fait des \u00e9tudes de Droit canonique et de Droit civil.\u00a0\u00a0Il est membre de la Commission Justice et paix de la Conf\u00e9rence \u00e9piscopale des \u00e9v\u00eaques catholiques de C\u00f4te d\u2019Ivoire (CECCI). D\u2019ailleurs,\u00a0\u00a0Mgr Alexis Touably, pr\u00e9sident\u00a0\u00a0de cette Conf\u00e9rence \u00e9piscopale avait\u00a0\u00a0donn\u00e9 en 2014 les raisons qui avaient milit\u00e9 au choix de l\u2019Abb\u00e9 Boni Boni \u00e0 la Cei.\u00a0\u00a0\u00abC\u2019est toute la conf\u00e9rence \u00e9piscopale qui l\u2019a d\u00e9sign\u00e9, parce qu\u2019il est le coordinateur de la Commission justice et paix. Au niveau de l\u2019\u00e9glise, nous avons des commissions et chacune d\u2019elle a un domaine d\u2019actions. La Commission justice et paix est charg\u00e9e de tout ce qui concerne la vie politique et en tant que coordinateur de cette commission, nous l\u2019avons d\u00e9sign\u00e9 pour nous repr\u00e9senter \u00e0 la CEI parce que c\u2019est son domaine\u00bb, avait d\u00e9clar\u00e9\u00a0\u00a0l\u2019\u00e9v\u00eaque d\u2019Agboville.\u00a0\u00a0Qui avait ajout\u00e9\u00a0:\u00a0\u00a0\u00abL\u2019\u00e9glise qui n\u2019est pas un parti politique, qui n\u2019a pas d\u2019ambition politique demeure une m\u00e8re. C\u2019est justement quand les enfants ont des difficult\u00e9s \u00e0 s\u2019entendre, que la m\u00e8re doit \u00eatre l\u00e0 pour essayer de les amener \u00e0 s\u2019entendre. Si une maman disait : \u00abMes enfants n\u2019arrivent pas \u00e0 s\u2019entendre donc je m\u2019\u00e9loigne d\u2019eux\u00bb, ce n\u2019est plus une m\u00e8re. C\u2019est quand les enfants n\u2019arrivent pas \u00e0 s\u2019entendre que la pr\u00e9sence de la m\u00e8re est indispensable. Or, l\u2019Eglise est une m\u00e8re, donc est l\u00e0 justement pour aider toutes les tendances \u00e0 faire l\u2019effort de s\u2019entendre pour que la CEI soit l\u2019\u00e9manation des diff\u00e9rentes tendances existantes et qu\u2019ensemble, les enfants de la C\u00f4te d\u2019Ivoire, transcendant leurs chapelles politiques, puissent \u00e9laborer l\u2019avenir de la Nation\u00bb. Dont acte !<\/div>\n<div><b>\u00a0<\/b><\/div>\n<div><b>Auguste Miremont, repr\u00e9sentant de l\u2019Union pour la D\u00e9mocratie et la Paix en C\u00f4te d\u2019Ivoire (UDPCI)\u00a0<\/b><\/div>\n<div><\/div>\n<div>Auguste Miremont a \u00e9t\u00e9 ministre de l\u2019information du premier pr\u00e9sident ivoirien Felix Houphou\u00ebt Boigny. Concernant sa vie professionnelle, il fut le r\u00e9dacteur en chef de Fraternit\u00e9 Matin. Pendant qu\u2019il exer\u00e7ait cette fonction, il avait \u00e9t\u00e9 choisi pour pr\u00e9sider l\u2019Union Mondiale de la Presse Francophone.<\/div>\n<div><b>\u00a0<\/b><\/div>\n<div><b>Gervais Coulibaly, repr\u00e9sentant de la Ligue des Mouvements pour le Progr\u00e8s (LMP).<\/b><\/div>\n<div><\/div>\n<div>Gervais Coulibaly a \u00e9t\u00e9 porte-parole de\u00a0\u00a0la Pr\u00e9sidence sous l\u2019ex-chef de l\u2019\u00c9tat Laurent Gbagbo. Il est pr\u00e9fet hors grade\u00a0\u00a0\u00a0et est lui-m\u00eame le pr\u00e9sident de son parti.<\/div>\n<div><b>\u00a0<\/b><\/div>\n<div><b>Madame\u00a0Yoli Bi Kon\u00e9 Marguerite, repr\u00e9sentante des Organisations Non Gouvernementales non confessionnelles\u00a0;<\/b><\/div>\n<div><\/div>\n<div>Marguerite Yoli Bi Kon\u00e9 a \u00e9t\u00e9\u00a0\u00a0coordonnatrice nationale du R\u00e9seau Ouest-Africain pour l&#8217;\u00e9dification de la paix (Wanep-CI) . Une organisation qui a form\u00e9 des personnes \u00e0 la non-violence et\u00a0\u00a0qui envoie\u00a0\u00a0des observateurs \u00e9lectoraux\u00a0\u00a0dans plusieurs pays de la sous-r\u00e9gion.<\/div>\n<div><\/div>\n<div><b>Amani Ipou F\u00e9licien<\/b>,\u00a0<b>repr\u00e9sentant du Ministre charg\u00e9 de l\u2019Administration du Territoire\u00a0<\/b><\/div>\n<div><\/div>\n<div>Amani Ipou F\u00e9licien, est le directeur g\u00e9n\u00e9ral\u00a0\u00a0de l\u2019administration du territoire.\u00a0\u00a0En plus de cela il est pr\u00e9fet hors grade. Il joue un r\u00f4le d\u2019expert au sein de la Cei.<\/div>\n<div><b>\u00a0<\/b><\/div>\n<div><b>Anaky Jacob, repr\u00e9sentant du Mouvement des Forces d\u2019Avenir (MFA)\u00a0<\/b><\/div>\n<div><\/div>\n<div>Anaky Jacob est juriste\u00a0\u00a0de formation. Son exp\u00e9rience reconnue en mati\u00e8re \u00e9lectorale lui ont permis d\u2019\u00eatre Superviseur successivement des r\u00e9gions du Bafing, du Tonkpi, des Lagunes (Yopougon, Att\u00e9coub\u00e9, Songon). Il a \u00e9t\u00e9 \u00e9galement observateur des processus \u00e9lectoraux pour le compte de la Cei\u00a0\u00a0dans de nombreux pays africains et europ\u00e9ens.<\/div>\n<div><b>\u00a0<\/b><\/div>\n<div><b>Ma\u00eetre\u00a0All\u00e9 Amlan Victoire, repr\u00e9sentante du Barreau et porte-parole de la Cei<\/b><\/div>\n<div><\/div>\n<div>Ma\u00eetre\u00a0All\u00e9 Amlan Victoire est \u00a0Avocat pr\u00e8s la Cour d\u2019Appel d\u2019Abidjan. Elle repr\u00e9sente l\u00e0 barreau ivoirien. Les avocats peuvent -ils \u00eatre dans une mascarade et magouille \u00e9lectorale ? Ou du moins leur repr\u00e9sentante peut-elle cautionner une imposture ?<\/div>\n<div><b><span lang=\"FR-CI\">\u00a0<\/span><\/b><\/div>\n<div><b><span lang=\"FR-CI\">\u00a0<\/span><\/b><\/div>\n<div><b><span lang=\"FR-CI\">Mme Kadiatou Ly Sangar\u00e9, repr\u00e9sentant le ministre de l\u2019\u00e9conomie et finances\u00a0<\/span><\/b><\/div>\n<div><\/div>\n<div>Mme Kadiatou Ly Sangar\u00e9 est agent du tr\u00e9sor. Elle donne un avis sur les questions financi\u00e8res et facilite les relations de la Cei, avec le Tr\u00e9sor charg\u00e9 de mettre le ressources financi\u00e8res \u00e0 la disposition de la Cei.<\/div>\n<div><b>\u00a0<\/b><\/div>\n<div><b>Mme Soro Nougnon Rosalie,\u00a0\u00a0repr\u00e9sentante du Conseil Sup\u00e9rieur de la Magistrature.<\/b><\/div>\n<div><b>\u00a0<\/b><\/div>\n<div><b>Madame\u00a0 Mme Soro Nougnon Rosalie,\u00a0\u00a0\u00a0est magistrat. Elle est le second visage du droit, et de la loi, outre les avocats. \u00a0<\/b>Est-il juste de croire que cette magistrate est en mission pour le compte de Ouattara? Et que si tel est le cas, les associations de magistrats ne sauront pas d\u00e9noncer une telle forfaiture de sa part ?<\/div>\n<div><\/div>\n<div>\u00c0 ces\u00a0\u00a0personnes,\u00a0\u00a0s\u2019ajoutent\u00a0\u00a0Ganin\u00a0N\u2019Goran Bertin\u00a0\u00a0\u00a0repr\u00e9sentant du Rassemblement pour la Paix, le Progr\u00e8s et le partage (RPP)\u00a0\u00a0,\u00a0Diarrassouba Soumaila, repr\u00e9sentant du Rassemblement des R\u00e9publicains (RDR)\u00a0, Dogou\u00a0Alain Dit Goba Maurice, repr\u00e9sentant de l\u2019Alliance des Forces D\u00e9mocratiques de C\u00f4te d\u2019Ivoire (l\u2019Alliance-FPI),\u00a0Dao Bakary, repr\u00e9sentant du pr\u00e9sident de l\u2019Assembl\u00e9e nationale et\u00a0\u00a0directeur de cabinet de Guillaume Soro,\u00a0et Zanon Gogognon Andr\u00e9, repr\u00e9sentant du Rassemblement du Peuple de C\u00f4te d\u2019Ivoire<b>\u00a0.\u00a0<\/b><\/div>\n<div><b>Bien entendu, il y\u2019a le Pr\u00e9sident Youssouf Bakayoko qui repr\u00e9sente le Pdci Rda. Son int\u00e9grit\u00e9 n\u2019avait jamais fait l\u2019objet de contestation jusqu\u2019\u00e0 la crise post \u00e9lectorale. On ne devient pas malhonn\u00eate et ripoux tout d\u2019un coup, \u00e0 son \u00e2ge .\u00a0<\/b><b>Le diplomate dont la probit\u00e9 avait s\u00e9duit toute le classe politique en 2010, est toujours le m\u00eame . Depuis le moment o\u00f9 Laurent Gbagbo l\u2019avait nomm\u00e9 en F\u00e9vrier 2010, jusqu\u2019\u00e0 ce jour , il n\u2019a pas chang\u00e9. Il est le m\u00eame homme : ce n\u2019est pas un manipulateur de r\u00e9sultats sorti des urnes.<\/b><\/div>\n<div>Ce sont ces personnes, ces citoyens sans histoires, ces hommes et femmes qui ne tra\u00eenent pas de casseroles dans leur vie de tous les jours, qui sont r\u00e9cus\u00e9s aujourd\u2019hui par certains partis de l\u2019opposition. Mais qui d\u2019autre en dehors d\u2019un Imam, en dehors\u00a0d\u2019un \u00e9v\u00eaque ou d\u2019un pr\u00e9fet,\u00a0peut travailler dans la transparence et le souci de l\u2019\u00e9quit\u00e9\u00a0? \u00a0Qui d\u2019autre en dehors des avocats et des magistrats peut avoir le souci de la justice et de l\u2019impartialit\u00e9?\u00a0L\u2019opposition peut peut-\u00eatre r\u00e9cuser des repr\u00e9sentants des partis politiques, mais mettre en cause l\u2019int\u00e9grit\u00e9 des hommes de Dieu, n\u2019est pas pousser le bouchon un peu trop loin? Les opposants \u00e0 la commission actuelle\u00a0proposent une Cei qui va comprendre \u00a013 membres, dont 3 de l\u2019opposition, 3 du pouvoir et 7 de la soci\u00e9t\u00e9 civile. De quelle soci\u00e9t\u00e9 civile s\u2019agit-il\u00a0? Quelles sont \u00a0ces organisations de la soci\u00e9t\u00e9 civile qui viendront faire mieux que les hommes de Dieu, que des hommes de loi et de droit comme les magistrats et les avocats\u00a0? Le d\u00e9bat est ouvert . Il n\u2019est pas ferm\u00e9, et la parole sera donn\u00e9e \u00e0 ceux qui souhaitent r\u00e9agir. Mais \u00e0 ce jeu de manque de confiance, de ils sont corrompus, la Cei n\u2019est pas cr\u00e9dible, vouloir disqualifier tous ces cadres et citoyens ivoiriens, ne rend pas service \u00e0 l\u2019opposition, car ceux qui pourraient \u00eatre nomm\u00e9s demain \u00e0 la Cei, n\u2019ont pas encore r\u00e9ussi \u00e0 convaincre, qu\u2019ils sont totalement au dessus de tout soup\u00e7on.<\/div>\n<div><b>\u00a0<\/b><\/div>\n<div><b>Abdoulaye Tour\u00e9 \u00a0\u00a0<\/b><\/div>\n<\/div>\n","protected":false},"excerpt":{"rendered":"<p>Des partis de l\u2019opposition ont donn\u00e9 de la voix contre la Cei depuis que les s\u00e9natoriales, les municipales et les r\u00e9gionales ont \u00e9t\u00e9 annonc\u00e9es pour 2018.\u00a0<\/p>\n","protected":false},"author":2,"featured_media":7205,"comment_status":"closed","ping_status":"closed","sticky":false,"template":"","format":"standard","meta":{"_monsterinsights_skip_tracking":false,"_monsterinsights_sitenote_active":false,"_monsterinsights_sitenote_note":"","_monsterinsights_sitenote_category":0,"footnotes":""},"categories":[2,17],"tags":[439,444,445,440,436,441,438,437,442,277,256,443],"class_list":["post-7204","post","type-post","status-publish","format-standard","has-post-thumbnail","hentry","category-featured","category-politique","tag-abbe-boni-boni-martial","tag-amani-ipou-felicien","tag-anaky-jacob","tag-auguste-miremont","tag-cei","tag-gervais-coulibaly","tag-imam-diakite-ousmane","tag-kone-sourou","tag-lmp","tag-mfa","tag-udpci","tag-yoli-bi-kone-marguerite"],"_links":{"self":[{"href":"https:\/\/www.lintelligentdabidjan.info\/news\/wp-json\/wp\/v2\/posts\/7204","targetHints":{"allow":["GET"]}}],"collection":[{"href":"https:\/\/www.lintelligentdabidjan.info\/news\/wp-json\/wp\/v2\/posts"}],"about":[{"href":"https:\/\/www.lintelligentdabidjan.info\/news\/wp-json\/wp\/v2\/types\/post"}],"author":[{"embeddable":true,"href":"https:\/\/www.lintelligentdabidjan.info\/news\/wp-json\/wp\/v2\/users\/2"}],"replies":[{"embeddable":true,"href":"https:\/\/www.lintelligentdabidjan.info\/news\/wp-json\/wp\/v2\/comments?post=7204"}],"version-history":[{"count":1,"href":"https:\/\/www.lintelligentdabidjan.info\/news\/wp-json\/wp\/v2\/posts\/7204\/revisions"}],"predecessor-version":[{"id":7206,"href":"https:\/\/www.lintelligentdabidjan.info\/news\/wp-json\/wp\/v2\/posts\/7204\/revisions\/7206"}],"wp:featuredmedia":[{"embeddable":true,"href":"https:\/\/www.lintelligentdabidjan.info\/news\/wp-json\/wp\/v2\/media\/7205"}],"wp:attachment":[{"href":"https:\/\/www.lintelligentdabidjan.info\/news\/wp-json\/wp\/v2\/media?parent=7204"}],"wp:term":[{"taxonomy":"category","embeddable":true,"href":"https:\/\/www.lintelligentdabidjan.info\/news\/wp-json\/wp\/v2\/categories?post=7204"},{"taxonomy":"post_tag","embeddable":true,"href":"https:\/\/www.lintelligentdabidjan.info\/news\/wp-json\/wp\/v2\/tags?post=7204"}],"curies":[{"name":"wp","href":"https:\/\/api.w.org\/{rel}","templated":true}]}}