{"id":7207,"date":"2018-02-21T14:41:55","date_gmt":"2018-02-21T13:41:55","guid":{"rendered":"http:\/\/www.lintelligentdabidjan.info\/news\/?p=7207"},"modified":"2018-02-21T14:47:38","modified_gmt":"2018-02-21T13:47:38","slug":"affaire-lheure-est-grave-au-sujet-de-la-cei-ce-quen-pensent-gossio-fpi-dah-sansan-rdr-et-3-autres-partis","status":"publish","type":"post","link":"https:\/\/www.lintelligentdabidjan.info\/news\/affaire-lheure-est-grave-au-sujet-de-la-cei-ce-quen-pensent-gossio-fpi-dah-sansan-rdr-et-3-autres-partis\/","title":{"rendered":"Affaire \u00ab l\u2019heure est grave au sujet de la Cei \u00bb : ce qu\u2019en pensent Gossio ( Fpi), Dah Sansan (Rdr) et 3 autres partis"},"content":{"rendered":"<blockquote>\n<div><b>Dah Sansan (pr\u00e9sident des jeunes &#8211; Rdr ) \u00ab\u00a0On n\u2019a m\u00eame plus le temps pour reformer la Cei\u00a0\u00bb \u00a0<\/b><\/div>\n<\/blockquote>\n<div>\n<p>Je pense qu\u2019il faut voir le bien-fond\u00e9 de la demande des partis de l\u2019opposition et des membres de la soci\u00e9t\u00e9 civile concern\u00e9s. Il faut voir si l\u2019argument tient\u00a0\u00a0au consensus.<!--more--><\/p>\n<p>C\u2019est un argument peu s\u00e9rieux, si leur argument est de dire qu\u2019il y a une d\u00e9cision de la Cour africaine qui le demande. Une d\u00e9cision qui n\u2019est m\u00eame pas d\u00e9taill\u00e9e. On ne sait m\u00eame pas quelle partie de la d\u00e9cision on doit retenir. Je ne sais m\u00eame pas comment ils lisent les d\u00e9cisions. \u00a0Ils aiment parler de d\u00e9s\u00e9quilibre de la Cei qui a fait l\u2019objet de consensus. Je me demande\u00a0\u00a0\u00e0 quoi ils pensaient au moment o\u00f9 on faisait les d\u00e9bats. Je pense qu\u2019il ne sert \u00e0 rien de jouer la politique de la chaise vide, et venir apr\u00e8s faire des d\u00e9bats st\u00e9riles. La Cei r\u00e9sulte du fruit d\u2019un consensus. Je ne le dirai jamais assez. Les r\u00e9flexions ont \u00e9t\u00e9 faites avec des ivoiriens constitu\u00e9s d\u2019intellectuels de haut niveau. Ils \u00e9taient eux-m\u00eames pr\u00e9sents. Alors, \u00e0 quel moment est-ce que le d\u00e9s\u00e9quilibre a \u00e9t\u00e9 fait\u00a0?\u00a0Je crois que, cela invite tout le monde \u00e0 prendre part aux d\u00e9bats \u00e0 l\u2019avenir. On n\u2019a m\u00eame pas le temps de reformer cette Cei. Allons vite aux \u00e9lections pour donner au pays tous les organes qu\u2019il lui faut pour fonctionner.<\/p>\n<\/div>\n<div><b>\u00a0<\/b><\/div>\n<div><b>\u00a0<\/b><\/div>\n<blockquote>\n<div><b>Goz\u00e9 Jean-Marc (SG Upci) \u00ab\u00a0Les hommes de Dieu pr\u00e9sents \u00e0 la Cei sont des garants moraux\u2026\u00a0\u00bb\u00a0<\/b><\/div>\n<\/blockquote>\n<div>Nous ne trouvons pas normal que l\u2019Upci, qui est l\u2019un des partis repr\u00e9sent\u00e9s \u00e0 l\u2019Assembl\u00e9e nationale (avec un d\u00e9put\u00e9. Ndlr) ne si\u00e8ge pas au sein de la Cei. C\u2019est cela notre grief. Voil\u00e0 pourquoi nous sommes pour une r\u00e9forme de l\u2019institution, de sorte \u00e0 y int\u00e9grer tous les acteurs actifs de la vie politique ivoirienne. On ne peut pas comprendre que des formations politiques non repr\u00e9sent\u00e9es \u00e0 l\u2019Assembl\u00e9e et n\u2019ayant particip\u00e9 \u00e0 aucune \u00e9lection, y si\u00e8gent, alors que nous qui avons particip\u00e9 \u00e0 toutes les \u00e9lections, sommes\u00a0\u00a0absents. Que ce soit le Fpi ou tout autre, chacun a ses pr\u00e9occupations. Mais, nous, c\u2019est ce que nous reprochions \u00e0 cette Cei. Pr\u00e9cisons que, m\u00eame si cette Cei n\u2019est pas reform\u00e9e comme nous le demandons, nous irons aux \u00e9lections. Nous sommes pour l\u2019expression du jeu d\u00e9mocratique. Donc, partout o\u00f9 il y aura \u00e9lection, l\u2019Upci sera pr\u00e9sente. Nous ne fixons pas les r\u00e8gles du jeu. N\u00e9anmoins, nous sommes partie prenante. Mais, tous les partis actifs doivent \u00eatre repr\u00e9sent\u00e9s dans cette Cei. Quand on jette un regard sur la liste \u00a0des membres, on y voit effectivement des religieux et des membres de la soci\u00e9t\u00e9 civile. Ce sont des garants moraux. Effectivement, leur pr\u00e9sence au sein de la Cei rassure. Mais, ma pr\u00e9occupation, ce sont les forces politiques qui y figurent. Si je ne me trompe pas, dans cette Cei, vous avez une formation comme le Cap-Udd (Cap Unir pour la D\u00e9mocratie et le D\u00e9veloppement de Gervais Coulibaly. Ndlr). Un parti qui, pour moi, n\u2019est pas un acteur actif. Car, n\u2019ayant particip\u00e9 \u00e0 aucune \u00e9lection, qui n\u2019est pas repr\u00e9sent\u00e9 \u00e0 l\u2019Assembl\u00e9e nationale. Comment peut-on accepter d\u2019y avoir un tel parti et cautionner qu\u2019un parti comme l\u2019Upci y soit absent\u00a0? Voil\u00e0 le sens r\u00e9el de notre envie de r\u00e9forme de la CEI.<\/div>\n<div><b>\u00a0<\/b><\/div>\n<blockquote>\n<div><b>Tchagba Laurent (SG Udpci) <\/b><b>\u00ab\u00a0Cette Cei est le fruit d\u2019un consensus\u00a0\u00bb\u00a0<\/b><\/div>\n<\/blockquote>\n<div>\n<p>C\u2019est sous la pression de l\u2019opposition que la Cei, dans sa forme actuelle, a \u00e9t\u00e9 mise en place en 2014. Quand le Fpi dit aujourd\u2019hui que cette Cei n\u2019est pas \u00e9quilibr\u00e9e, \u00e7a\u00a0\u00a0m\u2019\u00e9tonne. Ce que je peux dire, c\u2019est qu\u2019une opposition est \u00a0toujours importante dans un pays. Car, elle\u00a0\u00a0concourt \u00e0 l\u2019effectivit\u00e9 du jeu d\u00e9mocratique. Mais, je pense que cette opposition doit \u00eatre responsable. Il ne faut pas vouloir quelque chose et en m\u00eame temps son contraire. Ils demandent m\u00eame la d\u00e9mission de Youssouf Bakayoko. Ce sont eux-m\u00eames qui ont mis la pression pour qu\u2019on ait cette Cei-l\u00e0. On ne g\u00e8re pas un pays avec les humeurs des gens. Les textes disent que le mandat de la Cei est de 6 ans. Il faut la laisser aller au bout. C\u2019est nous tous qui avons mis en place les textes de fa\u00e7on consensuelle. Je ne sais pas ce qu\u2019ils veulent encore en parlant d\u2019une nouvelle Cei consensuelle. Il faut que les gens apprennent \u00e0 respecter ce qu\u2019ils ont eux-m\u00eames contribu\u00e9 \u00e0 mettre en place. Accepter une chose aujourd\u2019hui, et la rejeter demain quand vous estimez qu\u2019elle ne vous arrange plus, ce n\u2019est pas responsable. Cette Cei est le fruit d\u2019un consensus, il faut la respecter et la laisser travailler. En tout cas, l\u2019Udpci est attach\u00e9e au respect du jeu d\u00e9mocratique. C\u2019est-\u00e0-dire que, l\u2019opposition a le droit de donner sa position sur les sujets sensibles. Elle a droit \u00e0 la parole. Mais, il ne faut pas faire de l\u2019opposition pour la faire. Il faut la faire dans le respect des textes que nous nous sommes nous-m\u00eame donn\u00e9s. Les personnes qui composent le bureau central de cette Cei ont \u00e9t\u00e9 choisies\u00a0\u00a0de fa\u00e7on consensuelle. En dehors des partis politiques que nous sommes, les hommes de Dieu, et la soci\u00e9t\u00e9 civile y sont aussi repr\u00e9sent\u00e9s. Je pense qu\u2019il n\u2019y a aucune raison de s\u2019alarmer. Il faut la laisser \u00a0terminer son mandat de 6 ans, et on verra quelle suite donner. M\u00eame nous qui sommes des partis, on pourrait dire au pouvoir que nous\u00a0avons envie de changer certains de nos repr\u00e9sentants \u00e0 la Cei. Mais, nous attendons la fin\u00a0 du mandat pour le faire. Il faut que tout le monde s\u2019inscrive dans cette logique.<\/p>\n<div id=\"yiv6096442889\">\n<div>\n<div id=\"yiv6096442889yqtfd77032\" class=\"yiv6096442889yqt0856030146\">\n<p>&nbsp;<\/p>\n<blockquote><p><b>Marcel Gossio (Vice-Pr\u00e9sident Fpi) \u00ab Cette Cei ne nous rassure pas \u00bb<\/b><\/p><\/blockquote>\n<\/div>\n<\/div>\n<\/div>\n<div id=\"yiv6096442889\">\n<div>\n<div id=\"yiv6096442889yqtfd77032\" class=\"yiv6096442889yqt0856030146\">\n<p>Nous, la composition actuelle de la Cei ne nous rassure pas. Vous citez des hommes de Dieu et des structures de la soci\u00e9t\u00e9 civile. Ecoutez, m\u00eame la commission des droits l\u2019homme et des peuples de l\u2019Union Africaine dit que cette Cei n\u2019est pas conforme aux normes internationales. On ne peut pas aller \u00e0 un match o\u00f9 la majorit\u00e9 des arbitres sont pour l\u2019adversaire. C\u2019est d\u00e9s\u00e9quilibr\u00e9. Avec cette Cei, c\u2019est comme si on confiait l\u2019organisation des \u00e9lections \u00e0 l\u2019administration comme c\u2019\u00e9tait par le pass\u00e9. Je ne comprends pas. Quand on est s\u00fbr des choses, il faut accepter de r\u00e9\u00e9quilibrer comme le demande la soci\u00e9t\u00e9 civile. Pourquoi ne pas confier cela \u00e0 la soci\u00e9t\u00e9 civile qui n\u2019a pas de candidat\u00a0et aller comp\u00e9tir sur le terrain\u00a0? C\u2019est aussi simple que cela. Les choses sont tr\u00e8s d\u00e9s\u00e9quilibr\u00e9e telles quelle sont et le d\u00e9coupage mal fait. On nous parle d\u2019Alain Dogou. Mais, seul, que peut-il face \u00e0 ce qui existe\u00a0? C\u2019est pourquoi nous parlons de d\u00e9s\u00e9quilibre. Alain Dogou peut \u00eatre seul parmi 1000 personnes, et dire qu\u2019on est repr\u00e9sent\u00e9. Mais, sa repr\u00e9sentativit\u00e9 n\u2019est pas importante. Je me demande toujours ce que \u00e7a coute de r\u00e9\u00e9quilibrer la Cei. C\u2019est comme un \u00e9l\u00e8ve qui va composer \u00e0 un examen. On lui demande de se\u00a0\u00a0d\u00e9barrasser de tous ses effets scolaires pour ne garder que sa feuille, et il refuse. Je n\u2019arrive pas \u00e0 comprendre. Tout ceci donne l\u2019impression \u00e0 ceux qui nous regardent que les choses se font chez nous de fa\u00e7on banani\u00e8re. Cela me g\u00eane \u00e9norm\u00e9ment quand des amis diplomates me posent certaines questions. Ce sont des choses simples \u00e0 comprendre. Je pense qu\u2019ils doivent faire l\u2019effort de faire la r\u00e9forme. \u00c7a ne coute rien. On prend la soci\u00e9t\u00e9 civile qui est neutre. Tout le monde est repr\u00e9sent\u00e9 \u00e0 un niveau \u00e9quilibr\u00e9, et on va aux \u00e9lections. Ils ont plus de moyens que nous qui sommes dans l\u2019opposition. Je ne sais pas de quoi ils ont peur . Ce que nous demandons aujourd\u2019hui c\u2019est pour la post\u00e9rit\u00e9. Je souhaite qu\u2019ils acceptent la r\u00e9forme pour le bien de tous. C\u2019est important pour toute la C\u00f4te d\u2019Ivoire. Si vous me demandez si cela conditionne notre participation aux \u00e9lections, je ne saurais vous r\u00e9pondre.<\/p>\n<\/div>\n<\/div>\n<\/div>\n<div>\n<div>\n<div>\n<blockquote><p><b>Sinan Bakary (Charg\u00e9 des questions \u00e9lectorales Mfa) \u00ab\u00a0La Cei fait pleinement son travail\u00a0\u00bb<\/b><\/p><\/blockquote>\n<\/div>\n<\/div>\n<\/div>\n<div>\n<div>\n<div>\n<p>Il est bon que la communaut\u00e9 nationale et internationale sache que la commission centrale de la Cei, nomm\u00e9e par d\u00e9cret, a une dur\u00e9e de vie de 6 ans. Avant de parler de r\u00e9forme, il faut chercher \u00e0 voir si le mandat de cette commission, dont chaque membre a pr\u00eat\u00e9 serment, coure toujours. Si oui, il faut la laisser poursuivre sa mission. C\u2019est apr\u00e8s la mission qu\u2019il faudra voir s\u2019il doit avoir reforme ou pas. Comme toute r\u00e9forme doit apporter une am\u00e9lioration du fonctionnement de la structure, toute proposition, en ce moment-l\u00e0, doit contribuer \u00e0 am\u00e9liorer. Dans ce cas pr\u00e9cis, il s\u2019agit d\u2019une structure charg\u00e9e d\u2019organiser des \u00e9lections, et veiller \u00e0 ce qu\u2019elles soient inclusives et transparentes. C\u2019est \u00e0 la fin de leur mandat qu\u2019on devra parler de tout \u00e7a. Pas maintenant. Nous sommes dans un \u00c9tat de droit. \u00a0Le minimum, c\u2019est que chacun de nous se doit, c\u2019est d\u2019avoir confiance aux institutions que nous mettons en place. La Cei est une institution mise et au profit des partis politiques essentiellement. Sa mission premi\u00e8re \u00e9tant\u00a0\u00a0d\u2019organiser et de rendre transparente le processus \u00e9lectoral. Quand on d\u00e9signe quelqu\u2019un \u00e0 l\u2019int\u00e9rieur, c\u2019est parce qu\u2019on lui fait confiance. C\u2019est une \u00e9quipe. Et elle a une mission. Tant que sa mission n\u2019a pas chang\u00e9, je ne vois pas pourquoi on pourrait en douter. On a voulu un syst\u00e8me aussi ouvert que possible. C\u2019est pourquoi toutes les couches socio-professionnelles sont repr\u00e9sent\u00e9es. L\u2019\u00e9lection \u00e9tant le moyen par lequel les partis politiques conqui\u00e8rent le pouvoir, ils y sont repr\u00e9sent\u00e9s selon leur repr\u00e9sentativit\u00e9 nationale. \u00a0Une chose est qu\u2019on revendique. Mais, sachons que ceux qu\u2019on a d\u00e9sign\u00e9s de fa\u00e7on consensuelle ont pr\u00eat\u00e9 serment. Si chacun d\u2019eux doit aller d\u00e9fendre sa position, on n\u2019aura pas de coh\u00e9sion. \u00a0Le meilleur sch\u00e9ma, c\u2019est de faire des propositions pour qu\u2019\u00e0 la fin du mandat de l\u2019\u00e9quipe qui est l\u00e0, le syst\u00e8me soit am\u00e9lior\u00e9, si on trouve qu\u2019il y a d\u00e9faillance. \u00a0Mais, je pense que la Cei fait pleinement son travail. S\u2019il doit avoir des critiques, je les pr\u00e9f\u00e8re constructives. Si on demande un renforcement, chacun doit apporter ses arguments. Mais, des arguments titres constructifs. M\u00eame si l\u2019on se r\u00e9f\u00e8re aux critiques de la cour africaine, il faut qu\u2019on sache ce qu\u2019on peut prendre en compte ou pas. En tout cas, chez nous au Mfa, nous pensons qu\u2019il faut travailler de sorte \u00e0 organiser les \u00e9lections de fa\u00e7on tr\u00e8s sereine.<\/p>\n<\/div>\n<\/div>\n<\/div>\n<div id=\"yiv6096442889\">\n<div>\n<div id=\"yiv6096442889yqtfd77032\" class=\"yiv6096442889yqt0856030146\">\n<p><em><b>Recueillis J.H koffo\u00a0<\/b><\/em><\/p>\n<\/div>\n<\/div>\n<\/div>\n<\/div>\n","protected":false},"excerpt":{"rendered":"<p>Dah Sansan (pr\u00e9sident des jeunes &#8211; Rdr ) \u00ab\u00a0On n\u2019a m\u00eame plus le temps pour reformer la Cei\u00a0\u00bb \u00a0 Je pense qu\u2019il faut voir le bien-fond\u00e9 de la demande des partis de l\u2019opposition et des membres de la soci\u00e9t\u00e9 civile concern\u00e9s. Il faut voir si l\u2019argument tient\u00a0\u00a0au consensus.<\/p>\n","protected":false},"author":2,"featured_media":7208,"comment_status":"closed","ping_status":"closed","sticky":false,"template":"","format":"standard","meta":{"_monsterinsights_skip_tracking":false,"_monsterinsights_sitenote_active":false,"_monsterinsights_sitenote_note":"","_monsterinsights_sitenote_category":0,"footnotes":""},"categories":[2,17],"tags":[],"class_list":["post-7207","post","type-post","status-publish","format-standard","has-post-thumbnail","hentry","category-featured","category-politique"],"_links":{"self":[{"href":"https:\/\/www.lintelligentdabidjan.info\/news\/wp-json\/wp\/v2\/posts\/7207","targetHints":{"allow":["GET"]}}],"collection":[{"href":"https:\/\/www.lintelligentdabidjan.info\/news\/wp-json\/wp\/v2\/posts"}],"about":[{"href":"https:\/\/www.lintelligentdabidjan.info\/news\/wp-json\/wp\/v2\/types\/post"}],"author":[{"embeddable":true,"href":"https:\/\/www.lintelligentdabidjan.info\/news\/wp-json\/wp\/v2\/users\/2"}],"replies":[{"embeddable":true,"href":"https:\/\/www.lintelligentdabidjan.info\/news\/wp-json\/wp\/v2\/comments?post=7207"}],"version-history":[{"count":3,"href":"https:\/\/www.lintelligentdabidjan.info\/news\/wp-json\/wp\/v2\/posts\/7207\/revisions"}],"predecessor-version":[{"id":7211,"href":"https:\/\/www.lintelligentdabidjan.info\/news\/wp-json\/wp\/v2\/posts\/7207\/revisions\/7211"}],"wp:featuredmedia":[{"embeddable":true,"href":"https:\/\/www.lintelligentdabidjan.info\/news\/wp-json\/wp\/v2\/media\/7208"}],"wp:attachment":[{"href":"https:\/\/www.lintelligentdabidjan.info\/news\/wp-json\/wp\/v2\/media?parent=7207"}],"wp:term":[{"taxonomy":"category","embeddable":true,"href":"https:\/\/www.lintelligentdabidjan.info\/news\/wp-json\/wp\/v2\/categories?post=7207"},{"taxonomy":"post_tag","embeddable":true,"href":"https:\/\/www.lintelligentdabidjan.info\/news\/wp-json\/wp\/v2\/tags?post=7207"}],"curies":[{"name":"wp","href":"https:\/\/api.w.org\/{rel}","templated":true}]}}