{"id":7279,"date":"2018-02-27T14:52:55","date_gmt":"2018-02-27T13:52:55","guid":{"rendered":"http:\/\/www.lintelligentdabidjan.info\/news\/?p=7279"},"modified":"2018-02-27T15:41:48","modified_gmt":"2018-02-27T14:41:48","slug":"alafe-wakili-aux-cadres-du-rdr-nayez-pas-peur-des-debats-contradictoires-en-direct-sur-la-television-nationale","status":"publish","type":"post","link":"https:\/\/www.lintelligentdabidjan.info\/news\/alafe-wakili-aux-cadres-du-rdr-nayez-pas-peur-des-debats-contradictoires-en-direct-sur-la-television-nationale\/","title":{"rendered":"Alaf\u00e9 Wakili aux cadres du Rdr : \u00ab N&#8217;ayez pas peur des d\u00e9bats contradictoires en direct sur la t\u00e9l\u00e9vision nationale \u00bb"},"content":{"rendered":"<div style=\"text-align: justify;\"><b><span id=\"ydp62cde2f1yiv4788403493yMail_cursorElementTracker_1519520771238\">Alaf\u00e9 Wakili, le Directeur g\u00e9n\u00e9ral du quotidien &#8220;l&#8217;Intelligent d&#8217;Abidjan&#8221; et du site internet \u00a0&#8220;Afrikipresse&#8221; \u00e9tait, avec Jean Philippe Kabor\u00e9 au nombre des experts invit\u00e9s au S\u00e9minaire du Rdr, sur la strat\u00e9gie de communication.\u00a0<\/span><\/b><\/div>\n<p><!--more--><\/p>\n<div style=\"text-align: justify;\"><b><br \/>\n<\/b><\/div>\n<div style=\"text-align: justify;\"><b><span id=\"ydp62cde2f1yiv4788403493yMail_cursorElementTracker_1519520792696\">Apr\u00e8s avoir fait le diagnostic et fait un tour des d\u00e9fis auxquels est confront\u00e9 le parti pr\u00e9sidentiel, Alaf\u00e9 Wakili a invit\u00e9 les cadres du parti \u00e0 aller au contact de ses militants et ne pas avoir peur des d\u00e9bats, d&#8217;o\u00f9 qu&#8217;ils viennent.\u00a0<\/span><\/b>(&#8230;) Je voudrais commencer par mon diagnostic en donnant des cas pr\u00e9cis. Les circonstances ont fait que j&#8217;ai \u00e9t\u00e9 amen\u00e9 \u00e0 suivre le d\u00e9but de l&#8217;\u00e9v\u00e8nement sur internet, notamment sur le direct Facebook.\u00a0\u00a0Je vois qu&#8217;il y&#8217;a environ 2000 personnes dans la salle et la page Rdr a 30\u00a0000 fans . Mais, le taux maximum de personnes qui ont suivi l&#8217;\u00e9v\u00e8nement sur le direct, pendant que je suivais, \u00e9tait moins de 50. Ce n&#8217;est pas normal. En ce moment, je dirai qu&#8217;on ne se poursuit pas. Comme \u00e9l\u00e9ments du diagnostic, je vais lire ici quelques commentaires que j&#8217;ai pu voir au moment o\u00f9 je suivais le direct. J&#8217;ai lu quelqu&#8217;un qui se plaignait en disant \u00ab\u00a0Je regrette d&#8217;avoir vot\u00e9 Ouattara en 2010 et en 2015. Un parti qui met ses militants \u00e0 la rue. Un vrai faux parti. Un parti de merde\u00bb. Un autre internaute qui dit sur la m\u00eame page du Rdr\u00a0: \u00ab\u00a0vraiment des VI (Vendeurs d&#8217;illusions. Ndlr)\u00bb et encore un autre\u00a0\u00a0\u00ab\u00a0le Rdr a oubli\u00e9 ses militants de premi\u00e8re heure. C&#8217;est vrai, ils ne savent pas parler aux militants\u00a0\u00bb. \u00c7a, c&#8217;est un diagnostic direct.\u00a0\u00a0Il y&#8217;a un autre qui r\u00e9pond en disant \u00ab\u00a0le Rdr n&#8217;a oubli\u00e9 personne. Arr\u00eatez. Qu&#8217;est-ce que tu as fait pour qu&#8217;on se rappelle de toi\u00a0?\u00a0Arr\u00eatez de jouer les victimes\u00a0\u00bb. Un autre internaute r\u00e9pond en disant \u00ab\u00a0C&#8217;est vrai, tu as raison. Ils ont tout r\u00e9alis\u00e9. Ils ont aussi r\u00e9alis\u00e9 les choses dans le domaine des &#8220;Microbes&#8221; qui tuent les gens. Jamais la Rti n&#8217;a parl\u00e9 de \u00e7a\u00a0\u00bb. Tout ceci donne une id\u00e9e de l&#8217;\u00e9tat d&#8217;esprit. Avant cela, il a un autre qui avait \u00e9crit un commentaire hier \u00a0(vendredi ) que j&#8217;ai retenu. Il a dit\u00a0: \u00ab\u00eatre Rdr est devenu trop difficile &#8220;Tchai &#8220;. Tu ne sais m\u00eame plus comment d\u00e9fendre le Prado (Pr\u00e9sident Alassane Ouattara. Ndlr). &#8220;Aihaa&#8221;\u00a0\u00bb. Un autre qui dit\u00a0: \u00abJe quitte officiellement le Rdr cet apr\u00e8s-midi.\u00a0\u00a0Veillez me conseiller un autre parti qui pr\u00f4ne justice honn\u00eatet\u00e9, paix et amour \u00bb. Tout ceci montre qu&#8217;il y a un probl\u00e8me. Ce sont des militants qui disent cela. Qu&#8217;est-ce que l&#8217;on doit faire pour changer cela\u00a0? Nous sommes l\u00e0 pour trouver ensemble les r\u00e9ponses. \u00bb. \u00a0S&#8217;agissant des perspectives, il a dit : \u00ab Je sugg\u00e8re la mise en place d&#8217;un comit\u00e9 d&#8217;experts au niveau du Secr\u00e9tariat \u00e0 la communication pour pouvoir adresser tous les sujets. Il y&#8217;a un consensus au niveau de la t\u00e9l\u00e9vision nationale pour les d\u00e9bats. Je pense qu&#8217;il faut aussi mettre en place une plateforme num\u00e9rique, tout de suite, qui va d\u00e9boucher sur une application. Il n&#8217;y a pas beaucoup de partis qui ont des applications sur les portables. Je pense que le Rdr peut faire partie des pionniers et rendre disponibles les informations essentielles pour les militants. Ceux-ci peuvent voir, via cette application, s&#8217;ils sont recens\u00e9s . Au-del\u00e0 de \u00e7a, il doit yavoir la possibilit\u00e9 d&#8217;avoir des \u00e9l\u00e9ments de langage de fa\u00e7on rapide. Le ministre (Kon\u00e9 Bruno) a parl\u00e9 tout \u00e0 l&#8217;heure d&#8217;un article sur un site d&#8217;information de la place (Un article qui a suscit\u00e9 des commentaires s\u00e9v\u00e8res contre le ministre et contre le Rdr). J&#8217;estime que ce n&#8217;est pas normal. Il doit y avoir une sorte de task force (force op\u00e9rationnelle) qui, dans la minute ou dans l&#8217;heure qui suit, doit avoir des \u00e9l\u00e9ments de langage et donner des r\u00e9ponses, sans insulter sans faire de la pol\u00e9mique, ou faire des palabres inutiles. Tout comme pour les personnes que j&#8217;ai cit\u00e9es tout \u00e0 l&#8217;heure, il doit y avoir une sorte de cellule, une sorte de capacit\u00e9 op\u00e9rationnelle qui permet de les identifier. Le Ministre Bruno a dit tout \u00e0 l&#8217;heure que c&#8217;\u00e9tait les gens de l&#8217;opposition, et la salle a dit non. Mais il a dit ensuite que c&#8217;\u00e9tait contre le Rdr, et que cela favorise l&#8217;opposition. Tout le monde est d&#8217;accord sur ce point. Mais, si ce sont des militants du Rdr, il faut les identifier et les approcher pour leur demander ce que le Pr\u00e9sident Ouattara a fait de si mal. Le militant m\u00e9content qu&#8217;on approche, on lui pr\u00e9sente le bilan du Rdr, et on discute avec lui. On \u00e9change avec lui. On l&#8217;invite \u00e0 la rue Lepic et on va voir o\u00f9 il habite, pour faire un bilan personnel avec lui. Voir ce qu&#8217;il \u00e9tait avant Ouattara et ce qu&#8217;il est devenu aujourd&#8217;hui.\u00a0\u00a0Voir s&#8217;il a vraiment tout perdu aujourd&#8217;hui. Comme l&#8217;a dit le vice-pr\u00e9sident Adama Bictogo, il faut rencontrer les militants un \u00e0 un.\u00a0\u00a0Il faut parler avec les militants, en dehors du Congr\u00e8s, dans la vie de tous les jours. \u00c9changer avec eux par Sms. Il faut trouver des moyens pour \u00e9couter leurs attentes. Parce que, pour certaines personnes, on n&#8217;a pas besoin des 60 milliards F CFA de la communication pour r\u00e9gler leurs probl\u00e8mes. C&#8217;est peut-\u00eatre une petite chose. C&#8217;est peut-\u00eatre une petite attention. C&#8217;est peut-\u00eatre un examen qu&#8217;il se dit qu&#8217;il aurait d\u00fb avoir, parce que le Rdr est au pouvoir, mais qu&#8217;il n&#8217;a pas eu. Voir s&#8217;il a raison de penser ainsi. Si non, qu&#8217;est-ce qu&#8217;on peut faire ensuite pour lui\u00a0? Voici des pistes de solutions. Il ne faut pas laisser les gens parler sans r\u00e9agir. Si ce sont des militants du Rdr, il faut les \u00e9couter. Si ce sont des gens de l&#8217;opposition, il faut sortir des arguments pour leur dire qu&#8217;ils se trompent. Et puis, n&#8217;ayez pas peur des d\u00e9bats contradictoires en direct sur la t\u00e9l\u00e9vision nationale. \u00c7a ne sert \u00e0 rien de laisser la Rti et aller faire des d\u00e9bats sur les chaines internationales. Cela ne sert strictement \u00e0 rien\u00bb.<\/div>\n<div style=\"text-align: justify;\"><b><br \/>\n<\/b><\/div>\n<div style=\"text-align: justify;\"><b>J-H Koffo<\/b><\/div>\n","protected":false},"excerpt":{"rendered":"<p>Alaf\u00e9 Wakili, le Directeur g\u00e9n\u00e9ral du quotidien &#8220;l&#8217;Intelligent d&#8217;Abidjan&#8221; et du site internet \u00a0&#8220;Afrikipresse&#8221; \u00e9tait, avec Jean Philippe Kabor\u00e9 au nombre des experts invit\u00e9s au S\u00e9minaire du Rdr, sur la strat\u00e9gie de communication.\u00a0<\/p>\n","protected":false},"author":2,"featured_media":7280,"comment_status":"closed","ping_status":"closed","sticky":false,"template":"","format":"standard","meta":{"_monsterinsights_skip_tracking":false,"_monsterinsights_sitenote_active":false,"_monsterinsights_sitenote_note":"","_monsterinsights_sitenote_category":0,"footnotes":""},"categories":[2,17],"tags":[],"class_list":["post-7279","post","type-post","status-publish","format-standard","has-post-thumbnail","hentry","category-featured","category-politique"],"_links":{"self":[{"href":"https:\/\/www.lintelligentdabidjan.info\/news\/wp-json\/wp\/v2\/posts\/7279","targetHints":{"allow":["GET"]}}],"collection":[{"href":"https:\/\/www.lintelligentdabidjan.info\/news\/wp-json\/wp\/v2\/posts"}],"about":[{"href":"https:\/\/www.lintelligentdabidjan.info\/news\/wp-json\/wp\/v2\/types\/post"}],"author":[{"embeddable":true,"href":"https:\/\/www.lintelligentdabidjan.info\/news\/wp-json\/wp\/v2\/users\/2"}],"replies":[{"embeddable":true,"href":"https:\/\/www.lintelligentdabidjan.info\/news\/wp-json\/wp\/v2\/comments?post=7279"}],"version-history":[{"count":1,"href":"https:\/\/www.lintelligentdabidjan.info\/news\/wp-json\/wp\/v2\/posts\/7279\/revisions"}],"predecessor-version":[{"id":7281,"href":"https:\/\/www.lintelligentdabidjan.info\/news\/wp-json\/wp\/v2\/posts\/7279\/revisions\/7281"}],"wp:featuredmedia":[{"embeddable":true,"href":"https:\/\/www.lintelligentdabidjan.info\/news\/wp-json\/wp\/v2\/media\/7280"}],"wp:attachment":[{"href":"https:\/\/www.lintelligentdabidjan.info\/news\/wp-json\/wp\/v2\/media?parent=7279"}],"wp:term":[{"taxonomy":"category","embeddable":true,"href":"https:\/\/www.lintelligentdabidjan.info\/news\/wp-json\/wp\/v2\/categories?post=7279"},{"taxonomy":"post_tag","embeddable":true,"href":"https:\/\/www.lintelligentdabidjan.info\/news\/wp-json\/wp\/v2\/tags?post=7279"}],"curies":[{"name":"wp","href":"https:\/\/api.w.org\/{rel}","templated":true}]}}